{"id":252399,"date":"2025-07-16T22:40:13","date_gmt":"2025-07-16T22:40:13","guid":{"rendered":"https:\/\/www.europesays.com\/fr\/252399\/"},"modified":"2025-07-16T22:40:13","modified_gmt":"2025-07-16T22:40:13","slug":"saint-etienne-des-militaires-attaques-en-ville","status":"publish","type":"post","link":"https:\/\/www.europesays.com\/fr\/252399\/","title":{"rendered":"SAINT-\u00c9TIENNE : DES MILITAIRES ATTAQU\u00c9S EN VILLE"},"content":{"rendered":"<p>                <a href=\"https:\/\/cadenceradio.fr\" target=\"_blank\" aria-label=\"Banni\u00e8re Cadence 2025\" rel=\"nofollow noopener\"><img loading=\"lazy\" decoding=\"async\" src=\"https:\/\/www.europesays.com\/fr\/wp-content\/uploads\/2025\/07\/Banniere-Cadence-2025-scaled.jpg\" alt=\"\"   width=\"2560\" height=\"738\"\/><\/a><\/p>\n<p>Quatre militaires de l\u2019op\u00e9ration Sentinelle ont pay\u00e9 le prix fort de leur civisme, victime d\u2019un conducteur qui n\u2019a visiblement pas dig\u00e9r\u00e9 leurs remarques sur sa conduite. Dans la nuit du 4 au 5 juillet vers 1 heure du matin, quatre soldats de l\u2019op\u00e9ration Sentinelle profitaient de leur temps libre dans les rues de Saint-\u00c9tienne. Ces militaires, qui n\u2019\u00e9taient pas en service, ont observ\u00e9 un automobiliste roulant \u00e0 vive allure \u00e0 l\u2019approche d\u2019un passage pi\u00e9ton.<\/p>\n<p>Par r\u00e9flexe civique, ils ont interpell\u00e9 le conducteur pour lui demander de mod\u00e9rer sa vitesse. Cette intervention de bon sens, qui aurait d\u00fb se limiter \u00e0 un simple rappel \u00e0 l\u2019ordre, a d\u00e9clench\u00e9 une escalade de violence totalement disproportionn\u00e9e.<\/p>\n<p>Loin d\u2019accepter cette remarque de s\u00e9curit\u00e9 routi\u00e8re, l\u2019automobiliste a r\u00e9agi avec une agressivit\u00e9 d\u00e9mesur\u00e9e. L\u2019homme a d\u2019abord prof\u00e9r\u00e9 des insultes envers les quatre militaires avant de sortir un couteau et de s\u2019en servir contre eux.<\/p>\n<p>Cette attaque au couteau a bless\u00e9 les quatre soldats au visage, n\u00e9cessitant leur prise en charge imm\u00e9diate au centre hospitalier de Saint-\u00c9tienne. Heureusement, leurs blessures ont \u00e9t\u00e9 qualifi\u00e9es de l\u00e9g\u00e8res par les services m\u00e9dicaux. Apr\u00e8s son agression, l\u2019agresseur a pris la fuite au volant de son v\u00e9hicule, laissant ses victimes sur le carreau.<\/p>\n<p>Face \u00e0 la gravit\u00e9 des faits, le parquet de Saint-\u00c9tienne a imm\u00e9diatement ouvert une enqu\u00eate pour tentative de meurtre. Cette qualification p\u00e9nale, particuli\u00e8rement lourde, refl\u00e8te la dangerosit\u00e9 de l\u2019attaque au couteau perp\u00e9tr\u00e9e contre les militaires.<\/p>\n<p>La Direction interd\u00e9partementale de la police nationale de la Loire a \u00e9t\u00e9 charg\u00e9e des investigations pour identifier l\u2019auteur et d\u00e9terminer les circonstances pr\u00e9cises de cette agression. Les enqu\u00eateurs ont rapidement pu exploiter un \u00e9l\u00e9ment crucial : la plaque d\u2019immatriculation du v\u00e9hicule utilis\u00e9 par le fugitif.<\/p>\n<p>Un fugitif rattrap\u00e9 \u00e0 Besan\u00e7on<\/p>\n<p>Les investigations polici\u00e8res ont permis d\u2019identifier rapidement le suspect gr\u00e2ce \u00e0 son v\u00e9hicule. Un mandat de recherche a \u00e9t\u00e9 d\u00e9livr\u00e9 par le parquet st\u00e9phanois, conduisant \u00e0 l\u2019interpellation du jeune homme de 21 ans \u00e0 Besan\u00e7on.<\/p>\n<p>Cette arrestation a eu lieu le 9 juillet, soit quatre jours apr\u00e8s les faits. Le suspect a d\u2019abord \u00e9t\u00e9 plac\u00e9 en garde \u00e0 vue dans les locaux du commissariat bisontain avant d\u2019\u00eatre transf\u00e9r\u00e9 \u00e0 Saint-\u00c9tienne pour poursuivre les investigations.<\/p>\n<p>La proc\u00e9dure judiciaire s\u2019est d\u00e9roul\u00e9e avec une rapidit\u00e9 remarquable. D\u00e8s le 11 juillet, soit seulement deux jours apr\u00e8s son interpellation, l\u2019agresseur comparaissait devant le tribunal dans le cadre d\u2019une proc\u00e9dure de comparution imm\u00e9diate.<\/p>\n<p>La justice s\u2019est montr\u00e9e s\u00e9v\u00e8re envers ce jeune homme de 21 ans. Il a \u00e9t\u00e9 condamn\u00e9 \u00e0 trois ann\u00e9es d\u2019emprisonnement, dont six mois assortis d\u2019un sursis probatoire. Cette peine de 36 mois de prison ferme t\u00e9moigne de la gravit\u00e9 avec laquelle les magistrats ont appr\u00e9hend\u00e9 cette agression.<\/p>\n<p>Des mesures d\u2019accompagnement<\/p>\n<p>Outre la peine d\u2019emprisonnement, le tribunal a \u00e9galement impos\u00e9 \u00e0 l\u2019agresseur une obligation de soins. Cette mesure vise \u00e0 traiter les \u00e9ventuels troubles comportementaux \u00e0 l\u2019origine de cette violence extr\u00eame et \u00e0 pr\u00e9venir la r\u00e9cidive.<\/p>\n<p>Anne Gaches, procureure de la R\u00e9publique de Saint-\u00c9tienne, pr\u00e9cise que le condamn\u00e9 n\u2019a pas fait appel de cette d\u00e9cision, acceptant ainsi la sentence prononc\u00e9e.<\/p>\n<p>La rapidit\u00e9 de la proc\u00e9dure judiciaire et la s\u00e9v\u00e9rit\u00e9 de la condamnation envoient un signal fort sur la tol\u00e9rance z\u00e9ro de la justice face aux agressions contre les repr\u00e9sentants des forces arm\u00e9es et de s\u00e9curit\u00e9.<\/p>\n","protected":false},"excerpt":{"rendered":"Quatre militaires de l\u2019op\u00e9ration Sentinelle ont pay\u00e9 le prix fort de leur civisme, victime d\u2019un conducteur qui n\u2019a&hellip;\n","protected":false},"author":2,"featured_media":252400,"comment_status":"","ping_status":"","sticky":false,"template":"","format":"standard","meta":{"footnotes":""},"categories":[9653],"tags":[1111,11,2430,1777,674,118,1011,27,3367,12,25,4001],"class_list":{"0":"post-252399","1":"post","2":"type-post","3":"status-publish","4":"format-standard","5":"has-post-thumbnail","7":"category-saint-etienne","8":"tag-actu","9":"tag-actualites","10":"tag-auvergne-rhone-alpes","11":"tag-eu","12":"tag-europe","13":"tag-faits-divers","14":"tag-fr","15":"tag-france","16":"tag-loire","17":"tag-news","18":"tag-republique-francaise","19":"tag-saint-etienne"},"share_on_mastodon":{"url":"https:\/\/pubeurope.com\/@fr\/114865322551764378","error":""},"_links":{"self":[{"href":"https:\/\/www.europesays.com\/fr\/wp-json\/wp\/v2\/posts\/252399","targetHints":{"allow":["GET"]}}],"collection":[{"href":"https:\/\/www.europesays.com\/fr\/wp-json\/wp\/v2\/posts"}],"about":[{"href":"https:\/\/www.europesays.com\/fr\/wp-json\/wp\/v2\/types\/post"}],"author":[{"embeddable":true,"href":"https:\/\/www.europesays.com\/fr\/wp-json\/wp\/v2\/users\/2"}],"replies":[{"embeddable":true,"href":"https:\/\/www.europesays.com\/fr\/wp-json\/wp\/v2\/comments?post=252399"}],"version-history":[{"count":0,"href":"https:\/\/www.europesays.com\/fr\/wp-json\/wp\/v2\/posts\/252399\/revisions"}],"wp:featuredmedia":[{"embeddable":true,"href":"https:\/\/www.europesays.com\/fr\/wp-json\/wp\/v2\/media\/252400"}],"wp:attachment":[{"href":"https:\/\/www.europesays.com\/fr\/wp-json\/wp\/v2\/media?parent=252399"}],"wp:term":[{"taxonomy":"category","embeddable":true,"href":"https:\/\/www.europesays.com\/fr\/wp-json\/wp\/v2\/categories?post=252399"},{"taxonomy":"post_tag","embeddable":true,"href":"https:\/\/www.europesays.com\/fr\/wp-json\/wp\/v2\/tags?post=252399"}],"curies":[{"name":"wp","href":"https:\/\/api.w.org\/{rel}","templated":true}]}}