{"id":25241,"date":"2025-04-14T21:34:09","date_gmt":"2025-04-14T21:34:09","guid":{"rendered":"https:\/\/www.europesays.com\/fr\/25241\/"},"modified":"2025-04-14T21:34:09","modified_gmt":"2025-04-14T21:34:09","slug":"ladolescent-autiste-crible-de-balles-par-des-policiers-en-idaho-meurt-apres-avoir-ete-debranche","status":"publish","type":"post","link":"https:\/\/www.europesays.com\/fr\/25241\/","title":{"rendered":"L\u2019adolescent autiste cribl\u00e9 de balles par des policiers en Idaho meurt apr\u00e8s avoir \u00e9t\u00e9 d\u00e9branch\u00e9"},"content":{"rendered":"<p><strong>FUSILLADE &#8211; Victor Perez, 17 ans, autiste et non verbal, est mort samedi des suites de tirs de la police. Les agents ont ouvert le feu alors que l\u2019adolescent, arm\u00e9 d\u2019un couteau, se trouvait derri\u00e8re une cl\u00f4ture<\/strong><\/p>\n<p>Victor Perez, un adolescent <a href=\"https:\/\/www.20minutes.fr\/dossier\/autisme\" rel=\"nofollow noopener\" target=\"_blank\" data-ylk=\"slk:autiste;elm:context_link;itc:0;sec:content-canvas\" class=\"link \">autiste<\/a> et non verbal de 17 ans, <a href=\"https:\/\/www.20minutes.fr\/monde\/etats-unis\/4147999-20250410-etats-unis-indignation-apres-tirs-police-adolescent-autiste-portant-couteau\" rel=\"nofollow noopener\" target=\"_blank\" data-ylk=\"slk:gri\u00e8vement bless\u00e9 par balles par la police de Pocatello;elm:context_link;itc:0;sec:content-canvas\" class=\"link \">gri\u00e8vement bless\u00e9 par balles par la police de Pocatello<\/a> (Idaho) le 5\u00a0avril, est d\u00e9c\u00e9d\u00e9 samedi apr\u00e8s avoir \u00e9t\u00e9 d\u00e9branch\u00e9 de l\u2019assistance respiratoire, a annonc\u00e9 sa famille. L\u2019affaire, rapport\u00e9e par <a href=\"https:\/\/edition.cnn.com\/2025\/04\/12\/us\/autistic-teen-idaho-police-shooting-dies\/index.html\" rel=\"nofollow noopener\" target=\"_blank\" data-ylk=\"slk:CNN;elm:context_link;itc:0;sec:content-canvas\" class=\"link \">CNN<\/a>, a d\u00e9clench\u00e9 une vive \u00e9motion aux <a href=\"https:\/\/www.20minutes.fr\/monde\/etats-unis\/\" rel=\"nofollow noopener\" target=\"_blank\" data-ylk=\"slk:Etats-Unis;elm:context_link;itc:0;sec:content-canvas\" class=\"link \">Etats-Unis<\/a>, tout en relan\u00e7ant le d\u00e9bat sur l\u2019usage disproportionn\u00e9 de la force polici\u00e8re envers les personnes en situation de handicap.<\/p>\n<p>Victor Perez, \u00e9galement atteint de paralysie c\u00e9r\u00e9brale, avait \u00e9t\u00e9 hospitalis\u00e9 dans le <a href=\"https:\/\/www.20minutes.fr\/dossier\/coma\" rel=\"nofollow noopener\" target=\"_blank\" data-ylk=\"slk:coma;elm:context_link;itc:0;sec:content-canvas\" class=\"link \">coma<\/a> apr\u00e8s avoir re\u00e7u neuf balles. Il a subi plusieurs op\u00e9rations, dont une amputation de la jambe. Des tests pratiqu\u00e9s vendredi ont confirm\u00e9 l\u2019absence d\u2019activit\u00e9 c\u00e9r\u00e9brale, selon sa tante Ana Vazquez.<\/p>\n<p>Une vid\u00e9o montre l\u2019intervention des agents<\/p>\n<p>Les faits se sont d\u00e9roul\u00e9s dans un quartier r\u00e9sidentiel de Pocatello. Selon la <a href=\"https:\/\/www.20minutes.fr\/dossier\/police\" rel=\"nofollow noopener\" target=\"_blank\" data-ylk=\"slk:police;elm:context_link;itc:0;sec:content-canvas\" class=\"link \">police<\/a>, les agents avaient \u00e9t\u00e9 appel\u00e9s pour une urgence impliquant un homme \u00ab\u00a0apparemment ivre\u00a0\u00bb muni d\u2019un <a href=\"https:\/\/www.20minutes.fr\/dossier\/couteau\" rel=\"nofollow noopener\" target=\"_blank\" data-ylk=\"slk:couteau;elm:context_link;itc:0;sec:content-canvas\" class=\"link \">couteau<\/a>. Mais la famille de Victor Perez explique qu\u2019il n\u2019\u00e9tait pas sous l\u2019emprise de l\u2019alcool et que sa d\u00e9marche chancelante \u00e9tait li\u00e9e \u00e0 ses handicaps. Les proches tentaient alors de lui \u00f4ter un grand couteau de cuisine qu\u2019il tenait.<\/p>\n<p>Une vid\u00e9o capt\u00e9e par un voisin montre l\u2019adolescent allong\u00e9 au sol apr\u00e8s une chute, lorsque quatre policiers arrivent sur place. Ils s\u2019approchent de la cl\u00f4ture s\u00e9parant la rue de la cour. Moins de 12 secondes apr\u00e8s \u00eatre sortis de leurs v\u00e9hicules, les agents ouvrent le feu, sans tentative visible de d\u00e9sescalade, a(&#8230;)<\/p>\n<p><a href=\"https:\/\/www.20minutes.fr\/faits_divers\/4148621-20250414-etats-unis-adolescent-autiste-crible-balles-policiers-idaho-meurt-apres-avoir-debranche&quot;\" rel=\"nofollow noopener\" target=\"_blank\" data-ylk=\"slk:Lire la suite sur 20minutes;elm:context_link;itc:0;sec:content-canvas\" class=\"link \">Lire la suite sur 20minutes<\/a><\/p>\n<p>\u00c0 lire aussi :<br \/><a href=\"https:\/\/www.20minutes.fr\/monde\/etats-unis\/4147999-20250410-etats-unis-indignation-apres-tirs-police-adolescent-autiste-portant-couteau\" rel=\"nofollow noopener\" target=\"_blank\" data-ylk=\"slk:Etats-Unis\u00a0: Indignation apr\u00e8s des tirs de la police sur un adolescent autiste portant un couteau;elm:context_link;itc:0;sec:content-canvas\" class=\"link \">Etats-Unis\u00a0: Indignation apr\u00e8s des tirs de la police sur un adolescent autiste portant un couteau<\/a><br \/><a href=\"https:\/\/www.20minutes.fr\/sante\/4147634-20250409-quoi-violentometre-lutter-contre-violences-faites-autistes\" rel=\"nofollow noopener\" target=\"_blank\" data-ylk=\"slk:C\u2019est quoi ce \u00ab\u00a0violentom\u00e8tre\u00a0\u00bb pour lutter contre les violences faites aux autistes\u00a0?;elm:context_link;itc:0;sec:content-canvas\" class=\"link \">C\u2019est quoi ce \u00ab\u00a0violentom\u00e8tre\u00a0\u00bb pour lutter contre les violences faites aux autistes\u00a0?<\/a><\/p>\n","protected":false},"excerpt":{"rendered":"FUSILLADE &#8211; Victor Perez, 17 ans, autiste et non verbal, est mort samedi des suites de tirs de&hellip;\n","protected":false},"author":2,"featured_media":25242,"comment_status":"","ping_status":"","sticky":false,"template":"","format":"standard","meta":{"footnotes":""},"categories":[1589],"tags":[9080,11,73,1866,9079,12,9081,1864,1865,1863,308,9078],"class_list":{"0":"post-25241","1":"post","2":"type-post","3":"status-publish","4":"format-standard","5":"has-post-thumbnail","7":"category-etats-unis","8":"tag-17-ans","9":"tag-actualites","10":"tag-etats-unis","11":"tag-etats-unis-damerique","12":"tag-ladolescent","13":"tag-news","14":"tag-situation-de-handicap","15":"tag-united-states","16":"tag-united-states-of-america","17":"tag-us","18":"tag-usa","19":"tag-victor-perez"},"share_on_mastodon":{"url":"https:\/\/pubeurope.com\/@fr\/114338467916973279","error":""},"_links":{"self":[{"href":"https:\/\/www.europesays.com\/fr\/wp-json\/wp\/v2\/posts\/25241","targetHints":{"allow":["GET"]}}],"collection":[{"href":"https:\/\/www.europesays.com\/fr\/wp-json\/wp\/v2\/posts"}],"about":[{"href":"https:\/\/www.europesays.com\/fr\/wp-json\/wp\/v2\/types\/post"}],"author":[{"embeddable":true,"href":"https:\/\/www.europesays.com\/fr\/wp-json\/wp\/v2\/users\/2"}],"replies":[{"embeddable":true,"href":"https:\/\/www.europesays.com\/fr\/wp-json\/wp\/v2\/comments?post=25241"}],"version-history":[{"count":0,"href":"https:\/\/www.europesays.com\/fr\/wp-json\/wp\/v2\/posts\/25241\/revisions"}],"wp:featuredmedia":[{"embeddable":true,"href":"https:\/\/www.europesays.com\/fr\/wp-json\/wp\/v2\/media\/25242"}],"wp:attachment":[{"href":"https:\/\/www.europesays.com\/fr\/wp-json\/wp\/v2\/media?parent=25241"}],"wp:term":[{"taxonomy":"category","embeddable":true,"href":"https:\/\/www.europesays.com\/fr\/wp-json\/wp\/v2\/categories?post=25241"},{"taxonomy":"post_tag","embeddable":true,"href":"https:\/\/www.europesays.com\/fr\/wp-json\/wp\/v2\/tags?post=25241"}],"curies":[{"name":"wp","href":"https:\/\/api.w.org\/{rel}","templated":true}]}}