{"id":252419,"date":"2025-07-16T22:53:22","date_gmt":"2025-07-16T22:53:22","guid":{"rendered":"https:\/\/www.europesays.com\/fr\/252419\/"},"modified":"2025-07-16T22:53:22","modified_gmt":"2025-07-16T22:53:22","slug":"nous-sommes-etrangles-financierement-le-relais-suspend-ses-collectes-de-textiles-en","status":"publish","type":"post","link":"https:\/\/www.europesays.com\/fr\/252419\/","title":{"rendered":"\u00ab\u00a0Nous sommes \u00e9trangl\u00e9s financi\u00e8rement\u00a0\u00bb\u00a0: Le Relais suspend ses collectes de textiles en"},"content":{"rendered":"<p>Les bornes Le Relais sont bien connues du grand public. Ces\u00a0conteneurs blancs post\u00e9s le long des routes, dans les villes et les villages, permettent \u00e0 l\u2019entreprise d\u2019insertion de collecter\u00a0v\u00eatements, linges de maison et chaussures usag\u00e9es. Depuis le 15\u00a0juillet, ils ne sont plus vid\u00e9s, partout en Bretagne.<\/p>\n<p>Les mairies demandent donc aux habitants de ne plus rien y d\u00e9poser, <strong>\u00ab\u00a0en attendant qu\u2019une solution soit trouv\u00e9e\u00a0\u00bb<\/strong>, indique par exemple Rennes m\u00e9tropole (43\u00a0communes) o\u00f9 les\u00a0302\u00a0bornes permettent de collecter plus de 1\u00a0900\u00a0tonnes par an.<\/p>\n<p><strong>Lire aussi.<\/strong>\u00a0<a href=\"https:\/\/rennes.maville.com\/actu\/actudet_-le-relais-arrete-ses-collectes-dans-la-metropole-de-rennes-la-filiere-du-tri-textile-en-danger-_7-6901325_actu.Htm\" target=\"_blank\" rel=\"noopener\">Le Relais arr\u00eate ses collectes dans la m\u00e9tropole de Rennes\u00a0: \u00ab\u00a0La fili\u00e8re du tri textile en danger\u00a0\u00bb<\/a><\/p>\n<p>Si Le Relais n\u2019assure plus ce recyclage, <strong>\u00ab\u00a0ce n\u2019est pas seulement un coup de gueule,<\/strong> assure Pascal Milleville, directeur g\u00e9n\u00e9ral du Relais Bretagne. <strong>C\u2019est parce que nous sommes \u00e9trangl\u00e9s financi\u00e8rement. Si rien ne change, nous ne passerons pas l\u2019\u00e9t\u00e9. Fin ao\u00fbt, nous ne pourrons plus verser les salaires.\u00a0\u00bb<\/strong><\/p>\n<p>200\u00a0personnes employ\u00e9es en Bretagne<\/p>\n<p>Le Relais emploie\u00a0200\u00a0personnes en Bretagne, dont 135 au si\u00e8ge r\u00e9gional, \u00e0 Acign\u00e9 (Ille-et-Vilaine), pr\u00e8s de Rennes. Les autres se trouvent dans <a href=\"https:\/\/rennes.maville.com\/actu\/actudet_--plus-d-une-tonne-de-vetements-par-semaine-cette-friperie-solidaire-cartonne-a-rennes-_7-6566543_actu.Htm\" target=\"_blank\" rel=\"noopener\">les boutiques Ding Fring<\/a> implant\u00e9es dans plusieurs d\u00e9partements, dont l\u2019Ille-et-Vilaine (Rennes, Chantepie, Saint-Gr\u00e9goire, Vitr\u00e9) et les C\u00f4tes-d\u2019Armor (Dinan). Les clients y trouvent des articles de seconde main soigneusement s\u00e9lectionn\u00e9s, en excellent \u00e9tat.<\/p>\n<p>\t<img decoding=\"async\" src=\"https:\/\/www.europesays.com\/fr\/wp-content\/uploads\/2025\/07\/P35359051D6902375G_px_640_.jpg\" alt=\"photo avec la fast-fashion, cette mode du v\u00eatement pas cher et jetable, les collectes sont inond\u00e9es de textiles de moindre qualit\u00e9.  \u00a9  archives ouest-france\" width=\"640\" title=\" Avec la fast-fashion, cette mode du v\u00eatement pas cher et jetable, les collectes sont inond\u00e9es de textiles de moindre qualit\u00e9.   archives Ouest-France \"\/><\/p>\n<p class=\"elmt-legende\"> Avec la fast-fashion, cette mode du v\u00eatement pas cher et jetable, les collectes sont inond\u00e9es de textiles de moindre qualit\u00e9.   archives Ouest-France <\/p>\n<p><strong>\u00ab\u00a0Pour l\u2019instant, ces boutiques ne sont pas menac\u00e9es. On peut les approvisionner avec des stocks provenant du national. Mais si les collectes ne sont plus assur\u00e9es, fatalement, \u00e7a finira par poser un probl\u00e8me.\u00a0\u00bb <\/strong>Avec la fast-fashion, cette mode du v\u00eatement pas cher et jetable, les collectes sont inond\u00e9es de textiles de plus en plus co\u00fbteux \u00e0 traiter.<\/p>\n<p>Pas assez de ressources financi\u00e8res<\/p>\n<p><strong>\u00ab\u00a0Nous savons faire mais en face, les ressources financi\u00e8res sont insuffisantes\u00a0\u00bb<\/strong>, explique Pascal Milleville, dont les pr\u00e9occupations sont partag\u00e9es par les autres antennes du Relais, partout en France. Dans leur viseur, l\u2019\u00e9co-organisme Refashion L\u2019\u00e9co-organisme Refashion, dont la gouvernance est assur\u00e9e par des acteurs majeurs du textile comme Kiabi, Decathlon ou Carr\u00e9 Blanc. Selon eux, il ne redistribue pas les aides de l\u2019\u00c9tat aux acteurs locaux, <strong>\u00ab\u00a0soit 200\u00a0millions d\u2019euros qui dorment sur des comptes\u00a0\u00bb<\/strong>.<\/p>\n<p>Le Relais n\u2019est pas le seul \u00e0 \u00eatre impact\u00e9. Dans le Finist\u00e8re,<a href=\"https:\/\/brest.maville.com\/actu\/actudet_-fermeture-des-bennes-a-vetement-abi29-dans-le-finistere-_6-6902044_actu.Htm\" target=\"_blank\" rel=\"noopener\"> l\u2019association Abi29\u00a0ne peut plus assurer la collecte des textiles, elle a \u00e9t\u00e9 plac\u00e9e a \u00e9t\u00e9 plac\u00e9e en liquidation judiciaire.<\/a> Brest m\u00e9tropole vient de fermer les bacs de r\u00e9cup\u00e9ration, et appelle les habitants \u00e0 se diriger vers d\u2019autres d\u00e9p\u00f4ts de v\u00eatements de seconde main.<\/p>\n<p>\u00a0<\/p>\n","protected":false},"excerpt":{"rendered":"Les bornes Le Relais sont bien connues du grand public. Ces\u00a0conteneurs blancs post\u00e9s le long des routes, dans&hellip;\n","protected":false},"author":2,"featured_media":252420,"comment_status":"","ping_status":"","sticky":false,"template":"","format":"standard","meta":{"footnotes":""},"categories":[2821],"tags":[1111,11,829,39259,39256,1777,674,39257,1011,27,12,25153,584,25,39258,24640],"class_list":{"0":"post-252419","1":"post","2":"type-post","3":"status-publish","4":"format-standard","5":"has-post-thumbnail","7":"category-rennes","8":"tag-actu","9":"tag-actualites","10":"tag-bretagne","11":"tag-collectes","12":"tag-etrangles","13":"tag-eu","14":"tag-europe","15":"tag-financierement","16":"tag-fr","17":"tag-france","18":"tag-news","19":"tag-relais","20":"tag-rennes","21":"tag-republique-francaise","22":"tag-suspend","23":"tag-textiles"},"share_on_mastodon":{"url":"https:\/\/pubeurope.com\/@fr\/114865373592571583","error":""},"_links":{"self":[{"href":"https:\/\/www.europesays.com\/fr\/wp-json\/wp\/v2\/posts\/252419","targetHints":{"allow":["GET"]}}],"collection":[{"href":"https:\/\/www.europesays.com\/fr\/wp-json\/wp\/v2\/posts"}],"about":[{"href":"https:\/\/www.europesays.com\/fr\/wp-json\/wp\/v2\/types\/post"}],"author":[{"embeddable":true,"href":"https:\/\/www.europesays.com\/fr\/wp-json\/wp\/v2\/users\/2"}],"replies":[{"embeddable":true,"href":"https:\/\/www.europesays.com\/fr\/wp-json\/wp\/v2\/comments?post=252419"}],"version-history":[{"count":0,"href":"https:\/\/www.europesays.com\/fr\/wp-json\/wp\/v2\/posts\/252419\/revisions"}],"wp:featuredmedia":[{"embeddable":true,"href":"https:\/\/www.europesays.com\/fr\/wp-json\/wp\/v2\/media\/252420"}],"wp:attachment":[{"href":"https:\/\/www.europesays.com\/fr\/wp-json\/wp\/v2\/media?parent=252419"}],"wp:term":[{"taxonomy":"category","embeddable":true,"href":"https:\/\/www.europesays.com\/fr\/wp-json\/wp\/v2\/categories?post=252419"},{"taxonomy":"post_tag","embeddable":true,"href":"https:\/\/www.europesays.com\/fr\/wp-json\/wp\/v2\/tags?post=252419"}],"curies":[{"name":"wp","href":"https:\/\/api.w.org\/{rel}","templated":true}]}}