{"id":252426,"date":"2025-07-16T22:57:10","date_gmt":"2025-07-16T22:57:10","guid":{"rendered":"https:\/\/www.europesays.com\/fr\/252426\/"},"modified":"2025-07-16T22:57:10","modified_gmt":"2025-07-16T22:57:10","slug":"les-classiques-de-juillet-3-bonnes-raisons-de-decouvrir-cet-evenement-a-saint-jean-cap-ferrat","status":"publish","type":"post","link":"https:\/\/www.europesays.com\/fr\/252426\/","title":{"rendered":"Les Classiques de Juillet: 3 bonnes raisons de d\u00e9couvrir cet \u00e9v\u00e9nement \u00e0 Saint-Jean-Cap-Ferrat"},"content":{"rendered":"<p>                                <b>1.D\u00e9couvrir l\u2019\u00e9toile montante Guillaume Delattre<\/b><\/p>\n<p>Avant de laisser place \u00e0 la magie de l\u2019improvisation, la soir\u00e9e s\u2019ouvrira sur un moment aussi tendre que fascinant, port\u00e9 par la fra\u00eecheur d\u2019un jeune violoniste en plein essor. Guillaume Delattre, \u00e9l\u00e8ve de Thomas Dupont au conservatoire intercommunal de Beaulieu-sur-Mer, viendra offrir au public de Saint-Jean-Cap-Ferrat un aper\u00e7u de son talent d\u00e9j\u00e0 affirm\u00e9.\u00a0<\/p>\n<p>Fra\u00eechement admis au prestigieux Conservatoire National Sup\u00e9rieur de Musique de Paris, ce jeune virtuose poss\u00e8de la gr\u00e2ce de ceux qui \u00e9crivent l\u2019avenir de la sc\u00e8ne classique fran\u00e7aise. \u00c0 ses c\u00f4t\u00e9s, la pianiste Emmanuelle Jaspart, musicienne accomplie et professeure au Conservatoire royal de musique de Li\u00e8ge, lui pr\u00eatera la profondeur et l\u2019\u00e9lan d\u2019un accompagnement ma\u00eetris\u00e9.\u00a0<\/p>\n<p>Dans l\u2019air chaud d\u2019un soir d\u2019\u00e9t\u00e9, ils feront r\u00e9sonner le langage universel de la musique, avant l\u2019entr\u00e9e sur sc\u00e8ne de Jean-Fran\u00e7ois Zygel, qui offrira aux m\u00e9lomanes un hommage flamboyant \u00e0 Beethoven dans un d\u00e9cor de r\u00eave.<\/p>\n<p>              <img ci-src=\"https:\/\/www.nicematin.com\/culture\/classiques-de-juillet-2307-LAURIE+RAVARY-23-rbj12xql.jpg?vh=de911f&amp;ci_seal=2baecedb4e\" alt=\"\"\/><\/p>\n<p>                                <b>2.Vibrer avec Jean-Fran\u00e7ois Zygel, le ma\u00eetre de l\u2019improvisation<\/b><\/p>\n<p>Apr\u00e8s cette ouverture haute en couleurs, le parvis de la Chapelle Saint-Hospice accueillera l\u2019un des artistes les plus fascinants de la sc\u00e8ne classique fran\u00e7aise: Jean-Fran\u00e7ois Zygel. Pianiste hors normes, improvisateur de g\u00e9nie, il redonne \u00e0 la pratique de l\u2019improvisation ses lettres de noblesse et la libert\u00e9 qu\u2019elle m\u00e9rite.\u00a0<\/p>\n<p>\u00c0 travers son r\u00e9cital <b>Fantaisies sur Beethoven<\/b>, Jean-Fran\u00e7ois Zygel s\u2019inspire de l\u2019\u00e2me du grand compositeur romantique pour imaginer un hommage magistral, apportant avec lui son lot de surprises pour \u00e9merveiller le public! Comme Beethoven qui improvisait jusqu\u2019\u00e0 la fin de sa vie pour \u00e9blouir le public viennois, Jean-Fran\u00e7ois Zygel puise dans l\u2019\u00e9nergie rythmique, l\u2019h\u00e9ro\u00efsme pianistique et les th\u00e8mes puissants du ma\u00eetre pour b\u00e2tir un univers o\u00f9 l\u2019auditeur se laisse emporter par la beaut\u00e9 du moment.\u00a0<\/p>\n<p>Entre virtuosit\u00e9, humour, fantaisie et sens inou\u00ef de la couleur sonore, chaque note devient un voyage unique, et un clin d\u2019\u0153il \u00e0 l&rsquo;esprit visionnaire de Beethoven. Un spectacle rare, presque une exp\u00e9rience, o\u00f9 la musique se fait vivante, spontan\u00e9e et terriblement humaine, dans le magnifique \u00e9crin de Saint-Jean-Cap-Ferrat.<\/p>\n<p>              <img ci-src=\"https:\/\/www.nicematin.com\/culture\/Jean-Fran_C3_A7ois_20Zygel_20%28c%29_20Denis_20Rouvre_20-_20na_C3_AFve_203_20G-ZlmyZzzx-version-f0a76e-lNFmdgB5.jpg?vh=835b6e&amp;ci_seal=a213ad87c9\" alt=\"\"\/><br \/>\n         <strong>Cr\u00e9dit : Denis Rouvre.<\/strong> <\/p>\n<p>                                <b>3.S\u2019offrir une parenth\u00e8se musicale \u00e0 Saint-Jean-Cap-Ferrat, joyau de la C\u00f4te d\u2019Azur<\/b><\/p>\n<p>Si la musique est un langage universel, le lieu qui l\u2019accueille peut en sublimer l\u2019\u00e9motion. \u00c0 Saint-Jean-Cap-Ferrat, la Chapelle Saint-Hospice est un v\u00e9ritable \u00e9crin de beaut\u00e9, pos\u00e9 face \u00e0 la M\u00e9diterran\u00e9e, qui semble avoir \u00e9t\u00e9 b\u00e2ti pour accueillir des moments hors du temps.\u00a0<\/p>\n<p>Les pierres charg\u00e9es d\u2019histoire, la douceur des soir\u00e9es estivales, la lumi\u00e8re d\u2019un cr\u00e9puscule azur\u00e9en qui se pose sur la mer comme un voile dor\u00e9&#8230; Tout concourt ici \u00e0 cr\u00e9er une atmosph\u00e8re magique. Cette terre de culture, d\u2019\u00e9l\u00e9gance et de raffinement est le cadre r\u00eav\u00e9 pour un festival de prestige et <a href=\"https:\/\/www.saint-jean-cap-ferrat.fr\/evenements\/\" target=\"_blank\" rel=\"noopener nofollow\">r\u00e9server son billet pour Les Classiques de Juillet<\/a>, c\u2019est s\u2019offrir le plaisir de savourer la musique classique dans un cadre \u00e0 la fois intimiste et grandiose. \u00c0 Saint-Jean-Cap-Ferrat, la musique classique se vit comme une f\u00eate, et cette soir\u00e9e pourrait bien devenir l\u2019un de vos plus beaux souvenirs de l\u2019\u00e9t\u00e9!<\/p>\n<p>              <img ci-src=\"https:\/\/www.nicematin.com\/culture\/classiques-de-juillet-2307-LAURIE+RAVARY-29-pCwW0ppw.jpg?vh=7ab868&amp;ci_seal=8ce4d8c3e1\" alt=\"\"\/><\/p>\n<p>Informations pratiques:<\/p>\n<p>Lieu: Parvis de la chapelle Saint-Hospice, Saint-Jean-Cap-Ferrat Horaire\u00a0<\/p>\n<p>Accueil d\u00e8s 19h15, concert \u00e0 partir de 20h15 <\/p>\n<p>Petite restauration sur place (partenariat avec le Seaside Caf\u00e9)\u00a0<\/p>\n<p>Navette gratuite depuis le parking du Centenaire \u00e0 partir de 19h15\u00a0<\/p>\n<p>Information aupr\u00e8s de l\u2019Office de Tourisme: +33(0)4.93.76.08.90 <\/p>\n","protected":false},"excerpt":{"rendered":"1.D\u00e9couvrir l\u2019\u00e9toile montante Guillaume Delattre Avant de laisser place \u00e0 la magie de l\u2019improvisation, la soir\u00e9e s\u2019ouvrira sur&hellip;\n","protected":false},"author":2,"featured_media":252427,"comment_status":"","ping_status":"","sticky":false,"template":"","format":"standard","meta":{"footnotes":""},"categories":[2819],"tags":[1111,11,251,1777,674,1011,27,12,2401,882,25],"class_list":{"0":"post-252426","1":"post","2":"type-post","3":"status-publish","4":"format-standard","5":"has-post-thumbnail","7":"category-nice","8":"tag-actu","9":"tag-actualites","10":"tag-culture","11":"tag-eu","12":"tag-europe","13":"tag-fr","14":"tag-france","15":"tag-news","16":"tag-nice","17":"tag-provence-alpes-cote-dazur","18":"tag-republique-francaise"},"share_on_mastodon":{"url":"https:\/\/pubeurope.com\/@fr\/114865389161616312","error":""},"_links":{"self":[{"href":"https:\/\/www.europesays.com\/fr\/wp-json\/wp\/v2\/posts\/252426","targetHints":{"allow":["GET"]}}],"collection":[{"href":"https:\/\/www.europesays.com\/fr\/wp-json\/wp\/v2\/posts"}],"about":[{"href":"https:\/\/www.europesays.com\/fr\/wp-json\/wp\/v2\/types\/post"}],"author":[{"embeddable":true,"href":"https:\/\/www.europesays.com\/fr\/wp-json\/wp\/v2\/users\/2"}],"replies":[{"embeddable":true,"href":"https:\/\/www.europesays.com\/fr\/wp-json\/wp\/v2\/comments?post=252426"}],"version-history":[{"count":0,"href":"https:\/\/www.europesays.com\/fr\/wp-json\/wp\/v2\/posts\/252426\/revisions"}],"wp:featuredmedia":[{"embeddable":true,"href":"https:\/\/www.europesays.com\/fr\/wp-json\/wp\/v2\/media\/252427"}],"wp:attachment":[{"href":"https:\/\/www.europesays.com\/fr\/wp-json\/wp\/v2\/media?parent=252426"}],"wp:term":[{"taxonomy":"category","embeddable":true,"href":"https:\/\/www.europesays.com\/fr\/wp-json\/wp\/v2\/categories?post=252426"},{"taxonomy":"post_tag","embeddable":true,"href":"https:\/\/www.europesays.com\/fr\/wp-json\/wp\/v2\/tags?post=252426"}],"curies":[{"name":"wp","href":"https:\/\/api.w.org\/{rel}","templated":true}]}}