{"id":252430,"date":"2025-07-16T22:59:40","date_gmt":"2025-07-16T22:59:40","guid":{"rendered":"https:\/\/www.europesays.com\/fr\/252430\/"},"modified":"2025-07-16T22:59:40","modified_gmt":"2025-07-16T22:59:40","slug":"9-500-places-deviennent-gratuites-pendant-les-vacances-dete","status":"publish","type":"post","link":"https:\/\/www.europesays.com\/fr\/252430\/","title":{"rendered":"9 500 places deviennent gratuites pendant les vacances d&rsquo;\u00e9t\u00e9"},"content":{"rendered":"<p>            Par<br \/>\n        <strong><br \/>\n            <a href=\"https:\/\/actu.fr\/auteur\/laure-gentil\" title=\"Consulter tous les articles de Laure Gentil\" target=\"_blank\" rel=\"noopener\">Laure Gentil<\/a><br \/>\n        <\/strong><\/p>\n<p>        Publi\u00e9 le<\/p>\n<p>            16 juil. 2025 \u00e0 7h16        <\/p>\n<p>Tous les \u00e9t\u00e9s \u00e0 <strong>Nantes<\/strong>, le prix des <strong>places de stationnement<\/strong> conna\u00eet du changement.<strong> 9\u2009500 places, en zone jaune,<\/strong> c\u2019est-\u00e0-dire qui se situent en p\u00e9riph\u00e9rie du centre de ville de Nantes, <strong>deviennent gratuites.\u00a0<\/strong>Cette mesure a commenc\u00e9 ce lundi 14\u00a0juillet et doit durer jusqu\u2019au 15\u00a0ao\u00fbt.<\/p>\n<p class=\" wall-content\">Cela concerne une partie de l\u2019\u00eele de Nantes, les secteurs de l\u2019h\u00f4pital Saint-Jacques et Nantes Sud, Malakoff-Saint-Donatien, les Hauts-Pav\u00e9s-Saint-F\u00e9lix et les Dervalli\u00e8res-Zola.<\/p>\n<p>    <img   decoding=\"async\" loading=\"lazy\" src=\"https:\/\/www.europesays.com\/fr\/wp-content\/uploads\/2025\/07\/nantes-stationnement-zone-jaune-rouge-960x640.jpg\" alt=\"Les places de stationnement en zone jaune deviennent gratuite jusqu'au 15 ao\u00fbt.\" width=\"960\" height=\"640\"\/><br \/>\n    Les places de stationnement en zone jaune deviennent gratuites jusqu\u2019au 15\u00a0ao\u00fbt. (\u00a9Nantes M\u00e9tropole)La zone rouge toujours payante<\/p>\n<p class=\" wall-content\">Les places de\u00a0stationnement <strong>en zone rouge<\/strong>\u00a0restent cependant <strong>payantes<\/strong> du lundi au samedi\u00a0de 9\u2009h \u00e0 19\u2009h,<strong> sauf les dimanches et jours f\u00e9ri\u00e9s.<\/strong><\/p>\n<p class=\" wall-content\">Un tarif pr\u00e9f\u00e9rentiel de <strong>50 centimes par heure<\/strong> est appliqu\u00e9 de 12\u2009h \u00e0 14\u2009h. En dehors des heures du midi, le tarif est celui de la zone rouge habituelle.<\/p>\n<p>Vid\u00e9os : en ce moment sur Actu<\/p>\n<p class=\" wall-content\">Suivez toute l\u2019actualit\u00e9 de vos villes et m\u00e9dias favoris en vous inscrivant \u00e0 <a href=\"https:\/\/moncompte.actu.fr\" title=\"D\u00e9couvez Mon Actu\" rel=\"nofollow noopener\" data-trk=\"{&quot;cta&quot;:{&quot;action&quot;:&quot;https:\\\/\\\/moncompte.actu.fr&quot;,&quot;category&quot;:&quot;mon compte&quot;,&quot;from&quot;:&quot;article footer&quot;,&quot;name&quot;:&quot;Mon actu&quot;,&quot;type&quot;:&quot;cta&quot;}}\" target=\"_blank\">Mon Actu<\/a>.<\/p>\n","protected":false},"excerpt":{"rendered":"Par Laure Gentil Publi\u00e9 le 16 juil. 2025 \u00e0 7h16 Tous les \u00e9t\u00e9s \u00e0 Nantes, le prix des&hellip;\n","protected":false},"author":2,"featured_media":252431,"comment_status":"","ping_status":"","sticky":false,"template":"","format":"standard","meta":{"footnotes":""},"categories":[2818],"tags":[1111,11,3542,1777,674,1011,27,766,12,2636,25,104,6173,3176],"class_list":{"0":"post-252430","1":"post","2":"type-post","3":"status-publish","4":"format-standard","5":"has-post-thumbnail","7":"category-nantes","8":"tag-actu","9":"tag-actualites","10":"tag-circulation","11":"tag-eu","12":"tag-europe","13":"tag-fr","14":"tag-france","15":"tag-nantes","16":"tag-news","17":"tag-pays-de-la-loire","18":"tag-republique-francaise","19":"tag-societe","20":"tag-stationnement","21":"tag-vacances-scolaires"},"share_on_mastodon":{"url":"https:\/\/pubeurope.com\/@fr\/114865397141357522","error":""},"_links":{"self":[{"href":"https:\/\/www.europesays.com\/fr\/wp-json\/wp\/v2\/posts\/252430","targetHints":{"allow":["GET"]}}],"collection":[{"href":"https:\/\/www.europesays.com\/fr\/wp-json\/wp\/v2\/posts"}],"about":[{"href":"https:\/\/www.europesays.com\/fr\/wp-json\/wp\/v2\/types\/post"}],"author":[{"embeddable":true,"href":"https:\/\/www.europesays.com\/fr\/wp-json\/wp\/v2\/users\/2"}],"replies":[{"embeddable":true,"href":"https:\/\/www.europesays.com\/fr\/wp-json\/wp\/v2\/comments?post=252430"}],"version-history":[{"count":0,"href":"https:\/\/www.europesays.com\/fr\/wp-json\/wp\/v2\/posts\/252430\/revisions"}],"wp:featuredmedia":[{"embeddable":true,"href":"https:\/\/www.europesays.com\/fr\/wp-json\/wp\/v2\/media\/252431"}],"wp:attachment":[{"href":"https:\/\/www.europesays.com\/fr\/wp-json\/wp\/v2\/media?parent=252430"}],"wp:term":[{"taxonomy":"category","embeddable":true,"href":"https:\/\/www.europesays.com\/fr\/wp-json\/wp\/v2\/categories?post=252430"},{"taxonomy":"post_tag","embeddable":true,"href":"https:\/\/www.europesays.com\/fr\/wp-json\/wp\/v2\/tags?post=252430"}],"curies":[{"name":"wp","href":"https:\/\/api.w.org\/{rel}","templated":true}]}}