{"id":252439,"date":"2025-07-16T23:04:11","date_gmt":"2025-07-16T23:04:11","guid":{"rendered":"https:\/\/www.europesays.com\/fr\/252439\/"},"modified":"2025-07-16T23:04:11","modified_gmt":"2025-07-16T23:04:11","slug":"previsions-du-jeudi-17-juillet-2025","status":"publish","type":"post","link":"https:\/\/www.europesays.com\/fr\/252439\/","title":{"rendered":"pr\u00e9visions du jeudi 17 juillet 2025"},"content":{"rendered":"<p>Toulouse aura le plaisir de pouvoir profiter d&rsquo;une belle journ\u00e9e ensoleill\u00e9e. Les valeurs s&rsquo;\u00e9chelonneront entre 18\u00b0C et 35\u00b0C, donnant \u00e0 la population l&rsquo;occasion d&rsquo;appr\u00e9cier l&rsquo;\u00e9t\u00e9. La ville va subir, le matin, une vague d&rsquo;importantes chaleurs avec des temp\u00e9ratures qui atteindront parfois les 31\u00b0C. Une l\u00e9g\u00e8re brise de nord-ouest sera ressentie par les habitants. La m\u00e9t\u00e9o va se r\u00e9chauffer l&rsquo;apr\u00e8s-midi avec une hausse de plusieurs degr\u00e9s pour un \u00e9t\u00e9 chaud. La p\u00e9riode de fortes chaleurs est bien l\u00e0, avec des valeurs qui pourront aller jusqu&rsquo;\u00e0 35\u00b0C. Les temp\u00e9ratures maximales attendues le soir sont \u00e9lev\u00e9es, avec 34\u00b0C. On passera de jeudi \u00e0 vendredi par une nuit claire.<\/p>\n<p>Demain, le mercure va chuter de quelques degr\u00e9s \u00e0 Toulouse. De tr\u00e8s grosses chaleurs (entre 17\u00b0C et 33\u00b0C) sont annonc\u00e9es. Les valeurs afficheront entre 17 et 33\u00b0C, un temps bel et bien de saison. Un vent de nord-ouest rafra\u00eechira sensiblement l&rsquo;atmosph\u00e8re. Le matin, le vent va progressivement chasser les nuages. Il fera environ 23\u00b0C. Un bel ensoleillement est attendu demain apr\u00e8s-midi. L&rsquo;\u00e9t\u00e9 prend ses quartiers ! Les temp\u00e9ratures vont grimper de plusieurs degr\u00e9s. Les importantes chaleurs sont install\u00e9es. Avec des temp\u00e9ratures situ\u00e9es entre 30 et 33\u00b0C. La soir\u00e9e va se trouver vraiment chaude : pr\u00e8s de 32\u00b0C.<\/p>\n<p>Une d\u00e9gradation est pr\u00e9vue les jours qui suivent. Il va faire un temps assez pluvieux avec des temp\u00e9ratures autour de 25\u00b0C.<\/p>\n<p><\/p>\n","protected":false},"excerpt":{"rendered":"Toulouse aura le plaisir de pouvoir profiter d&rsquo;une belle journ\u00e9e ensoleill\u00e9e. Les valeurs s&rsquo;\u00e9chelonneront entre 18\u00b0C et 35\u00b0C,&hellip;\n","protected":false},"author":2,"featured_media":252440,"comment_status":"","ping_status":"","sticky":false,"template":"","format":"standard","meta":{"footnotes":""},"categories":[2816],"tags":[1111,11,1777,674,1011,27,2722,2721,12,2680,2119,25,2312],"class_list":{"0":"post-252439","1":"post","2":"type-post","3":"status-publish","4":"format-standard","5":"has-post-thumbnail","7":"category-toulouse","8":"tag-actu","9":"tag-actualites","10":"tag-eu","11":"tag-europe","12":"tag-fr","13":"tag-france","14":"tag-haute-garonne","15":"tag-midi-pyrenees","16":"tag-news","17":"tag-occitanie","18":"tag-previsions-meteo","19":"tag-republique-francaise","20":"tag-toulouse"},"share_on_mastodon":{"url":"https:\/\/pubeurope.com\/@fr\/114865417056632751","error":""},"_links":{"self":[{"href":"https:\/\/www.europesays.com\/fr\/wp-json\/wp\/v2\/posts\/252439","targetHints":{"allow":["GET"]}}],"collection":[{"href":"https:\/\/www.europesays.com\/fr\/wp-json\/wp\/v2\/posts"}],"about":[{"href":"https:\/\/www.europesays.com\/fr\/wp-json\/wp\/v2\/types\/post"}],"author":[{"embeddable":true,"href":"https:\/\/www.europesays.com\/fr\/wp-json\/wp\/v2\/users\/2"}],"replies":[{"embeddable":true,"href":"https:\/\/www.europesays.com\/fr\/wp-json\/wp\/v2\/comments?post=252439"}],"version-history":[{"count":0,"href":"https:\/\/www.europesays.com\/fr\/wp-json\/wp\/v2\/posts\/252439\/revisions"}],"wp:featuredmedia":[{"embeddable":true,"href":"https:\/\/www.europesays.com\/fr\/wp-json\/wp\/v2\/media\/252440"}],"wp:attachment":[{"href":"https:\/\/www.europesays.com\/fr\/wp-json\/wp\/v2\/media?parent=252439"}],"wp:term":[{"taxonomy":"category","embeddable":true,"href":"https:\/\/www.europesays.com\/fr\/wp-json\/wp\/v2\/categories?post=252439"},{"taxonomy":"post_tag","embeddable":true,"href":"https:\/\/www.europesays.com\/fr\/wp-json\/wp\/v2\/tags?post=252439"}],"curies":[{"name":"wp","href":"https:\/\/api.w.org\/{rel}","templated":true}]}}