{"id":252443,"date":"2025-07-16T23:06:09","date_gmt":"2025-07-16T23:06:09","guid":{"rendered":"https:\/\/www.europesays.com\/fr\/252443\/"},"modified":"2025-07-16T23:06:09","modified_gmt":"2025-07-16T23:06:09","slug":"previsions-du-jeudi-17-juillet-2025-2","status":"publish","type":"post","link":"https:\/\/www.europesays.com\/fr\/252443\/","title":{"rendered":"pr\u00e9visions du jeudi 17 juillet 2025"},"content":{"rendered":"<p>\u00c0 Lille, les temp\u00e9ratures s&rsquo;\u00e9chelonneront entre 13\u00b0C et 29\u00b0C dans la journ\u00e9e. Le matin, un important soleil brillera. Les temp\u00e9ratures seront de 22\u00b0C. Une petite brise de sud soufflera. L&rsquo;apr\u00e8s-midi, apr\u00e8s un passage nuageux, le vent va peu \u00e0 peu chasser la grisaille. Une m\u00e9t\u00e9o plus chaude est \u00e0 pr\u00e9voir \u00e9tant donn\u00e9 que les temp\u00e9ratures vont conna\u00eetre une augmentation. Les valeurs afficheront entre 27 et 29\u00b0C. Entre jeudi et vendredi, la nuit sera claire.<\/p>\n<p>C&rsquo;est un soleil splendide qui va se montrer demain sur Lille. C&rsquo;est une hausse de quelques degr\u00e9s que vont enregistrer les temp\u00e9ratures. Les grosses chaleurs sont pr\u00e9sentes. Avec des temp\u00e9ratures situ\u00e9es entre 16 et 32\u00b0C. Les valeurs seront comprises entre 16 et 32\u00b0C. Un l\u00e9ger vent de nord-est sera ressenti par les habitants. Les temp\u00e9ratures vont monter pendant l&rsquo;apr\u00e8s-midi de plusieurs degr\u00e9s. Les valeurs \u00e9volueront entre 30 et 32\u2009\u00b0C. Pour demain soir, des pluies \u00e9parses vont tomber sur la ville. La ville va souffrir des fortes chaleurs avec des valeurs qui devraient grimper \u00e0 30\u00b0C.<\/p>\n<p>Une d\u00e9gradation est pr\u00e9vue les jours suivants. Un ciel pluvieux, pour des temp\u00e9ratures de 22\u00b0C en moyenne, est attendu.<\/p>\n<p><\/p>\n","protected":false},"excerpt":{"rendered":"\u00c0 Lille, les temp\u00e9ratures s&rsquo;\u00e9chelonneront entre 13\u00b0C et 29\u00b0C dans la journ\u00e9e. Le matin, un important soleil brillera.&hellip;\n","protected":false},"author":2,"featured_media":252444,"comment_status":"","ping_status":"","sticky":false,"template":"","format":"standard","meta":{"footnotes":""},"categories":[2815],"tags":[1111,11,1777,674,1011,27,811,1307,12,1308,1309,2119,25],"class_list":{"0":"post-252443","1":"post","2":"type-post","3":"status-publish","4":"format-standard","5":"has-post-thumbnail","7":"category-lille","8":"tag-actu","9":"tag-actualites","10":"tag-eu","11":"tag-europe","12":"tag-fr","13":"tag-france","14":"tag-hauts-de-france","15":"tag-lille","16":"tag-news","17":"tag-nord","18":"tag-nord-pas-de-calais","19":"tag-previsions-meteo","20":"tag-republique-francaise"},"share_on_mastodon":{"url":"https:\/\/pubeurope.com\/@fr\/114865424534937317","error":""},"_links":{"self":[{"href":"https:\/\/www.europesays.com\/fr\/wp-json\/wp\/v2\/posts\/252443","targetHints":{"allow":["GET"]}}],"collection":[{"href":"https:\/\/www.europesays.com\/fr\/wp-json\/wp\/v2\/posts"}],"about":[{"href":"https:\/\/www.europesays.com\/fr\/wp-json\/wp\/v2\/types\/post"}],"author":[{"embeddable":true,"href":"https:\/\/www.europesays.com\/fr\/wp-json\/wp\/v2\/users\/2"}],"replies":[{"embeddable":true,"href":"https:\/\/www.europesays.com\/fr\/wp-json\/wp\/v2\/comments?post=252443"}],"version-history":[{"count":0,"href":"https:\/\/www.europesays.com\/fr\/wp-json\/wp\/v2\/posts\/252443\/revisions"}],"wp:featuredmedia":[{"embeddable":true,"href":"https:\/\/www.europesays.com\/fr\/wp-json\/wp\/v2\/media\/252444"}],"wp:attachment":[{"href":"https:\/\/www.europesays.com\/fr\/wp-json\/wp\/v2\/media?parent=252443"}],"wp:term":[{"taxonomy":"category","embeddable":true,"href":"https:\/\/www.europesays.com\/fr\/wp-json\/wp\/v2\/categories?post=252443"},{"taxonomy":"post_tag","embeddable":true,"href":"https:\/\/www.europesays.com\/fr\/wp-json\/wp\/v2\/tags?post=252443"}],"curies":[{"name":"wp","href":"https:\/\/api.w.org\/{rel}","templated":true}]}}