{"id":252445,"date":"2025-07-16T23:07:10","date_gmt":"2025-07-16T23:07:10","guid":{"rendered":"https:\/\/www.europesays.com\/fr\/252445\/"},"modified":"2025-07-16T23:07:10","modified_gmt":"2025-07-16T23:07:10","slug":"previsions-du-jeudi-17-juillet-2025-3","status":"publish","type":"post","link":"https:\/\/www.europesays.com\/fr\/252445\/","title":{"rendered":"pr\u00e9visions du jeudi 17 juillet 2025"},"content":{"rendered":"<p>Marseille aura le plaisir de pouvoir profiter d&rsquo;une superbe journ\u00e9e ensoleill\u00e9e. Les temp\u00e9ratures seront comprises entre 24 et 32\u00b0C, un temps vraiment de saison. La ville sera touch\u00e9e par un vent de nord-ouest de 33 km\/h. Les importantes chaleurs sont pr\u00e9sentes. Avec des valeurs comprises entre 24 et 30\u00b0C. Dans la matin\u00e9e, les temp\u00e9ratures tourneront autour des 27\u00b0C. L&rsquo;\u00e9t\u00e9 prend ses quartiers ! Les temp\u00e9ratures vont monter pendant l&rsquo;apr\u00e8s-midi de plusieurs degr\u00e9s. La p\u00e9riode de grosses chaleurs est bien l\u00e0, avec des temp\u00e9ratures qui risqueront d&rsquo;aller jusqu&rsquo;\u00e0 32\u00b0C. Attention \u00e0 la vague de chaud dans la soir\u00e9e. Des valeurs de 27 \u00e0 30\u00b0C sont attendues. On passera de jeudi \u00e0 vendredi par une nuit claire.<\/p>\n<p>Un beau soleil est pr\u00e9vu demain \u00e0 Marseille. Les temp\u00e9ratures vont descendre de quelques degr\u00e9s. Ce sera un bel \u00e9t\u00e9 : les temp\u00e9ratures s&rsquo;\u00e9chelonneront entre 23 et 28\u00b0C. Une modeste brise de sud-est sera ressentie par les habitants. La chaleur estivale sera bien au rendez-vous puisque les valeurs seront quand m\u00eame de 26\u00b0C au minimum et de 28\u00b0C au plus haut l&rsquo;apr\u00e8s-midi. Demain soir, le thermom\u00e8tre affichera 25\u00b0C en moyenne.<\/p>\n<p>Les jours s&rsquo;encha\u00eenent et ne changent pas. On s&rsquo;attend \u00e0 des journ\u00e9es ensoleill\u00e9es, accompagn\u00e9es par des temp\u00e9ratures dans les 27\u00b0C en moyenne.<\/p>\n<p>Lors de forte chaleur, il est n\u00e9cessaire de se rafra\u00eechir par n&rsquo;importe quel moyen. Hydratez-vous correctement, prenez des douches fr\u00e9quemment, uilisez un brumisateur et tenez vos volets ferm\u00e9s durant la journ\u00e9e.<\/p>\n","protected":false},"excerpt":{"rendered":"Marseille aura le plaisir de pouvoir profiter d&rsquo;une superbe journ\u00e9e ensoleill\u00e9e. Les temp\u00e9ratures seront comprises entre 24 et&hellip;\n","protected":false},"author":2,"featured_media":252446,"comment_status":"","ping_status":"","sticky":false,"template":"","format":"standard","meta":{"footnotes":""},"categories":[2814],"tags":[1111,11,885,1777,674,1011,27,884,12,883,2119,882,25],"class_list":{"0":"post-252445","1":"post","2":"type-post","3":"status-publish","4":"format-standard","5":"has-post-thumbnail","7":"category-marseille","8":"tag-actu","9":"tag-actualites","10":"tag-bouches-du-rhone","11":"tag-eu","12":"tag-europe","13":"tag-fr","14":"tag-france","15":"tag-marseille","16":"tag-news","17":"tag-paca","18":"tag-previsions-meteo","19":"tag-provence-alpes-cote-dazur","20":"tag-republique-francaise"},"share_on_mastodon":{"url":"https:\/\/pubeurope.com\/@fr\/114865428494557523","error":""},"_links":{"self":[{"href":"https:\/\/www.europesays.com\/fr\/wp-json\/wp\/v2\/posts\/252445","targetHints":{"allow":["GET"]}}],"collection":[{"href":"https:\/\/www.europesays.com\/fr\/wp-json\/wp\/v2\/posts"}],"about":[{"href":"https:\/\/www.europesays.com\/fr\/wp-json\/wp\/v2\/types\/post"}],"author":[{"embeddable":true,"href":"https:\/\/www.europesays.com\/fr\/wp-json\/wp\/v2\/users\/2"}],"replies":[{"embeddable":true,"href":"https:\/\/www.europesays.com\/fr\/wp-json\/wp\/v2\/comments?post=252445"}],"version-history":[{"count":0,"href":"https:\/\/www.europesays.com\/fr\/wp-json\/wp\/v2\/posts\/252445\/revisions"}],"wp:featuredmedia":[{"embeddable":true,"href":"https:\/\/www.europesays.com\/fr\/wp-json\/wp\/v2\/media\/252446"}],"wp:attachment":[{"href":"https:\/\/www.europesays.com\/fr\/wp-json\/wp\/v2\/media?parent=252445"}],"wp:term":[{"taxonomy":"category","embeddable":true,"href":"https:\/\/www.europesays.com\/fr\/wp-json\/wp\/v2\/categories?post=252445"},{"taxonomy":"post_tag","embeddable":true,"href":"https:\/\/www.europesays.com\/fr\/wp-json\/wp\/v2\/tags?post=252445"}],"curies":[{"name":"wp","href":"https:\/\/api.w.org\/{rel}","templated":true}]}}