{"id":252449,"date":"2025-07-16T23:09:10","date_gmt":"2025-07-16T23:09:10","guid":{"rendered":"https:\/\/www.europesays.com\/fr\/252449\/"},"modified":"2025-07-16T23:09:10","modified_gmt":"2025-07-16T23:09:10","slug":"previsions-du-jeudi-17-juillet-2025-4","status":"publish","type":"post","link":"https:\/\/www.europesays.com\/fr\/252449\/","title":{"rendered":"pr\u00e9visions du jeudi 17 juillet 2025"},"content":{"rendered":"<p>Aujourd&rsquo;hui, un beau soleil brillera sur Lyon. Il fera en moyenne 24\u00b0C. Il va faire 24\u00b0C en moyenne le matin. Une l\u00e9g\u00e8re brise de nord soufflera. Les temp\u00e9ratures vont grimper pendant l&rsquo;apr\u00e8s-midi de plusieurs degr\u00e9s. Prenez garde \u00e0 la vague de chaud. Des temp\u00e9ratures de 28 \u00e0 30\u00b0C sont annonc\u00e9es. Les valeurs s&rsquo;\u00e9chelonneront entre 28 et 30\u00b0C. Le soir, on anticipe des temp\u00e9ratures avoisinant 24\u00b0C. Une nuit claire vous attendra entre jeudi et vendredi.<\/p>\n<p>Un bel ensoleillement est pr\u00e9vu demain \u00e0 Lyon. Une m\u00e9t\u00e9o plus chaude est pr\u00e9vue puisque le mercure va conna\u00eetre une augmentation. La ville va conna\u00eetre une vague d&rsquo;importantes chaleurs avec des valeurs qui atteindront parfois les 33\u00b0C. Les temp\u00e9ratures afficheront entre 17 et 33\u00b0C. Un vent de nord-est rafra\u00eechira quelque peu l&rsquo;atmosph\u00e8re. Les valeurs maximums pr\u00e9vues le matin sont \u00e9lev\u00e9es, avec 30\u00b0C. Les temp\u00e9ratures tourneront autour des 25\u00b0C. Les valeurs vont enregistrer une hausse de plusieurs degr\u00e9s dans l&rsquo;apr\u00e8s-midi. De tr\u00e8s fortes chaleurs (entre 31\u00b0C et 33\u00b0C) sont attendues. Les grosses chaleurs sont install\u00e9es. Avec des valeurs comprises entre 26 et 31\u00b0C.<\/p>\n<p>La m\u00e9t\u00e9o des journ\u00e9es qui suivent va se d\u00e9grader. Des temp\u00e9ratures dans les 25\u00b0C iront de pair avec un ciel pluvieux.<\/p>\n<p><\/p>\n","protected":false},"excerpt":{"rendered":"Aujourd&rsquo;hui, un beau soleil brillera sur Lyon. Il fera en moyenne 24\u00b0C. Il va faire 24\u00b0C en moyenne&hellip;\n","protected":false},"author":2,"featured_media":252450,"comment_status":"","ping_status":"","sticky":false,"template":"","format":"standard","meta":{"footnotes":""},"categories":[1889],"tags":[1111,11,2430,1777,674,1011,27,2428,12,2119,25,2429,2431],"class_list":{"0":"post-252449","1":"post","2":"type-post","3":"status-publish","4":"format-standard","5":"has-post-thumbnail","7":"category-lyon","8":"tag-actu","9":"tag-actualites","10":"tag-auvergne-rhone-alpes","11":"tag-eu","12":"tag-europe","13":"tag-fr","14":"tag-france","15":"tag-lyon","16":"tag-news","17":"tag-previsions-meteo","18":"tag-republique-francaise","19":"tag-rhone","20":"tag-rhone-alpes"},"share_on_mastodon":{"url":"https:\/\/pubeurope.com\/@fr\/114865436355446364","error":""},"_links":{"self":[{"href":"https:\/\/www.europesays.com\/fr\/wp-json\/wp\/v2\/posts\/252449","targetHints":{"allow":["GET"]}}],"collection":[{"href":"https:\/\/www.europesays.com\/fr\/wp-json\/wp\/v2\/posts"}],"about":[{"href":"https:\/\/www.europesays.com\/fr\/wp-json\/wp\/v2\/types\/post"}],"author":[{"embeddable":true,"href":"https:\/\/www.europesays.com\/fr\/wp-json\/wp\/v2\/users\/2"}],"replies":[{"embeddable":true,"href":"https:\/\/www.europesays.com\/fr\/wp-json\/wp\/v2\/comments?post=252449"}],"version-history":[{"count":0,"href":"https:\/\/www.europesays.com\/fr\/wp-json\/wp\/v2\/posts\/252449\/revisions"}],"wp:featuredmedia":[{"embeddable":true,"href":"https:\/\/www.europesays.com\/fr\/wp-json\/wp\/v2\/media\/252450"}],"wp:attachment":[{"href":"https:\/\/www.europesays.com\/fr\/wp-json\/wp\/v2\/media?parent=252449"}],"wp:term":[{"taxonomy":"category","embeddable":true,"href":"https:\/\/www.europesays.com\/fr\/wp-json\/wp\/v2\/categories?post=252449"},{"taxonomy":"post_tag","embeddable":true,"href":"https:\/\/www.europesays.com\/fr\/wp-json\/wp\/v2\/tags?post=252449"}],"curies":[{"name":"wp","href":"https:\/\/api.w.org\/{rel}","templated":true}]}}