{"id":252460,"date":"2025-07-16T23:16:13","date_gmt":"2025-07-16T23:16:13","guid":{"rendered":"https:\/\/www.europesays.com\/fr\/252460\/"},"modified":"2025-07-16T23:16:13","modified_gmt":"2025-07-16T23:16:13","slug":"legislative-partielle-a-paris-la-ministre-clara-chappaz-pressentie-pour-defier-dati-et-barnier","status":"publish","type":"post","link":"https:\/\/www.europesays.com\/fr\/252460\/","title":{"rendered":"L\u00e9gislative partielle \u00e0 Paris\u00a0: la ministre Clara Chappaz pressentie pour d\u00e9fier Dati et Barnier"},"content":{"rendered":"<p class=\"paragraph text_align_left lp-f-body-02\">La bataille de Paris est bel et bien partie dans la l\u00e9gislative partielle prochainement pr\u00e9vue dans la 2e circonscription ! L\u2019\u00e9lection aura lieu au plus tard mi-octobre (la date n\u2019est pas encore connue) pour d\u00e9signer <a href=\"https:\/\/www.leparisien.fr\/elections\/trois-deputes-contraints-de-demissionner-apres-avoir-ete-declares-ineligibles-par-le-conseil-constitutionnel-11-07-2025-SPWSUBIIBZCRLL2HICEIQ2Z3TA.php\" target=\"_blank\" rel=\"noreferrer nofollow noopener\">celle ou celui qui succ\u00e9dera au d\u00e9put\u00e9 macroniste sortant Jean Lassucq, d\u00e9clar\u00e9 in\u00e9ligible<\/a> par le Conseil constitutionnel \u00e0 cause de mauvais comptes de campagne.<\/p>\n<p class=\"paragraph text_align_left lp-f-body-02\">Mais les ambitions s\u2019aiguisent d\u00e9j\u00e0 et le combat fait particuli\u00e8rement rage au sein du bloc central puisque apr\u00e8s <a href=\"https:\/\/www.leparisien.fr\/politique\/legislative-partielle-michel-barnier-annonce-sa-candidature-dans-la-2e-circonscription-de-paris-15-07-2025-YXQGEZXVJRBYDL334QO4Y3R5AQ.php\" target=\"_blank\" rel=\"noreferrer nofollow noopener\">Michel Barnier, officiellement candidat<\/a> depuis ce mardi, et <a href=\"https:\/\/www.leparisien.fr\/politique\/rachida-a-tres-envie-detre-candidate-elle-sorganise-pour-dati-prete-a-se-lancer-face-a-barnier-aux-legislatives-a-paris-16-07-2025-MAVM3BEVANFXTGTE4E6U6ZUBQY.php\" target=\"_blank\" rel=\"noreferrer nofollow noopener\">Rachida Dati<\/a> qui compte aussi y aller du c\u00f4t\u00e9 de LR, c\u2019est au tour de Renaissance d\u2019avancer d\u00e9sormais ses pions.<\/p>\n<p class=\"paragraph text_align_left lp-f-body-02\">Selon nos informations, Gabriel Attal, le secr\u00e9taire g\u00e9n\u00e9ral, devrait donner quitus \u00e0 Clara Chappaz, <a href=\"https:\/\/www.leparisien.fr\/high-tech\/nouveau-gouvernement-un-secretariat-detat-a-lintelligence-artificielle-mais-pour-quoi-faire-22-09-2024-USNLAFNISRC3DNPRCSV4CL75TE.php\" target=\"_blank\" rel=\"noreferrer nofollow noopener\">l\u2019actuelle ministre d\u00e9l\u00e9gu\u00e9e en charge de l\u2019Intelligence artificielle<\/a> et du Num\u00e9rique, pour y aller. Parisienne pur jus, \u00e2g\u00e9e de 36 ans et dipl\u00f4m\u00e9e de l\u2019Essec et de la Harvard business school, la fille de l\u2019entrepreneur Pierre Chappaz devrait \u00eatre investie dans les prochains jours par son parti. \u00ab Probablement \u00e0 la fin juillet, une fois que la commission nationale d\u2019investitures sera r\u00e9unie \u00bb, fait savoir une source interne. \u00ab Elle tient la corde pour la candidature Renaissance et devrait donc \u00eatre notre candidate dans la circonscription \u00bb, poursuit une autre.<\/p>\n<p>Des discussions ces derni\u00e8res heures en coulisses entre le parti pr\u00e9sidentiel et LR<\/p>\n<p class=\"paragraph text_align_left lp-f-body-02\">Clara Chappaz est entr\u00e9e en politique r\u00e9cemment, en septembre 2024, lors du pr\u00e9c\u00e9dent gouvernement de Michel Barnier. Un profil \u00ab 100 % soci\u00e9t\u00e9 civile \u00bb, nous explique-t-on, qui est pass\u00e9 avant par plusieurs structures et entreprises li\u00e9es \u00e0 la tech\u2019 et le conseil en strat\u00e9gie.<\/p>\n<p class=\"paragraph text_align_left lp-f-body-02\">Au risque de laisser les candidatures se d\u00e9multiplier et laisser un boulevard \u00e0 la gauche ? Ces derni\u00e8res heures, en coulisses, des discussions ont pourtant eu lieu pour tenter d\u2019aboutir sur un seul nom commun entre le parti pr\u00e9sidentiel et les R\u00e9publicains. \u00ab Mais en se d\u00e9clarant sans pr\u00e9venir personne, Michel Barnier a tout but\u00e9. Donc chacun reprend ses billes \u00bb, raconte un \u00e9lu au fait des tractations. La bataille est lanc\u00e9e.<\/p>\n","protected":false},"excerpt":{"rendered":"La bataille de Paris est bel et bien partie dans la l\u00e9gislative partielle prochainement pr\u00e9vue dans la 2e&hellip;\n","protected":false},"author":2,"featured_media":252461,"comment_status":"","ping_status":"","sticky":false,"template":"","format":"standard","meta":{"footnotes":""},"categories":[1888],"tags":[11,5949,1777,674,1011,27,39201,12,626,316,25],"class_list":{"0":"post-252460","1":"post","2":"type-post","3":"status-publish","4":"format-standard","5":"has-post-thumbnail","7":"category-paris","8":"tag-actualites","9":"tag-elections","10":"tag-eu","11":"tag-europe","12":"tag-fr","13":"tag-france","14":"tag-legislatives","15":"tag-news","16":"tag-paris","17":"tag-politique","18":"tag-republique-francaise"},"share_on_mastodon":{"url":"","error":""},"_links":{"self":[{"href":"https:\/\/www.europesays.com\/fr\/wp-json\/wp\/v2\/posts\/252460","targetHints":{"allow":["GET"]}}],"collection":[{"href":"https:\/\/www.europesays.com\/fr\/wp-json\/wp\/v2\/posts"}],"about":[{"href":"https:\/\/www.europesays.com\/fr\/wp-json\/wp\/v2\/types\/post"}],"author":[{"embeddable":true,"href":"https:\/\/www.europesays.com\/fr\/wp-json\/wp\/v2\/users\/2"}],"replies":[{"embeddable":true,"href":"https:\/\/www.europesays.com\/fr\/wp-json\/wp\/v2\/comments?post=252460"}],"version-history":[{"count":0,"href":"https:\/\/www.europesays.com\/fr\/wp-json\/wp\/v2\/posts\/252460\/revisions"}],"wp:featuredmedia":[{"embeddable":true,"href":"https:\/\/www.europesays.com\/fr\/wp-json\/wp\/v2\/media\/252461"}],"wp:attachment":[{"href":"https:\/\/www.europesays.com\/fr\/wp-json\/wp\/v2\/media?parent=252460"}],"wp:term":[{"taxonomy":"category","embeddable":true,"href":"https:\/\/www.europesays.com\/fr\/wp-json\/wp\/v2\/categories?post=252460"},{"taxonomy":"post_tag","embeddable":true,"href":"https:\/\/www.europesays.com\/fr\/wp-json\/wp\/v2\/tags?post=252460"}],"curies":[{"name":"wp","href":"https:\/\/api.w.org\/{rel}","templated":true}]}}