{"id":252462,"date":"2025-07-16T23:17:28","date_gmt":"2025-07-16T23:17:28","guid":{"rendered":"https:\/\/www.europesays.com\/fr\/252462\/"},"modified":"2025-07-16T23:17:28","modified_gmt":"2025-07-16T23:17:28","slug":"frappes-russes-meurtrieres-en-ukraine-malgre-lultimatum-de-trump-lexpress","status":"publish","type":"post","link":"https:\/\/www.europesays.com\/fr\/252462\/","title":{"rendered":"Frappes russes meurtri\u00e8res en Ukraine malgr\u00e9 l&rsquo;ultimatum de Trump \u2013 L&rsquo;Express"},"content":{"rendered":"<p class=\"paragraph article-body-paragraph article__item   article-body-paragraph--first \">Le pr\u00e9sident am\u00e9ricain Donald Trump a donn\u00e9 lundi 50 jours \u00e0 Moscou pour parvenir \u00e0 un accord de paix avec l&rsquo;Ukraine, sous peine de sanctions s\u00e9v\u00e8res, mais les attaques russes en Ukraine se sont poursuivies depuis.<\/p>\n<p class=\"paragraph article-body-paragraph article__item   \">Les Russes ont une nouvelle fois d\u00e9lib\u00e9r\u00e9ment pris pour cible une zone tr\u00e8s fr\u00e9quent\u00e9e, un centre commercial situ\u00e9 en plein centre-ville. Cette fois-ci, ils ont utilis\u00e9 une bombe a\u00e9rienne de 500 kg, a \u00e9crit sur Telegram Vadym Filachkine, gouverneur de la r\u00e9gion de Donetsk.<\/p>\n<p class=\"paragraph article-body-paragraph article__item   \">La frappe sur la ville de Dobropillia a fait deux morts et 22 bless\u00e9s, a-t-il dit.<\/p>\n<p class=\"paragraph article-body-paragraph article__item   \">Il est probable que des personnes soient encore coinc\u00e9es sous les d\u00e9combres, et les recherches pour retrouver des survivants se poursuivent, a ajout\u00e9 Vadym Filachkine.<\/p>\n<p class=\"paragraph article-body-paragraph article__item   \">Le gouverneur a partag\u00e9 des photos montrant une rue couverte de d\u00e9bris, des b\u00e2timents d\u00e9truits et des magasins aux vitres souffl\u00e9es par l&rsquo;explosion.<\/p>\n<p class=\"paragraph article-body-paragraph article__item   \">Le pr\u00e9sident Volodymyr Zelensky a jug\u00e9 cette attaque russe horrible.<\/p>\n<p class=\"paragraph article-body-paragraph article__item   \">Leurs frappes n&rsquo;ont aucun sens militaire, elles ne visent qu&rsquo;\u00e0 faire le plus de victimes possible, a-t-il estim\u00e9 lors de son adresse quotidienne \u00e0 la nation.<\/p>\n<p class=\"paragraph article-body-paragraph article__item   \">Dobropillia est situ\u00e9e \u00e0 une vingtaine de kilom\u00e8tres du front est, o\u00f9 les combats sont particuli\u00e8rement violents.<\/p>\n<p class=\"paragraph article-body-paragraph article__item   \">Elle a \u00e9t\u00e9 de plus en plus fr\u00e9quemment cibl\u00e9e par des attaques de petits drones russes ces derni\u00e8res semaines.<\/p>\n<p> Centaines de drones <\/p>\n<p class=\"paragraph article-body-paragraph article__item   \">Lundi, Donald Trump a donn\u00e9 lundi \u00e0 la Russie un ultimatum de 50 jours pour mettre fin \u00e0 la guerre en Ukraine sous peine de sanctions s\u00e9v\u00e8res, et a annonc\u00e9 un r\u00e9armement massif de Kiev \u00e0 travers l&rsquo;Otan.<\/p>\n<p class=\"paragraph article-body-paragraph article__item   \">Les avertissements de Donald Trump n&rsquo;ont cependant pas fait cesser les frappes.<\/p>\n<p class=\"paragraph article-body-paragraph article__item   \">Dans la nuit de mardi \u00e0 mercredi, une quinzaine de personnes ont \u00e9t\u00e9 bless\u00e9es \u00e0 travers le pays dans une attaque russe impliquant des centaines de drones, selon les autorit\u00e9s.<\/p>\n<p><img decoding=\"async\" src=\"https:\/\/www.europesays.com\/fr\/wp-content\/uploads\/2025\/07\/GJYZPSW2RFCV3NRXYJDV2ZMRUY.jpg\" class=\"image-with-legend__cover-img\" alt=\"Un agriculteur ukrainien, Petro Pylypaka, transporte des parties de missiles russes dans la cour de sa maison dans le village de Ruski Tyshky (r\u00e9gion de Kharkiv), le 15 juillet 2025.\" width=\"883\" height=\"0\" loading=\"lazy\"\/><\/p>\n<p class=\"image-with-legend__legend\">Un agriculteur ukrainien, Petro Pylypaka, transporte des parties de missiles russes dans la cour de sa maison dans le village de Ruski Tyshky (r\u00e9gion de Kharkiv), le 15 juillet 2025.<\/p>\n<p class=\"image-with-legend__credits\"> \u00a9  \/ afp.com\/Ivan SAMOILOV<\/p>\n<p class=\"paragraph article-body-paragraph article__item   \">D&rsquo;apr\u00e8s l&rsquo;arm\u00e9e de l&rsquo;air ukrainienne, la Russie a tir\u00e9 au cours de la nuit pr\u00e8s de 400 drones explosifs et de nombreux leurres, dont 198 ont \u00e9t\u00e9 abattus et 145 autres perdus sans atteindre leur cible.<\/p>\n<p class=\"paragraph article-body-paragraph article__item   \">A Nikopol (centre), des frappes d&rsquo;artillerie russe ont aussi provoqu\u00e9 dans la matin\u00e9e la mort d&rsquo;une femme et bless\u00e9 cinq personnes, ont indiqu\u00e9 les services de secours sur Telegram.<\/p>\n<p class=\"paragraph article-body-paragraph article__item   \">La Russie multiplie depuis plusieurs semaines les frappes massives sur l&rsquo;Ukraine, impliquant souvent des centaines de drones et des missiles, fournis par une industrie de d\u00e9fense qui tourne \u00e0 plein r\u00e9gime.<\/p>\n<p class=\"paragraph article-body-paragraph article__item   \">En Russie, une personne a \u00e9t\u00e9 tu\u00e9e par une attaque de drone ukrainienne survenue mardi \u00e0 Voronej, \u00e0 environ 200 kilom\u00e8tres de la fronti\u00e8re ukrainienne, a rapport\u00e9 mercredi sur Telegram le gouverneur r\u00e9gional Alexandre Goussev.<\/p>\n<p> Remaniement <\/p>\n<p class=\"paragraph article-body-paragraph article__item   \">L&rsquo;annonce de Donald Trump constitue une volte-face, le pr\u00e9sident am\u00e9ricain ayant \u00e9t\u00e9 critique de l&rsquo;aide apport\u00e9e \u00e0 Kiev, et s&rsquo;\u00e9tant rapproch\u00e9 du pr\u00e9sident russe Vladimir Poutine.<\/p>\n<p class=\"paragraph article-body-paragraph article__item   \">Mais le refus de ce dernier d&rsquo;accepter un cessez-le-feu a suscit\u00e9 la frustration croissante du pr\u00e9sident am\u00e9ricain, qui se dit d\u00e9sormais d\u00e9\u00e7u du ma\u00eetre du Kremlin.<\/p>\n<p><img decoding=\"async\" src=\"https:\/\/www.europesays.com\/fr\/wp-content\/uploads\/2025\/07\/OWOBUM3YCNE4LDQUQTJA2QTVFY.jpg\" class=\"image-with-legend__cover-img\" alt=\"Dans cette photo distribu\u00e9e par le service de presse de la pr\u00e9sidence ukrainienne le 15 juillet 2025, le pr\u00e9sident Volodymyr Zelensky honore des soldats ukrainiens morts pour d\u00e9fendre leur pays.\" width=\"883\" height=\"0\" loading=\"lazy\"\/><\/p>\n<p class=\"image-with-legend__legend\">Dans cette photo distribu\u00e9e par le service de presse de la pr\u00e9sidence ukrainienne le 15 juillet 2025, le pr\u00e9sident Volodymyr Zelensky honore des soldats ukrainiens morts pour d\u00e9fendre leur pays.<\/p>\n<p class=\"image-with-legend__credits\"> \u00a9  \/ afp.com\/Handout<\/p>\n<p class=\"paragraph article-body-paragraph article__item   \">Le commandant en chef des arm\u00e9es ukrainiennes, Oleksandre Syrsky a par ailleurs dit avoir eu sa premi\u00e8re conversation t\u00e9l\u00e9phonique avec le commandant supr\u00eame des forces arm\u00e9es de l&rsquo;Otan en Europe, Alexus Grynkewich.<\/p>\n<p class=\"paragraph article-body-paragraph article__item   \">Apr\u00e8s cet \u00e9change avec ce g\u00e9n\u00e9ral am\u00e9ricain, M. Syrsky s&rsquo;est f\u00e9licit\u00e9 des engagements fermes de soutien de la part des Etats-Unis et de l&rsquo;Alliance.<\/p>\n<p class=\"paragraph article-body-paragraph article__item   \">L&rsquo;Ukraine traverse par ailleurs un remaniement gouvernemental d&rsquo;ampleur, cens\u00e9 insuffler un nouvel \u00e9lan apr\u00e8s plus de trois ans et demi d&rsquo;invasion russe.<\/p>\n<p class=\"paragraph article-body-paragraph article__item    article__text__endpicto\">La d\u00e9mission du gouvernement actuel a \u00e9t\u00e9 ent\u00e9rin\u00e9e par le parlement mercredi, et un nouveau, dirig\u00e9 par la ministre Ioulia Svyrydenko, devrait \u00eatre approuv\u00e9 par les \u00e9lus sous peu.<\/p>\n","protected":false},"excerpt":{"rendered":"Le pr\u00e9sident am\u00e9ricain Donald Trump a donn\u00e9 lundi 50 jours \u00e0 Moscou pour parvenir \u00e0 un accord de&hellip;\n","protected":false},"author":2,"featured_media":252463,"comment_status":"","ping_status":"","sticky":false,"template":"","format":"standard","meta":{"footnotes":""},"categories":[1591],"tags":[11,10944,1887,12,1885,1886,132],"class_list":{"0":"post-252462","1":"post","2":"type-post","3":"status-publish","4":"format-standard","5":"has-post-thumbnail","7":"category-russie","8":"tag-actualites","9":"tag-archives","10":"tag-federation-de-russie","11":"tag-news","12":"tag-russia","13":"tag-russian-federation","14":"tag-russie"},"share_on_mastodon":{"url":"https:\/\/pubeurope.com\/@fr\/114865467852099676","error":""},"_links":{"self":[{"href":"https:\/\/www.europesays.com\/fr\/wp-json\/wp\/v2\/posts\/252462","targetHints":{"allow":["GET"]}}],"collection":[{"href":"https:\/\/www.europesays.com\/fr\/wp-json\/wp\/v2\/posts"}],"about":[{"href":"https:\/\/www.europesays.com\/fr\/wp-json\/wp\/v2\/types\/post"}],"author":[{"embeddable":true,"href":"https:\/\/www.europesays.com\/fr\/wp-json\/wp\/v2\/users\/2"}],"replies":[{"embeddable":true,"href":"https:\/\/www.europesays.com\/fr\/wp-json\/wp\/v2\/comments?post=252462"}],"version-history":[{"count":0,"href":"https:\/\/www.europesays.com\/fr\/wp-json\/wp\/v2\/posts\/252462\/revisions"}],"wp:featuredmedia":[{"embeddable":true,"href":"https:\/\/www.europesays.com\/fr\/wp-json\/wp\/v2\/media\/252463"}],"wp:attachment":[{"href":"https:\/\/www.europesays.com\/fr\/wp-json\/wp\/v2\/media?parent=252462"}],"wp:term":[{"taxonomy":"category","embeddable":true,"href":"https:\/\/www.europesays.com\/fr\/wp-json\/wp\/v2\/categories?post=252462"},{"taxonomy":"post_tag","embeddable":true,"href":"https:\/\/www.europesays.com\/fr\/wp-json\/wp\/v2\/tags?post=252462"}],"curies":[{"name":"wp","href":"https:\/\/api.w.org\/{rel}","templated":true}]}}