{"id":252466,"date":"2025-07-16T23:19:10","date_gmt":"2025-07-16T23:19:10","guid":{"rendered":"https:\/\/www.europesays.com\/fr\/252466\/"},"modified":"2025-07-16T23:19:10","modified_gmt":"2025-07-16T23:19:10","slug":"usa-trump-dement-avoir-prevu-de-limoger-powell-fed","status":"publish","type":"post","link":"https:\/\/www.europesays.com\/fr\/252466\/","title":{"rendered":"USA-Trump d\u00e9ment avoir pr\u00e9vu de limoger Powell (Fed)"},"content":{"rendered":"<p>WASHINGTON (Reuters) &#8211;     Donald Trump a d\u00e9menti mercredi pr\u00e9voir de limoger le pr\u00e9sident de la R\u00e9serve f\u00e9d\u00e9rale (Fed), Jerome Powell, alors qu&rsquo;une source a d\u00e9clar\u00e9 plus t\u00f4t \u00e0 Reuters que le chef de la Maison blanche \u00e9tait ouvert \u00e0 cette hypoth\u00e8se tandis que Bloomberg a rapport\u00e9 qu&rsquo;une telle d\u00e9cision pourrait intervenir bient\u00f4t.<\/p>\n<p>\n              Ces informations de presse, qui ont provoqu\u00e9 un repli \u00e0 Wall Street et un recul du dollar, sont erron\u00e9es, a dit quelques instants plus tard Donald Trump, qui a multipli\u00e9 depuis son retour au pouvoir en janvier dernier les attaques \u00e0 l&rsquo;encontre de Jerome Powell, auquel il reproche de ne pas baisser les taux d&rsquo;int\u00e9r\u00eat.<\/p>\n<p>\n              Vers 16h00 GMT, les indices \u00e9taient revenus dans le vert.<\/p>\n<p>\n              \u00ab\u00a0Je n&rsquo;exclus rien, mais cela est hautement improbable\u00a0\u00bb, a d\u00e9clar\u00e9 le pr\u00e9sident am\u00e9ricain devant les journalistes \u00e0 propos d&rsquo;un limogeage du patron de la Fed. \u00ab\u00a0A moins qu&rsquo;il ne doive partir pour fraude\u00a0\u00bb, a-t-il ajout\u00e9, en r\u00e9f\u00e9rence au co\u00fbt \u00e9lev\u00e9 des r\u00e9novations du si\u00e8ge historique de la R\u00e9serve f\u00e9d\u00e9rale \u00e0 Washington. <\/p>\n<p>\n              Ce projet, au co\u00fbt estim\u00e9 \u00e0 environ 2,5 milliards de dollars, fait l&rsquo;objet de critiques de la part de la Maison blanche et de pairs r\u00e9publicains de Donald Trump au Congr\u00e8s. Face \u00e0 cette pol\u00e9mique, Jerome Powell a demand\u00e9 \u00e0 l&rsquo;inspecteur g\u00e9n\u00e9ral de la Fed de mener un nouvel examen du projet, ont rapport\u00e9 lundi plusieurs m\u00e9dias am\u00e9ricains. <\/p>\n<p>\n              Le locataire de la Maison blanche ne dispose pas de l&rsquo;autorit\u00e9 n\u00e9cessaire pour limoger le pr\u00e9sident de la Fed uniquement en raison d&rsquo;un d\u00e9saccord sur la politique mon\u00e9taire de la banque centrale.<\/p>\n<p>\n              Donald Trump a confirm\u00e9 mercredi s&rsquo;\u00eatre entretenu avec des \u00e9lus r\u00e9publicains \u00e0 propos de Jerome Powell, comme rapport\u00e9 par la source et par Bloomberg. Plusieurs participants \u00e0 une r\u00e9union ont dit penser que limoger le patron de la Fed \u00e9tait la bonne solution, a d\u00e9clar\u00e9 la source.<\/p>\n<p>\n              Le pr\u00e9sident am\u00e9ricain a dit adopter une approche plus conservatrice que les \u00e9lus r\u00e9publicains sur la question.<\/p>\n<p>\n              Ses commentaires ont rassur\u00e9 les march\u00e9s, qui ont rebondi, tandis que les rendements obligataires ont effac\u00e9 leurs pertes initiales.<\/p>\n<p>\n              \u00ab\u00a0Nous ne pr\u00e9voyons pas de faire quoi que ce soit (&#8230;) \u00ab\u00a0Nous aurons l&rsquo;opportunit\u00e9 d&rsquo;effectuer un changement dans huit mois. Nous choisirons quelqu&rsquo;un de bon\u00a0\u00bb, a d\u00e9clar\u00e9 Donald Trump, qui a de nouveau reproch\u00e9 \u00e0 Jerome Powell de faire un \u00ab\u00a0travail horrible\u00a0\u00bb.<\/p>\n<p>\n              Jerome Powell a initialement \u00e9t\u00e9 nomm\u00e9 \u00e0 la t\u00eate de la Fed par Donald Trump lors de son premier mandat, puis reconduit dans ces fonctions par l&rsquo;ancien pr\u00e9sident Joe Biden. Son mandat actuel doit s&rsquo;achever le 15 mai 2026.<\/p>\n<p> (Trevor Hunnicutt, David Morgan, Katharine Jackson \u00e0 Washington, avec la contribution de Ryan Patrick Jones \u00e0 Toronto; version fran\u00e7aise Jean Terzian)<\/p>\n","protected":false},"excerpt":{"rendered":"WASHINGTON (Reuters) &#8211; Donald Trump a d\u00e9menti mercredi pr\u00e9voir de limoger le pr\u00e9sident de la R\u00e9serve f\u00e9d\u00e9rale (Fed),&hellip;\n","protected":false},"author":2,"featured_media":252467,"comment_status":"","ping_status":"","sticky":false,"template":"","format":"standard","meta":{"footnotes":""},"categories":[1589],"tags":[11,340,73,1866,12,1864,1865,1863,308],"class_list":{"0":"post-252466","1":"post","2":"type-post","3":"status-publish","4":"format-standard","5":"has-post-thumbnail","7":"category-etats-unis","8":"tag-actualites","9":"tag-bourse","10":"tag-etats-unis","11":"tag-etats-unis-damerique","12":"tag-news","13":"tag-united-states","14":"tag-united-states-of-america","15":"tag-us","16":"tag-usa"},"share_on_mastodon":{"url":"https:\/\/pubeurope.com\/@fr\/114865475799562235","error":""},"_links":{"self":[{"href":"https:\/\/www.europesays.com\/fr\/wp-json\/wp\/v2\/posts\/252466","targetHints":{"allow":["GET"]}}],"collection":[{"href":"https:\/\/www.europesays.com\/fr\/wp-json\/wp\/v2\/posts"}],"about":[{"href":"https:\/\/www.europesays.com\/fr\/wp-json\/wp\/v2\/types\/post"}],"author":[{"embeddable":true,"href":"https:\/\/www.europesays.com\/fr\/wp-json\/wp\/v2\/users\/2"}],"replies":[{"embeddable":true,"href":"https:\/\/www.europesays.com\/fr\/wp-json\/wp\/v2\/comments?post=252466"}],"version-history":[{"count":0,"href":"https:\/\/www.europesays.com\/fr\/wp-json\/wp\/v2\/posts\/252466\/revisions"}],"wp:featuredmedia":[{"embeddable":true,"href":"https:\/\/www.europesays.com\/fr\/wp-json\/wp\/v2\/media\/252467"}],"wp:attachment":[{"href":"https:\/\/www.europesays.com\/fr\/wp-json\/wp\/v2\/media?parent=252466"}],"wp:term":[{"taxonomy":"category","embeddable":true,"href":"https:\/\/www.europesays.com\/fr\/wp-json\/wp\/v2\/categories?post=252466"},{"taxonomy":"post_tag","embeddable":true,"href":"https:\/\/www.europesays.com\/fr\/wp-json\/wp\/v2\/tags?post=252466"}],"curies":[{"name":"wp","href":"https:\/\/api.w.org\/{rel}","templated":true}]}}