{"id":252468,"date":"2025-07-16T23:20:12","date_gmt":"2025-07-16T23:20:12","guid":{"rendered":"https:\/\/www.europesays.com\/fr\/252468\/"},"modified":"2025-07-16T23:20:12","modified_gmt":"2025-07-16T23:20:12","slug":"une-collegienne-exclue-parce-quelle-portait-une-robe-aux-couleurs-du-drapeau-2","status":"publish","type":"post","link":"https:\/\/www.europesays.com\/fr\/252468\/","title":{"rendered":"Une coll\u00e9gienne exclue parce qu\u2019elle portait une robe aux couleurs du drapeau"},"content":{"rendered":"<p><strong>controverse &#8211; Une coll\u00e9gienne britannique a \u00e9t\u00e9 exclue d\u2019une journ\u00e9e culturelle pour avoir port\u00e9 une robe aux couleurs de l\u2019Union Jack, d\u00e9clenchant une vive pol\u00e9mique<\/strong><\/p>\n<p>L\u2019affaire suscite de nombreuses r\u00e9actions outre-Manche. Selon <a href=\"https:\/\/www.thesun.co.uk\/news\/35843814\/school-banned-my-daughter-for-union-jack-dress\/?at_medium=RSS%20feed&amp;at_campaign=ynews&amp;utm_source=yahoo&amp;utm_medium=rss&amp;utm_campaign=news_feed&amp;utm_content=in_article_link\" rel=\"nofollow noopener\" target=\"_blank\" data-ylk=\"slk:The Sun;elm:context_link;itc:0;sec:content-canvas\" class=\"link \">The Sun<\/a>, une \u00e9l\u00e8ve anglaise de 12 ans a \u00e9t\u00e9 exclue de son \u00e9cole vendredi dernier pour avoir port\u00e9 une tenue aux couleurs du drapeau britannique lors d\u2019une journ\u00e9e d\u00e9di\u00e9e \u00e0 la diversit\u00e9 culturelle. Les faits se sont produits \u00e0 Rugby, dans le Warwickshire (<a href=\"https:\/\/www.20minutes.fr\/monde\/royaume-uni\/?at_medium=RSS%20feed&amp;at_campaign=ynews&amp;utm_source=yahoo&amp;utm_medium=rss&amp;utm_campaign=news_feed&amp;utm_content=in_article_link\" rel=\"nofollow noopener\" target=\"_blank\" data-ylk=\"slk:Royaume-Uni;elm:context_link;itc:0;sec:content-canvas\" class=\"link \">Royaume-Uni<\/a>).<\/p>\n<p>L\u2019adolescente \u00e9tait v\u00eatue d\u2019une robe inspir\u00e9e de celle de Geri Halliwell des <a href=\"https:\/\/www.20minutes.fr\/dossier\/spice_girls?at_medium=RSS%20feed&amp;at_campaign=ynews&amp;utm_source=yahoo&amp;utm_medium=rss&amp;utm_campaign=news_feed&amp;utm_content=in_article_link\" rel=\"nofollow noopener\" target=\"_blank\" data-ylk=\"slk:Spice Girls;elm:context_link;itc:0;sec:content-canvas\" class=\"link \">Spice Girls<\/a>, arborant l\u2019Union Jack, et portait un chapeau melon assorti. D\u00e8s son arriv\u00e9e \u00e0 l\u2019\u00e9cole, les enseignants lui ont signifi\u00e9 que sa tenue n\u2019\u00e9tait pas appropri\u00e9e \u00e0 l\u2019\u00e9v\u00e9nement. \u00ab Vous pouvez c\u00e9l\u00e9brer votre identit\u00e9 britannique tous les jours \u00bb, lui aurait-on expliqu\u00e9. L\u2019\u00e9l\u00e8ve ayant refus\u00e9 de se changer, elle a \u00e9t\u00e9 exclue et raccompagn\u00e9e chez elle par son p\u00e8re.<\/p>\n<p>C\u00e9l\u00e9brer la culture britannique<\/p>\n<p>Ce dernier, choqu\u00e9 par la d\u00e9cision de l\u2019\u00e9tablissement, d\u00e9nonce un traitement injuste. Il estime que sa fille n\u2019a fait qu\u2019exprimer sa culture, comme tous les autres \u00e9l\u00e8ves. \u00ab Elle ne devrait pas se sentir g\u00ean\u00e9e d\u2019\u00eatre britannique. Et elle ne devrait pas \u00eatre punie pour avoir c\u00e9l\u00e9br\u00e9 son appartenance \u00e0 la Grande-Bretagne \u00bb, a-t-il d\u00e9plor\u00e9. Durant cette journ\u00e9e, sa fille avait pr\u00e9vu de lire un discours c\u00e9l\u00e9brant le th\u00e9, <a href=\"https:\/\/www.20minutes.fr\/dossier\/shakespeare?at_medium=RSS%20feed&amp;at_campaign=ynews&amp;utm_source=yahoo&amp;utm_medium=rss&amp;utm_campaign=news_feed&amp;utm_content=in_article_link\" rel=\"nofollow noopener\" target=\"_blank\" data-ylk=\"slk:Shakespeare;elm:context_link;itc:0;sec:content-canvas\" class=\"link \">Shakespeare<\/a>, le fish and chips et la famille royale.<\/p>\n<p>Le p\u00e8re de famille a qualifi\u00e9 cette d\u00e9cision de \u00ab signalement de vertu \u00bb, rapporte L\u2019Ind\u00e9pendant citant le Sun. \u00ab L\u2019ironie, c\u2019est qu\u2019ils c\u00e9l\u00e9braient une journ\u00e9e de diversit\u00e9 culturelle, et pourtant ils ont exclu un g(&#8230;)<\/p>\n<p><a href=\"https:\/\/www.20minutes.fr\/monde\/angleterre\/4163909-20250716-angleterre-collegienne-exclue-parce-portait-robe-couleurs-drapeau?at_medium=RSS%20feed&amp;at_campaign=ynews&amp;utm_source=yahoo&amp;utm_medium=rss&amp;utm_campaign=news_feed&amp;utm_content=read_more_link\" rel=\"nofollow noopener\" target=\"_blank\" data-ylk=\"slk:Lire la suite sur 20minutes;elm:context_link;itc:0;sec:content-canvas\" class=\"link \">Lire la suite sur 20minutes<\/a><\/p>\n<p>\u00c0 lire aussi :<br \/><a href=\"https:\/\/www.20minutes.fr\/justice\/4163724-20250715-angleterre-quatre-ans-prison-deux-hommes-detruit-arbre-plus-celebre-pays?at_medium=RSS%20feed&amp;at_campaign=ynews&amp;utm_source=yahoo&amp;utm_medium=rss&amp;utm_campaign=news_feed&amp;utm_content=related_content_link\" rel=\"nofollow noopener\" target=\"_blank\" data-ylk=\"slk:Angleterre : Quatre ans de prison pour les deux hommes qui ont d\u00e9truit l\u2019arbre le plus c\u00e9l\u00e8bre du pays;elm:context_link;itc:0;sec:content-canvas\" class=\"link \">Angleterre : Quatre ans de prison pour les deux hommes qui ont d\u00e9truit l\u2019arbre le plus c\u00e9l\u00e8bre du pays<\/a><br \/><a href=\"https:\/\/www.20minutes.fr\/monde\/4163625-20250715-royaume-uni-aristocrate-compagnon-reconnus-coupables-mort-bebe?at_medium=RSS%20feed&amp;at_campaign=ynews&amp;utm_source=yahoo&amp;utm_medium=rss&amp;utm_campaign=news_feed&amp;utm_content=related_content_link\" rel=\"nofollow noopener\" target=\"_blank\" data-ylk=\"slk:Royaume-Uni : Une aristocrate et son compagnon reconnus coupables de la mort de leur b\u00e9b\u00e9;elm:context_link;itc:0;sec:content-canvas\" class=\"link \">Royaume-Uni : Une aristocrate et son compagnon reconnus coupables de la mort de leur b\u00e9b\u00e9<\/a><\/p>\n","protected":false},"excerpt":{"rendered":"controverse &#8211; Une coll\u00e9gienne britannique a \u00e9t\u00e9 exclue d\u2019une journ\u00e9e culturelle pour avoir port\u00e9 une robe aux couleurs&hellip;\n","protected":false},"author":2,"featured_media":252469,"comment_status":"","ping_status":"","sticky":false,"template":"","format":"standard","meta":{"footnotes":""},"categories":[1588],"tags":[11,39262,39261,39263,1777,674,39265,39264,12,987,473,1853,1851,22280,1850,1852],"class_list":{"0":"post-252468","1":"post","2":"type-post","3":"status-publish","4":"format-standard","5":"has-post-thumbnail","7":"category-royaume-uni","8":"tag-actualites","9":"tag-culture-britannique","10":"tag-diversite-culturelle","11":"tag-drapeau-britannique","12":"tag-eu","13":"tag-europe","14":"tag-exclue","15":"tag-geri-halliwell","16":"tag-news","17":"tag-robe","18":"tag-royaume-uni","19":"tag-royaume-uni-de-grande-bretagne-et-dirlande-du-nord","20":"tag-uk","21":"tag-une-journee","22":"tag-united-kingdom","23":"tag-united-kingdom-of-great-britain-and-northern-ireland"},"share_on_mastodon":{"url":"https:\/\/pubeurope.com\/@fr\/114865479567183121","error":""},"_links":{"self":[{"href":"https:\/\/www.europesays.com\/fr\/wp-json\/wp\/v2\/posts\/252468","targetHints":{"allow":["GET"]}}],"collection":[{"href":"https:\/\/www.europesays.com\/fr\/wp-json\/wp\/v2\/posts"}],"about":[{"href":"https:\/\/www.europesays.com\/fr\/wp-json\/wp\/v2\/types\/post"}],"author":[{"embeddable":true,"href":"https:\/\/www.europesays.com\/fr\/wp-json\/wp\/v2\/users\/2"}],"replies":[{"embeddable":true,"href":"https:\/\/www.europesays.com\/fr\/wp-json\/wp\/v2\/comments?post=252468"}],"version-history":[{"count":0,"href":"https:\/\/www.europesays.com\/fr\/wp-json\/wp\/v2\/posts\/252468\/revisions"}],"wp:featuredmedia":[{"embeddable":true,"href":"https:\/\/www.europesays.com\/fr\/wp-json\/wp\/v2\/media\/252469"}],"wp:attachment":[{"href":"https:\/\/www.europesays.com\/fr\/wp-json\/wp\/v2\/media?parent=252468"}],"wp:term":[{"taxonomy":"category","embeddable":true,"href":"https:\/\/www.europesays.com\/fr\/wp-json\/wp\/v2\/categories?post=252468"},{"taxonomy":"post_tag","embeddable":true,"href":"https:\/\/www.europesays.com\/fr\/wp-json\/wp\/v2\/tags?post=252468"}],"curies":[{"name":"wp","href":"https:\/\/api.w.org\/{rel}","templated":true}]}}