{"id":252470,"date":"2025-07-16T23:21:14","date_gmt":"2025-07-16T23:21:14","guid":{"rendered":"https:\/\/www.europesays.com\/fr\/252470\/"},"modified":"2025-07-16T23:21:14","modified_gmt":"2025-07-16T23:21:14","slug":"je-ne-dirais-pas-du-tout-quil-y-a-un-complexe-dinferiorite","status":"publish","type":"post","link":"https:\/\/www.europesays.com\/fr\/252470\/","title":{"rendered":"Je ne dirais pas du tout qu&rsquo;il y a un complexe d&rsquo;inf\u00e9riorit\u00e9"},"content":{"rendered":"<p>Zapping Foot National \u00c0 la 93, le film <\/p>\n<p>Un choc qui promet ! Ce samedi soir (21h), l\u2019\u00c9quipe de France F\u00e9minine affronte effectivement l\u2019Allemagne en quarts de finale de l\u2019Euro 2025 (2 au 27 juillet en Suisse). Un affrontement sur terrain neutre pour deux nations qui aspirent \u00e0 aller jusqu\u2019au bout de la comp\u00e9tition. Pour autant, les Allemandes font office de b\u00eates noires pour les Bleues. \u00ab\u00a0Je ne dirais pas du tout qu&rsquo;il y a un complexe d&rsquo;inf\u00e9riorit\u00e9. Elles ont leur pass\u00e9, leur palmar\u00e8s, \u00e7a, c&rsquo;est s\u00fbr. Apr\u00e8s, moi, je ne me souvenais pas d&rsquo;autant de d\u00e9faites, tout simplement, parce que je ne les ai pas v\u00e9cues. Voil\u00e0, on est une autre g\u00e9n\u00e9ration, d&rsquo;autres joueuses, et maintenant, c&rsquo;est \u00e0 nous de cr\u00e9er notre histoire et notre palmar\u00e8s. On va tout faire pour renverser la tendance\u00a0\u00bb a tout simplement r\u00e9pondu Delphine Cascarino \u00e0 ce sujet en conf\u00e9rence de presse ce mercredi 16 juillet.\u00a0<\/p>\n<p>Cascarino de retour en forme<\/p>\n<p>L\u2019attaquante qui a fait les beaux jours de l\u2019Olympique Lyonnais durant de tr\u00e8s nombreuses ann\u00e9es avant de filer aux Etats-Unis revient en forme. Avec deux buts lors des phases de poules, la jumelle d\u2019Estelle est la co-meilleure buteuse fran\u00e7aise du tournoi (ndlr : avec Marie-Antoinette Katoto). \u00ab\u00a0Oui, \u00e7a faisait un moment que je n\u2019avais pas marqu\u00e9. J\u2019\u00e9tais revenue de blessure apr\u00e8s plusieurs mois et je n\u2019avais pas encore retrouv\u00e9 le chemin des filets, donc j\u2019\u00e9tais tr\u00e8s heureuse de marquer lors de notre dernier match. C\u2019\u00e9tait quelque chose qui me tenait \u00e0 c\u0153ur\u00a0\u00bb a-t-elle savour\u00e9, concernant son doubl\u00e9 face aux Pays-Bas. \u00ab\u00a0Cela dit, j\u2019apportais aussi \u00e0 l\u2019\u00e9quipe avec des passes d\u00e9cisives, et pour moi, une assistance est aussi importante qu\u2019un but. L\u2019essentiel, c\u2019est d\u2019aider l\u2019\u00e9quipe \u00e0 gagner, peu importe qui marque.\u00a0\u00bb<\/p>\n<p>Avec une concurrence plus difficile que jamais, Laurent Bonadei pousse ses joueuses \u00e0 passer un cap. Et les attaquantes sont d\u00e9sormais amen\u00e9es \u00e0 jouer dans d\u2019autres positions. \u00ab\u00a0C\u2019est vrai que jouer \u00e0 gauche ou \u00e0 droite, c\u2019est diff\u00e9rent. \u00c0 gauche, je suis peut-\u00eatre plus port\u00e9e vers la frappe, alors qu\u2019\u00e0 droite, je centre davantage. Mais j\u2019aime bien les deux positions, j\u2019ai d\u00e9j\u00e0 jou\u00e9 \u00e0 gauche par le pass\u00e9. Les deux me conviennent, et il faut aussi savoir s\u2019adapter aux besoins de l\u2019\u00e9quipe. Pour ce tournoi, je me sens bien \u00e0 droite. C&rsquo;est un bon signe pour l&rsquo;\u00e9quipe et pour moi\u00a0\u00bb a-t-elle conclu \u00e0 ce sujet.\u00a0<\/p>\n<p>Partagez cette info avec vos amis et vos proches en cliquant ici<br \/>Pour r\u00e9sumer<\/p>\n<p>Un choc qui promet ! Ce samedi soir (21h), l\u2019\u00c9quipe de France F\u00e9minine affronte effectivement l\u2019Allemagne en quarts de finale de l\u2019Euro 2025 (2 au 27 juillet en Suisse). Un affrontement sur terrain neutre pour deux nations qui aspirent \u00e0 aller jusqu\u2019au bout de la comp\u00e9tition.<\/p>\n<p> <img decoding=\"async\" width=\"76\" height=\"76\" loading=\"lazy\" src=\"https:\/\/static.wui.fr\/images_v3\/avatar-footnational.png\" alt=\"Youcef Ghalaza-Boudra\"\/><\/p>\n","protected":false},"excerpt":{"rendered":"Zapping Foot National \u00c0 la 93, le film Un choc qui promet ! Ce samedi soir (21h), l\u2019\u00c9quipe&hellip;\n","protected":false},"author":2,"featured_media":252471,"comment_status":"","ping_status":"","sticky":false,"template":"","format":"standard","meta":{"footnotes":""},"categories":[1587],"tags":[11,672,1804,1805,1803,1777,674,1801,12,1802],"class_list":{"0":"post-252470","1":"post","2":"type-post","3":"status-publish","4":"format-standard","5":"has-post-thumbnail","7":"category-allemagne","8":"tag-actualites","9":"tag-allemagne","10":"tag-bundesrepublik-deutschland","11":"tag-de","12":"tag-deutschland","13":"tag-eu","14":"tag-europe","15":"tag-germany","16":"tag-news","17":"tag-republique-federale-dallemagne"},"share_on_mastodon":{"url":"https:\/\/pubeurope.com\/@fr\/114865483621142743","error":""},"_links":{"self":[{"href":"https:\/\/www.europesays.com\/fr\/wp-json\/wp\/v2\/posts\/252470","targetHints":{"allow":["GET"]}}],"collection":[{"href":"https:\/\/www.europesays.com\/fr\/wp-json\/wp\/v2\/posts"}],"about":[{"href":"https:\/\/www.europesays.com\/fr\/wp-json\/wp\/v2\/types\/post"}],"author":[{"embeddable":true,"href":"https:\/\/www.europesays.com\/fr\/wp-json\/wp\/v2\/users\/2"}],"replies":[{"embeddable":true,"href":"https:\/\/www.europesays.com\/fr\/wp-json\/wp\/v2\/comments?post=252470"}],"version-history":[{"count":0,"href":"https:\/\/www.europesays.com\/fr\/wp-json\/wp\/v2\/posts\/252470\/revisions"}],"wp:featuredmedia":[{"embeddable":true,"href":"https:\/\/www.europesays.com\/fr\/wp-json\/wp\/v2\/media\/252471"}],"wp:attachment":[{"href":"https:\/\/www.europesays.com\/fr\/wp-json\/wp\/v2\/media?parent=252470"}],"wp:term":[{"taxonomy":"category","embeddable":true,"href":"https:\/\/www.europesays.com\/fr\/wp-json\/wp\/v2\/categories?post=252470"},{"taxonomy":"post_tag","embeddable":true,"href":"https:\/\/www.europesays.com\/fr\/wp-json\/wp\/v2\/tags?post=252470"}],"curies":[{"name":"wp","href":"https:\/\/api.w.org\/{rel}","templated":true}]}}