{"id":252477,"date":"2025-07-16T23:25:10","date_gmt":"2025-07-16T23:25:10","guid":{"rendered":"https:\/\/www.europesays.com\/fr\/252477\/"},"modified":"2025-07-16T23:25:10","modified_gmt":"2025-07-16T23:25:10","slug":"les-precisions-du-clan-mbappe-apres-les-revelations-du-canard-enchaine-france","status":"publish","type":"post","link":"https:\/\/www.europesays.com\/fr\/252477\/","title":{"rendered":"Les pr\u00e9cisions du clan Mbapp\u00e9 apr\u00e8s les r\u00e9v\u00e9lations du Canard encha\u00een\u00e9 &#8211; France"},"content":{"rendered":"<p>Ce mercredi, Le Canard encha\u00een\u00e9 r\u00e9v\u00e9lait que l\u2019IGPN, la police des polices, avait <strong><a target=\"_blank\" href=\"https:\/\/www.sofoot.com\/breves\/une-enquete-ouverte-par-ligpn-apres-des-versements-de-kylian-mbappe-a-des-policiers#goog_rewarded\" rel=\"nofollow noopener\">ouvert une enqu\u00eate \u00e0 la suite d\u2019un versement de 180 300 euros de Kylian Mbapp\u00e9 \u00e0 diff\u00e9rents policiers<\/a><\/strong>. Selon l\u2019hebdomadaire, l\u2019attaquant des Bleus avait par ailleurs sign\u00e9 une attestation dans laquelle il signifiait avoir d\u00e9cid\u00e9 de verser l\u2019int\u00e9gralit\u00e9 de sa prime de participation per\u00e7ue apr\u00e8s le Mondial 2022.<\/p>\n<p>\u00ab\u202f<strong>Depuis ses d\u00e9buts en \u00e9quipe de France, Kylian Mbapp\u00e9 a toujours choisi de reverser l\u2019int\u00e9gralit\u00e9 de ses primes de s\u00e9lection.<\/strong> C\u2019est ce qu\u2019il a fait apr\u00e8s la Coupe du monde 2022, en toute transparence : une partie a \u00e9t\u00e9 vers\u00e9e \u00e0 des associations, comme Premiers de cord\u00e9e, et l\u2019autre \u00e0 l\u2019ensemble des agents de s\u00e9curit\u00e9 qui ont accompagn\u00e9 l\u2019\u00e9quipe de France, soit huit personnes, dont plusieurs CRS d\u00e9tach\u00e9s aupr\u00e8s de la FFF\u00a0\u00bb, pr\u00e9cise la conseill\u00e8re en communication du joueur.<\/p>\n<p>\u00ab\u202fTout a \u00e9t\u00e9 fait dans le respect des r\u00e8gles\u202f\u00bb<\/p>\n<p class=\"x_qt-MsoNormal\">L\u2019entourage de Mbapp\u00e9 a tenu \u00e0 donner sa version de l\u2019histoire : \u00ab\u202fTous les membres du staff avaient per\u00e7u leur prime post-Mondial \u2014 sauf eux. <strong>Ce don a \u00e9t\u00e9 fait dans un esprit d\u2019\u00e9quit\u00e9, de reconnaissance du travail accompli, sans aucune contrepartie<\/strong><strong>. <\/strong><strong>Le commandant S., en particulier, n\u2019a jamais \u00e9t\u00e9 r\u00e9mun\u00e9r\u00e9 pour sa pr\u00e9sence aupr\u00e8s de Kylian<\/strong>, y compris lors de d\u00e9placements comme celui au Cameroun. Il agissait en tant que repr\u00e9sentant officiel de la R\u00e9publique et de la F\u00e9d\u00e9ration, comme il l\u2019avait d\u00e9j\u00e0 fait aux c\u00f4t\u00e9s d\u2019autres joueurs avant Kylian.\u202f\u00bb<\/p>\n<p class=\"x_qt-MsoNormal\">Avant de conclure : \u00ab\u202f<strong>Tout a \u00e9t\u00e9 fait dans le respect des r\u00e8gles, mais aussi dans l\u2019esprit de la loi, qui autorise un joueur \u00e0 exprimer sa reconnaissance envers celles et ceux qui travaillent dans l\u2019ombre, avec loyaut\u00e9 et engagement.<\/strong> Ce lien de confiance entre les joueurs et les agents de s\u00e9curit\u00e9 m\u00e9rite d\u2019\u00eatre reconnu, pas d\u00e9valoris\u00e9.\u202f\u00bb<\/p>\n<p>\t\t\t\t\t\t\t\t\t\t<a class=\"lien-connexe\" href=\"https:\/\/www.sofoot.com\/articles\/comment-le-football-francais-peut-il-participer-a-leffort-budgetaire-annonce-par-francois-bayrou\" rel=\"nofollow noopener\" target=\"_blank\">Comment le football fran\u00e7ais peut-il participer \u00e0 l\u2019effort budg\u00e9taire\u00a0?<\/a>\t\t\t\t\t<\/p>\n","protected":false},"excerpt":{"rendered":"Ce mercredi, Le Canard encha\u00een\u00e9 r\u00e9v\u00e9lait que l\u2019IGPN, la police des polices, avait ouvert une enqu\u00eate \u00e0 la&hellip;\n","protected":false},"author":2,"featured_media":252478,"comment_status":"","ping_status":"","sticky":false,"template":"","format":"standard","meta":{"footnotes":""},"categories":[2],"tags":[47,11,61,69,65,64,63,1011,27,68,66,12,62,70,25,67],"class_list":{"0":"post-252477","1":"post","2":"type-post","3":"status-publish","4":"format-standard","5":"has-post-thumbnail","7":"category-actualites","8":"tag-actualite","9":"tag-actualites","10":"tag-actus-football","11":"tag-bundesliga","12":"tag-championnats-europeens","13":"tag-equipe-de-france","14":"tag-football","15":"tag-fr","16":"tag-france","17":"tag-ligua","18":"tag-ligue-1","19":"tag-news","20":"tag-news-foot","21":"tag-premier-league","22":"tag-republique-francaise","23":"tag-serie-a"},"share_on_mastodon":{"url":"https:\/\/pubeurope.com\/@fr\/114865499234280231","error":""},"_links":{"self":[{"href":"https:\/\/www.europesays.com\/fr\/wp-json\/wp\/v2\/posts\/252477","targetHints":{"allow":["GET"]}}],"collection":[{"href":"https:\/\/www.europesays.com\/fr\/wp-json\/wp\/v2\/posts"}],"about":[{"href":"https:\/\/www.europesays.com\/fr\/wp-json\/wp\/v2\/types\/post"}],"author":[{"embeddable":true,"href":"https:\/\/www.europesays.com\/fr\/wp-json\/wp\/v2\/users\/2"}],"replies":[{"embeddable":true,"href":"https:\/\/www.europesays.com\/fr\/wp-json\/wp\/v2\/comments?post=252477"}],"version-history":[{"count":0,"href":"https:\/\/www.europesays.com\/fr\/wp-json\/wp\/v2\/posts\/252477\/revisions"}],"wp:featuredmedia":[{"embeddable":true,"href":"https:\/\/www.europesays.com\/fr\/wp-json\/wp\/v2\/media\/252478"}],"wp:attachment":[{"href":"https:\/\/www.europesays.com\/fr\/wp-json\/wp\/v2\/media?parent=252477"}],"wp:term":[{"taxonomy":"category","embeddable":true,"href":"https:\/\/www.europesays.com\/fr\/wp-json\/wp\/v2\/categories?post=252477"},{"taxonomy":"post_tag","embeddable":true,"href":"https:\/\/www.europesays.com\/fr\/wp-json\/wp\/v2\/tags?post=252477"}],"curies":[{"name":"wp","href":"https:\/\/api.w.org\/{rel}","templated":true}]}}