{"id":252483,"date":"2025-07-16T23:29:12","date_gmt":"2025-07-16T23:29:12","guid":{"rendered":"https:\/\/www.europesays.com\/fr\/252483\/"},"modified":"2025-07-16T23:29:12","modified_gmt":"2025-07-16T23:29:12","slug":"super-xiii-pia-se-renforce-avec-deux-nouvelles-recrues-rugby-a-xiii","status":"publish","type":"post","link":"https:\/\/www.europesays.com\/fr\/252483\/","title":{"rendered":"Super XIII &#8211; Pia se renforce avec deux nouvelles recrues &#8211; Rugby \u00e0 XIII"},"content":{"rendered":"<p style=\"text-align: justify;\"><strong>Les Baroudeurs signent Adrien Salies, fils de Laurent, co-pr\u00e9sident du club et Kelyan Giroud, fils de Thibault, directeur de la performance \u00e0 l\u2019UBB.<\/strong><\/p>\n<p style=\"text-align: justify;\">Les Salanquais comptent bien continuer leur mont\u00e9e en puissance dans le Super XIII. De plus, ils devaient de r\u00e9agir suite \u00e0 <a href=\"https:\/\/treizemondial.fr\/pia-compte-7-departs-de-plus\/\" target=\"_blank\" rel=\"noopener\">la liste de d\u00e9parts annonc\u00e9e<\/a>. L\u2019objectif \u00e9tant de finir dans les 4 premiers afin de jouer un barrage ou une demie \u00e0 domicile, le club mise sur une politique de construction d\u2019effectif comp\u00e9titif dans le temps. Et pour cela, quoi de mieux que la jeunesse. Ainsi, le club catalan a recrut\u00e9 deux joueurs de moins de 25 ans \u00e9voluant sur le flanc de l\u2019attaque.<\/p>\n<p style=\"text-align: justify;\">Adrien Salies est r\u00e9put\u00e9 pour \u00eatre \u00e0 la fois un centre physique et technique. Ce joueur mesurant 1,85m et pesant 90 kg a \u00e9t\u00e9 recrut\u00e9 pour palier au d\u00e9part de Th\u00e9o Bonneriez avec qui il partage les m\u00eames caract\u00e9ristiques. Agressif, physique et ne rechignant jamais \u00e0 la t\u00e2che, il aura pour r\u00f4le de faire jouer ses qualit\u00e9s afin de cr\u00e9er des espaces pour ses copains de jeu. Le n\u00e9o-champion compte 10 matchs et 5 essais cette saison en championnat et voudra d\u00e9montrer que l\u2019on peut compter sur lui. Dot\u00e9 en plus d\u2019un jeu au pied int\u00e9ressant, il sera une option pertinente pour son entra\u00eeneur Benoit Albert.<\/p>\n<p style=\"text-align: justify;\">L\u2019autre recrue, quant \u00e0 elle, joue \u00e0 l\u2019aile. Kelyan Giroud est un pur finisseur. Venant du 15 et du 7, il allie \u00e0 la fois vitesse et endurance. 1,78m pour 78 kg et r\u00e9put\u00e9 pour ses qualit\u00e9s de finisseur, il sera sans aucun doute un atout majeur pour les essais en fin de ligne du c\u00f4t\u00e9 pianenc. Il est le fils de Thibault Giroud, actuel directeur de la performance \u00e0 l\u2019UBB et touche \u00e0 tout, pass\u00e9 par le football am\u00e9ricain, l\u2019athl\u00e9tisme, le bobsleigh et le XV.<\/p>\n","protected":false},"excerpt":{"rendered":"Les Baroudeurs signent Adrien Salies, fils de Laurent, co-pr\u00e9sident du club et Kelyan Giroud, fils de Thibault, directeur&hellip;\n","protected":false},"author":2,"featured_media":252484,"comment_status":"","ping_status":"","sticky":false,"template":"","format":"standard","meta":{"footnotes":""},"categories":[1416],"tags":[39266,39267,39268,1011,27,39269,479,2228,1468,2229,60,969],"class_list":{"0":"post-252483","1":"post","2":"type-post","3":"status-publish","4":"format-standard","5":"has-post-thumbnail","7":"category-rugby","8":"tag-adrien-salies","9":"tag-albi-rugby-league","10":"tag-baroudeurs-de-pia-xiii","11":"tag-fr","12":"tag-france","13":"tag-kelyan-giroud","14":"tag-rugby","15":"tag-rugby-a-xiii","16":"tag-rugby-football","17":"tag-rugby-league","18":"tag-sports","19":"tag-transfert"},"share_on_mastodon":{"url":"https:\/\/pubeurope.com\/@fr\/114865515036430406","error":""},"_links":{"self":[{"href":"https:\/\/www.europesays.com\/fr\/wp-json\/wp\/v2\/posts\/252483","targetHints":{"allow":["GET"]}}],"collection":[{"href":"https:\/\/www.europesays.com\/fr\/wp-json\/wp\/v2\/posts"}],"about":[{"href":"https:\/\/www.europesays.com\/fr\/wp-json\/wp\/v2\/types\/post"}],"author":[{"embeddable":true,"href":"https:\/\/www.europesays.com\/fr\/wp-json\/wp\/v2\/users\/2"}],"replies":[{"embeddable":true,"href":"https:\/\/www.europesays.com\/fr\/wp-json\/wp\/v2\/comments?post=252483"}],"version-history":[{"count":0,"href":"https:\/\/www.europesays.com\/fr\/wp-json\/wp\/v2\/posts\/252483\/revisions"}],"wp:featuredmedia":[{"embeddable":true,"href":"https:\/\/www.europesays.com\/fr\/wp-json\/wp\/v2\/media\/252484"}],"wp:attachment":[{"href":"https:\/\/www.europesays.com\/fr\/wp-json\/wp\/v2\/media?parent=252483"}],"wp:term":[{"taxonomy":"category","embeddable":true,"href":"https:\/\/www.europesays.com\/fr\/wp-json\/wp\/v2\/categories?post=252483"},{"taxonomy":"post_tag","embeddable":true,"href":"https:\/\/www.europesays.com\/fr\/wp-json\/wp\/v2\/tags?post=252483"}],"curies":[{"name":"wp","href":"https:\/\/api.w.org\/{rel}","templated":true}]}}