{"id":252485,"date":"2025-07-16T23:30:15","date_gmt":"2025-07-16T23:30:15","guid":{"rendered":"https:\/\/www.europesays.com\/fr\/252485\/"},"modified":"2025-07-16T23:30:15","modified_gmt":"2025-07-16T23:30:15","slug":"eugenie-bouchard-a-la-retraite-apres-le-tournoi-de-montreal","status":"publish","type":"post","link":"https:\/\/www.europesays.com\/fr\/252485\/","title":{"rendered":"Eugenie Bouchard \u00e0 la retraite apr\u00e8s le tournoi de Montr\u00e9al"},"content":{"rendered":"<p class=\"lead textModule textModule--type-lead \" style=\"\">\u00ab\u00a0Tu sais quand arrive le bon moment. Pour moi, c\u2019est maintenant. Je terminerai l\u00e0 o\u00f9 tout a commenc\u00e9\u00a0: Montr\u00e9al\u00a0\u00bb.<\/p>\n<p>                    Publi\u00e9 \u00e0 13\u00a0h\u00a019<\/p>\n<p>        Mis \u00e0 jour \u00e0 16\u00a0h\u00a006<\/p>\n<p>    <a class=\"print\" href=\"https:\/\/www.lapresse.ca\/sports\/tennis\/2025-07-16\/javascript:window.print();\" title=\"Imprimer la page\" rel=\"nofollow noopener\" target=\"_blank\"><\/p>\n<p>        <img loading=\"lazy\" decoding=\"async\" width=\"16\" height=\"18\" src=\"https:\/\/www.europesays.com\/fr\/wp-content\/uploads\/2025\/04\/share-icon.png\" alt=\"Partager\"\/><\/p>\n<p class=\"paragraph textModule textModule--type-paragraph \" style=\"\">Sans d\u00e9tour, dans un court message publi\u00e9 mercredi sur son compte Instagram suivi par 2,3\u00a0millions de personnes, Eugenie Bouchard a confirm\u00e9 qu\u2019elle prendrait sa retraite apr\u00e8s l\u2019Omnium Banque Nationale, qui s\u2019amorcera dans un peu plus d\u2019une semaine.<\/p>\n<p class=\"paragraph textModule textModule--type-paragraph \" style=\"\">M\u00eame si l\u2019athl\u00e8te de 31\u00a0ans se faisait plus rare dans les tournois d\u2019envergure, cette nouvelle fait r\u00e9agir sur la plan\u00e8te tennis. Le New\u00a0York Times et le quotidien L\u2019\u00c9quipe ont \u00e9galement diffus\u00e9 l\u2019annonce dans leurs manchettes sportives. <\/p>\n<p class=\"paragraph textModule textModule--type-paragraph \" style=\"\">Apr\u00e8s tout, Bouchard est devenue en 2014 la premi\u00e8re joueuse canadienne \u00e0 acc\u00e9der \u00e0 la finale d\u2019un tournoi du Grand Chelem. C\u2019\u00e9tait \u00e0 Wimbledon. La m\u00eame ann\u00e9e, elle a atteint les demi-finales des Internationaux d\u2019Australie et de Roland-Garros, en plus de grimper au cinqui\u00e8me rang du classement mondial.<\/p>\n<p class=\"paragraph textModule textModule--type-paragraph \" style=\"\">\u00ab\u00a0Nous sommes nombreux \u00e0 avoir des souvenirs bien pr\u00e9cis \u00e0 regarder Eugenie. Elle nous a fait vivre toutes sortes d\u2019\u00e9motions. Et on aura la chance de vivre une derni\u00e8re \u00e9motion en la regardant jouer sur un terrain\u00a0\u00bb, a indiqu\u00e9 au t\u00e9l\u00e9phone Val\u00e9rie T\u00e9treault, directrice de l\u2019Omnium Banque Nationale, quelques minutes apr\u00e8s l\u2019annonce de Bouchard.<\/p>\n<p class=\"paragraph textModule textModule--type-paragraph \" style=\"\">Pour T\u00e9treault, c\u2019est une page importante de l\u2019histoire du tennis canadien qui se tourne. Elle a confirm\u00e9 \u00e0 La\u00a0Presse, quelques instants apr\u00e8s l\u2019annonce d\u2019Eugenie Bouchard sur Instagram, que la Montr\u00e9alaise avait re\u00e7u un laissez-passer pour le tableau principal du tournoi. La grande droiti\u00e8re aurait pris sa d\u00e9cision il y a quelques semaines d\u00e9j\u00e0. Et depuis, la directrice du tournoi est en \u00e9troit contact avec l\u2019entourage de la joueuse pour lui permettre de se retirer de la plus belle mani\u00e8re possible.<\/p>\n<p class=\"paragraph textModule textModule--type-paragraph \" style=\"\">\u00ab\u00a0On lui a dit que si elle souhaitait prendre sa retraite en jouant une toute derni\u00e8re fois le tournoi de Montr\u00e9al, o\u00f9 tout a commenc\u00e9, on allait lui offrir un laissez-passer et c\u00e9l\u00e9brer la carri\u00e8re qu\u2019elle a eue. \u00c7a demeure une joueuse qui a eu une grande importance pour plusieurs jeunes joueuses. Elle a \u00e9t\u00e9 un mod\u00e8le.\u00a0\u00bb<\/p>\n<p>                    L\u2019impact de Genie<\/p>\n<p class=\"paragraph textModule textModule--type-paragraph \" style=\"\">Bouchard s\u2019\u00e9tait confi\u00e9e \u00e0 La\u00a0Presse l\u2019automne dernier, lors d\u2019une rarissime entrevue. Lors de cette rencontre, on lui avait demand\u00e9 de quelle mani\u00e8re elle souhaitait qu\u2019on se souvienne d\u2019elle.<\/p>\n<p><a class=\"linkModule SPO\" href=\"https:\/\/www.lapresse.ca\/sports\/tennis\/entrevue\/eugenie-bouchard-n-a-pas-dit-son-dernier-mot\/2024-11-16\/je-n-ai-jamais-perdu-la-passion.php\" target=\"_self\" style=\"&#010;                \" rel=\"nofollow noopener\"><\/p>\n<p>        Relisez \u00ab\u00a0Eugenie Bouchard n\u2019a pas dit son dernier mot\u00a0\u00bb<\/p>\n<p><\/a><\/p>\n<p class=\"quoteText\" style=\"\">Je veux avoir inspir\u00e9 des gens, surtout des enfants, \u00e0 jouer. \u00c7\u2019a toujours \u00e9t\u00e9 la chose la plus importante. J\u2019ai eu des idoles, des mod\u00e8les. Et penser que je pourrais \u00eatre cette personne pour un jeune, c\u2019est sp\u00e9cial. Et \u00e7a vaut tout le travail que j\u2019ai fait. Je veux contribuer \u00e0 une soci\u00e9t\u00e9 plus en sant\u00e9. Si une m\u00e8re vient me voir et qu\u2019elle me dit que sa fille aime le tennis gr\u00e2ce \u00e0 moi, \u00e7a voudra dire que j\u2019aurai fait quelque chose de bien.<\/p>\n<p class=\"quoteSource\" style=\"\">\n            Eugenie Bouchard\n        <\/p>\n<p class=\"paragraph textModule textModule--type-paragraph \" style=\"\">Lorsqu\u2019on fait mention de ce passage \u00e0 Val\u00e9rie T\u00e9treault, elle a un petit rire. Et elle confirme qu\u2019elle a r\u00e9ussi sa mission.<\/p>\n<p>                                        <img decoding=\"async\" src=\"https:\/\/www.europesays.com\/fr\/wp-content\/uploads\/2025\/07\/3c2819f9a2923fd9a44c4ad582c0414c.jpg\" alt=\"\" class=\"photoModule__visual\" itemprop=\"contentUrl url\"\/><\/p>\n<p class=\"credit photoModule__caption photoModule__caption--credit\" style=\"\">\n                    PHOTO CHARLES WILLIAM PELLETIER, ARCHIVES COLLABORATION SP\u00c9CIALE\n                <\/p>\n<p class=\"description photoModule__caption photoModule__caption--description\" style=\"\">\n                    Val\u00e9rie T\u00e9treault, directrice de l\u2019Omnium Banque Nationale\n                <\/p>\n<p class=\"paragraph textModule textModule--type-paragraph \" style=\"\">T\u00e9treault se souvient tr\u00e8s bien de l\u2019effervescence autour de la mont\u00e9e en popularit\u00e9 de ce jeune prodige. En \u00e9tant impliqu\u00e9e dans l\u2019organisation de l\u2019OBN, T\u00e9treault a aussi constat\u00e9 un engouement diff\u00e9rent des jeunes joueuses de tennis inspir\u00e9es par Bouchard au cours des ann\u00e9es.<\/p>\n<p class=\"paragraph textModule textModule--type-paragraph \" style=\"\">\u00ab\u00a0Je me souviens que lorsqu\u2019elle \u00e9tait [au sommet de sa forme], m\u00eame dans les inscriptions pour notre programme de chasseurs de balles, on voyait beaucoup plus de jeunes filles. M\u00eame Tennis Montr\u00e9al et Tennis Qu\u00e9bec voyaient des diff\u00e9rences marqu\u00e9es dans les inscriptions chez les jeunes filles. L\u2019impact qu\u2019elle a eu demeure \u00e9norme. Et il y a s\u00fbrement plusieurs adolescentes qui diraient que si elles jouent au tennis, c\u2019est gr\u00e2ce \u00e0 Eugenie Bouchard.\u00a0\u00bb<\/p>\n<p>                    Une carri\u00e8re en deux temps<\/p>\n<p class=\"paragraph textModule textModule--type-paragraph \" style=\"\">Bouchard n\u2019\u00e9tait encore qu\u2019une enfant, que d\u00e9j\u00e0, au Centre national de Tennis Canada, on voyait en elle une future championne.<\/p>\n<p class=\"paragraph textModule textModule--type-paragraph \" style=\"\">Joueuse agressive qui prenait la balle t\u00f4t dans le rebond, la Qu\u00e9b\u00e9coise avait un style de jeu qui lui a fait grimper les \u00e9chelons rapidement. Elle avait tr\u00e8s peu de faiblesses dans son arsenal de coups. On parlait, \u00e0 ses d\u00e9buts, d\u2019un talent g\u00e9n\u00e9rationnel. En 2012, elle a remport\u00e9 le tournoi junior de Wimbledon.<\/p>\n<p class=\"paragraph textModule textModule--type-paragraph \" style=\"\">Puis, l\u2019ann\u00e9e de ses 20\u00a0ans, en 2014, elle a donn\u00e9 raison \u00e0 ceux qui croyaient en elle. Une ann\u00e9e remarquable pendant laquelle elle a fait sa place parmi les cinq meilleures joueuses au monde. Cette saison-l\u00e0, Bouchard a remport\u00e9 le seul titre de sa carri\u00e8re, \u00e0 Nuremberg, o\u00f9 elle a battu en finale Karolina Pliskova, qui allait plus tard devenir num\u00e9ro un mondiale.<\/p>\n<p>                                        <img decoding=\"async\" src=\"https:\/\/www.europesays.com\/fr\/wp-content\/uploads\/2025\/07\/e346151862f43c0f8e3a59aa06e7c9e4.jpg\" alt=\"\" class=\"photoModule__visual\" itemprop=\"contentUrl url\"\/><\/p>\n<p class=\"credit photoModule__caption photoModule__caption--credit\" style=\"\">\n                    PHOTO SANG TAN, ARCHIVES ASSOCIATED PRESS\n                <\/p>\n<p class=\"description photoModule__caption photoModule__caption--description\" style=\"\">\n                    Eugenie Bouchard a atteint la finale de Wimbledon en 2014.\n                <\/p>\n<p class=\"paragraph textModule textModule--type-paragraph \" style=\"\">Elle s\u2019est cependant bless\u00e9e aux abdominaux en 2015. Et aux Internationaux des \u00c9tats-Unis, elle jouait du tennis de grande qualit\u00e9. Mais avant le quatri\u00e8me tour du tournoi new-yorkais, elle a subi une commotion c\u00e9r\u00e9brale en tr\u00e9buchant dans le vestiaire. Les blessures, la chute au classement et le manque de constance ont ralenti consid\u00e9rablement Bouchard de 2016 \u00e0 2019.<\/p>\n<p class=\"paragraph textModule textModule--type-paragraph \" style=\"\">En 2020, elle a particip\u00e9 \u00e0 sa premi\u00e8re finale en quatre ans, \u00e0 Istanbul. Elle s\u2019est cependant inclin\u00e9e devant Patricia Maria Tig. Des blessures r\u00e9p\u00e9titives \u00e0 une \u00e9paule ont ensuite min\u00e9 toute chance de progression. Elle a connu quelques bons moments, comme des parenth\u00e8ses, pendant les cinq derni\u00e8res saisons, mais rien de concluant. La Canadienne a aussi repr\u00e9sent\u00e9 son pays \u00e0 six reprises, dont aux Jeux olympiques de Rio en 2016.<\/p>\n<p class=\"paragraph textModule textModule--type-paragraph \" style=\"\">Depuis 2023, Bouchard passe la majeure partie de son temps sur le circuit professionnel de pickleball. Elle pointe actuellement au 12e\u00a0rang du classement mondial.<\/p>\n<p class=\"paragraph textModule textModule--type-paragraph \" style=\"\">Entre-temps, elle a tent\u00e9 quelques apparitions dans des tournois du circuit WTA, mais en vain. Le 7\u00a0juillet, \u00e0 Newport, dans un tournoi de calibre\u00a0125, elle s\u2019est inclin\u00e9e en deux manches.<\/p>\n<p class=\"paragraph textModule textModule--type-paragraph \" style=\"\">Son match de premier tour \u00e0 Montr\u00e9al aura lieu le 27 ou le 28\u00a0juillet. On ne sait pas encore s\u2019il s\u2019agira de son dernier match en carri\u00e8re ou si elle fera durer le suspense gr\u00e2ce \u00e0 une victoire. Mais selon Val\u00e9rie T\u00e9treault, au moment o\u00f9 les rideaux se fermeront, Eugenie Bouchard pourra partir la t\u00eate haute.<\/p>\n","protected":false},"excerpt":{"rendered":"\u00ab\u00a0Tu sais quand arrive le bon moment. Pour moi, c\u2019est maintenant. Je terminerai l\u00e0 o\u00f9 tout a commenc\u00e9\u00a0:&hellip;\n","protected":false},"author":2,"featured_media":252486,"comment_status":"","ping_status":"","sticky":false,"template":"","format":"standard","meta":{"footnotes":""},"categories":[1415],"tags":[1011,27,60,1467],"class_list":{"0":"post-252485","1":"post","2":"type-post","3":"status-publish","4":"format-standard","5":"has-post-thumbnail","7":"category-tennis","8":"tag-fr","9":"tag-france","10":"tag-sports","11":"tag-tennis"},"share_on_mastodon":{"url":"https:\/\/pubeurope.com\/@fr\/114865518999342401","error":""},"_links":{"self":[{"href":"https:\/\/www.europesays.com\/fr\/wp-json\/wp\/v2\/posts\/252485","targetHints":{"allow":["GET"]}}],"collection":[{"href":"https:\/\/www.europesays.com\/fr\/wp-json\/wp\/v2\/posts"}],"about":[{"href":"https:\/\/www.europesays.com\/fr\/wp-json\/wp\/v2\/types\/post"}],"author":[{"embeddable":true,"href":"https:\/\/www.europesays.com\/fr\/wp-json\/wp\/v2\/users\/2"}],"replies":[{"embeddable":true,"href":"https:\/\/www.europesays.com\/fr\/wp-json\/wp\/v2\/comments?post=252485"}],"version-history":[{"count":0,"href":"https:\/\/www.europesays.com\/fr\/wp-json\/wp\/v2\/posts\/252485\/revisions"}],"wp:featuredmedia":[{"embeddable":true,"href":"https:\/\/www.europesays.com\/fr\/wp-json\/wp\/v2\/media\/252486"}],"wp:attachment":[{"href":"https:\/\/www.europesays.com\/fr\/wp-json\/wp\/v2\/media?parent=252485"}],"wp:term":[{"taxonomy":"category","embeddable":true,"href":"https:\/\/www.europesays.com\/fr\/wp-json\/wp\/v2\/categories?post=252485"},{"taxonomy":"post_tag","embeddable":true,"href":"https:\/\/www.europesays.com\/fr\/wp-json\/wp\/v2\/tags?post=252485"}],"curies":[{"name":"wp","href":"https:\/\/api.w.org\/{rel}","templated":true}]}}