{"id":252487,"date":"2025-07-16T23:31:15","date_gmt":"2025-07-16T23:31:15","guid":{"rendered":"https:\/\/www.europesays.com\/fr\/252487\/"},"modified":"2025-07-16T23:31:15","modified_gmt":"2025-07-16T23:31:15","slug":"amberieu-en-bugey-genevieve-pauget-honoree-par-la-federation-francaise-de-basket-ball","status":"publish","type":"post","link":"https:\/\/www.europesays.com\/fr\/252487\/","title":{"rendered":"Amb\u00e9rieu-en-Bugey. Genevi\u00e8ve Pauget honor\u00e9e par la F\u00e9d\u00e9ration fran\u00e7aise de basket-ball"},"content":{"rendered":"<p>La pr\u00e9sidente du comit\u00e9 de l\u2019Ain de basket, Karine Debiesse Tixier a remis la m\u00e9daille d\u2019argent de la F\u00e9d\u00e9ration fran\u00e7aise de basket-ball \u00e0 Genevi\u00e8ve Pauget qui dirige le club d\u2019Amb\u00e9rieu depuis 2011, apr\u00e8s en avoir secr\u00e9taire de 2003 \u00e0 2011. Une b\u00e9n\u00e9vole qui a d\u00e9j\u00e0 re\u00e7u les f\u00e9licitations du monde sportif avec les m\u00e9dailles de bronze et d\u2019argent de la jeunesse, des sports et de l\u2019engagement associatif.<\/p>\n","protected":false},"excerpt":{"rendered":"La pr\u00e9sidente du comit\u00e9 de l\u2019Ain de basket, Karine Debiesse Tixier a remis la m\u00e9daille d\u2019argent de la&hellip;\n","protected":false},"author":2,"featured_media":252488,"comment_status":"","ping_status":"","sticky":false,"template":"","format":"standard","meta":{"footnotes":""},"categories":[1414],"tags":[39270,39271,1465,1464,3312,1011,27,517,60],"class_list":{"0":"post-252487","1":"post","2":"type-post","3":"status-publish","4":"format-standard","5":"has-post-thumbnail","7":"category-basket","8":"tag-amberieu-en-bugey","9":"tag-amberieu-en-bugey-bassin","10":"tag-basket","11":"tag-basketball","12":"tag-edition-ain-est","13":"tag-fr","14":"tag-france","15":"tag-sport","16":"tag-sports"},"share_on_mastodon":{"url":"https:\/\/pubeurope.com\/@fr\/114865522831209241","error":""},"_links":{"self":[{"href":"https:\/\/www.europesays.com\/fr\/wp-json\/wp\/v2\/posts\/252487","targetHints":{"allow":["GET"]}}],"collection":[{"href":"https:\/\/www.europesays.com\/fr\/wp-json\/wp\/v2\/posts"}],"about":[{"href":"https:\/\/www.europesays.com\/fr\/wp-json\/wp\/v2\/types\/post"}],"author":[{"embeddable":true,"href":"https:\/\/www.europesays.com\/fr\/wp-json\/wp\/v2\/users\/2"}],"replies":[{"embeddable":true,"href":"https:\/\/www.europesays.com\/fr\/wp-json\/wp\/v2\/comments?post=252487"}],"version-history":[{"count":0,"href":"https:\/\/www.europesays.com\/fr\/wp-json\/wp\/v2\/posts\/252487\/revisions"}],"wp:featuredmedia":[{"embeddable":true,"href":"https:\/\/www.europesays.com\/fr\/wp-json\/wp\/v2\/media\/252488"}],"wp:attachment":[{"href":"https:\/\/www.europesays.com\/fr\/wp-json\/wp\/v2\/media?parent=252487"}],"wp:term":[{"taxonomy":"category","embeddable":true,"href":"https:\/\/www.europesays.com\/fr\/wp-json\/wp\/v2\/categories?post=252487"},{"taxonomy":"post_tag","embeddable":true,"href":"https:\/\/www.europesays.com\/fr\/wp-json\/wp\/v2\/tags?post=252487"}],"curies":[{"name":"wp","href":"https:\/\/api.w.org\/{rel}","templated":true}]}}