{"id":252489,"date":"2025-07-16T23:32:10","date_gmt":"2025-07-16T23:32:10","guid":{"rendered":"https:\/\/www.europesays.com\/fr\/252489\/"},"modified":"2025-07-16T23:32:10","modified_gmt":"2025-07-16T23:32:10","slug":"la-belle-serie-de-bezzecchi-sarrete-sur-une-opportunite-manquee","status":"publish","type":"post","link":"https:\/\/www.europesays.com\/fr\/252489\/","title":{"rendered":"La belle s\u00e9rie de Bezzecchi s&rsquo;arr\u00eate sur une opportunit\u00e9 manqu\u00e9e"},"content":{"rendered":"<p>Depuis sa victoire en Angleterre, <a href=\"https:\/\/fr.motorsport.com\/driver\/marco-bezzecchi\/441839\/\" target=\"_blank\" rel=\"noopener\">Marco Bezzecchi<\/a> appara\u00eet comme le troisi\u00e8me homme du championnat\u00a0:\u00a0il a, certes, marqu\u00e9 moins de points que les fr\u00e8res Marquez, mais il affiche un score notablement sup\u00e9rieur \u00e0 ceux de tous les autres pilotes, <a href=\"https:\/\/fr.motorsport.com\/driver\/pecco-bagnaia\/109394\/\" target=\"_blank\" rel=\"noopener\">Pecco Bagnaia<\/a> compris. Pourtant, et tout en confirmant la belle tendance qui est la sienne depuis son succ\u00e8s de Silverstone, le GP d&rsquo;Allemagne s&rsquo;est termin\u00e9 sur une note am\u00e8re pour lui.<\/p>\n<p>Le pilote Aprilia, qui venait d&rsquo;encha\u00eener trois podiums (en sprint et en GP), notamment en n&rsquo;\u00e9tant priv\u00e9 de la victoire du sprint allemand par <a href=\"https:\/\/fr.motorsport.com\/driver\/marc-marquez\/92646\/\" target=\"_blank\" rel=\"noopener\">Marc M\u00e1rquez<\/a>\u00a0que dans le dernier tour, et qui s&rsquo;\u00e9tait qualifi\u00e9 pour la premi\u00e8re fois en premi\u00e8re ligne avec cette moto, semblait en passe d&rsquo;ajouter une deuxi\u00e8me place \u00e0 son palmar\u00e8s. Il est toutefois tomb\u00e9 au moment o\u00f9 les chutes se sont soudain accumul\u00e9es, et n&rsquo;a donc pas pu concr\u00e9tiser le niveau de performance \u00e9lev\u00e9 qu&rsquo;il avait encore une fois affich\u00e9.<\/p>\n<p>\u00ab\u00a0J&rsquo;ai frein\u00e9 plus ou moins comme dans le tour pr\u00e9c\u00e9dent, mais moins fort, moins en travers\u00a0\u00bb, explique Bezzecchi, \u00ab\u00a0et d\u00e8s que l&rsquo;arri\u00e8re s&rsquo;est retrouv\u00e9 align\u00e9 avec l&rsquo;avant, j&rsquo;ai subi un petit sous-virage. Dans la petite descente au milieu du virage, j&rsquo;ai perdu l&rsquo;avant lentement sans pouvoir malheureusement me rattraper. J&rsquo;ai essay\u00e9 mais\u2026\u00a0\u00bb<\/p>\n<p>\u00a0<\/p>\n<p>Malgr\u00e9 les nombreux \u00e9l\u00e9ments qui ont compliqu\u00e9 la donne dimanche, et les explications diverses que d&rsquo;autres ont pu donner \u00e0 l&rsquo;accumulation de chutes, Bezzecchi assume son erreur sans se chercher d&rsquo;excuses.<\/p>\n<p>\u00ab\u00a0Je ne sais pas pour les autres, mais pour moi \u00e7a n&rsquo;a pas \u00e9t\u00e9 une question de sensations, c&rsquo;est une petite erreur que j&rsquo;ai faite\u00a0\u00bb, tranche-t-il.\u00a0\u00ab\u00a0C&rsquo;est vrai qu&rsquo;il y avait un peu de vent, mais \u00e7a a \u00e9t\u00e9 comme \u00e7a pendant toute la course. C&rsquo;\u00e9taient des conditions \u00e9tranges, difficiles.\u00a0\u00bb<\/p>\n<p>Lire aussi :<\/p>\n<p>N&rsquo;a-t-il pas \u00e9t\u00e9 alert\u00e9 par la chute de <a href=\"https:\/\/fr.motorsport.com\/driver\/fabio-di-giannantonio\/289538\/\" target=\"_blank\" rel=\"noopener\">Fabio Di Giannantonio<\/a>, qui lui avait permis de prendre la deuxi\u00e8me place quatre tours plus t\u00f4t\u00a0?\u00a0\u00ab\u00a0Je pense que j&rsquo;ai commenc\u00e9 \u00e0 freiner un peu moins fort du fait de sa chute\u00a0\u00bb, r\u00e9pond-il. \u00ab\u00a0Mais si je pouvais revenir en arri\u00e8re, je freinerais fort \u00e0 chaque tour.\u00a0\u00bb<\/p>\n<p>\u00ab\u00a0Je suis d\u00e9\u00e7u de moi-m\u00eame mais au final, c&rsquo;est quelque chose qui peut arriver, et particuli\u00e8rement dans ce genre de courses o\u00f9 on ne peut pratiquement pas attaquer de toute la course. Il faut tout le temps g\u00e9rer. Or, ces motos et ces pneus, tout est fait pour \u00eatre tout le temps \u00e0 la limite, donc quand on se retient un petit peu, on fait peut-\u00eatre plus facilement des erreurs.\u00a0\u00bb<\/p>\n<p>Des progr\u00e8s notables avant la deuxi\u00e8me partie de saison<\/p>\n<p>Malgr\u00e9 les conditions difficiles qu&rsquo;il d\u00e9crit, Marco Bezzecchi a r\u00e9ussi \u00e0 briller, alors m\u00eame qu&rsquo;il ne pensait pas disposer d&rsquo;un des meilleurs rythmes sur le sec au vu de ce que les essais du vendredi avaient montr\u00e9. S&rsquo;il est toujours sixi\u00e8me du <a href=\"https:\/\/fr.motorsport.com\/motogp\/news\/championnat-marc-marquez-impossible-rattraper-10741888\/10741888\/\" target=\"_self\" rel=\"noopener\">championnat<\/a>, il tenait une r\u00e9elle opportunit\u00e9 de grimper au quatri\u00e8me rang, sur lequel il ne compte plus que 12 points de retard.<\/p>\n<p>\u00ab\u00a0Je suis \u00e9videmment content de mon week-end. Ma performance a franchement \u00e9t\u00e9 bien plus \u00e9lev\u00e9e que ce \u00e0 quoi je m&rsquo;attendais. Certes, \u00e7a ne s&rsquo;est pas tr\u00e8s bien termin\u00e9 mais j&rsquo;avais rattrap\u00e9 Fabio et je g\u00e9rais aussi l&rsquo;\u00e9cart sur \u00c1lex [M\u00e1rquez], donc je suis satisfait de ma performance\u00a0\u00bb, souligne-t-il.<\/p>\n<p>\u00ab\u00a0Le team a fait un travail incroyable, comme toujours, et je me suis aussi beaucoup am\u00e9lior\u00e9 au cours du week-end. Donc je suis content, et on va essayer de repartir de l\u00e0\u00a0\u00bb, ajoute Bezzecchi, qui va d\u00e9sormais retrouver son co\u00e9quipier <a href=\"https:\/\/fr.motorsport.com\/driver\/jorge-martin\/109391\/\" target=\"_blank\" rel=\"noopener\">Jorge Mart\u00edn<\/a>, de retour de blessure.\u00a0\u00ab\u00a0Il est vrai qu&rsquo;on progresse, on fait du tr\u00e8s bon travail, et je suis content de nos progr\u00e8s, les miens en tant que pilote, ceux de la moto et ceux de tous ceux qui travaillent sur elle.\u00a0\u00bb<\/p>\n<p>Lire aussi :<\/p>\n<p>Dans cet article<\/p>\n<p>Soyez le premier inform\u00e9 et souscrivez aux alertes mails pour recevoir les infos en temps r\u00e9el<\/p>\n<p>    S&rsquo;abonner aux alertes de news<\/p>\n","protected":false},"excerpt":{"rendered":"Depuis sa victoire en Angleterre, Marco Bezzecchi appara\u00eet comme le troisi\u00e8me homme du championnat\u00a0:\u00a0il a, certes, marqu\u00e9 moins&hellip;\n","protected":false},"author":2,"featured_media":252490,"comment_status":"","ping_status":"","sticky":false,"template":"","format":"standard","meta":{"footnotes":""},"categories":[1413],"tags":[3563,1011,27,36254,1961,1457,1456,1458,36255,60],"class_list":{"0":"post-252489","1":"post","2":"type-post","3":"status-publish","4":"format-standard","5":"has-post-thumbnail","7":"category-moto","8":"tag-aprilia-racing-team","9":"tag-fr","10":"tag-france","11":"tag-gp-dallemagne","12":"tag-marco-bezzecchi","13":"tag-moto","14":"tag-motocycle","15":"tag-motogp","16":"tag-sachsenring","17":"tag-sports"},"share_on_mastodon":{"url":"https:\/\/pubeurope.com\/@fr\/114865526751707986","error":""},"_links":{"self":[{"href":"https:\/\/www.europesays.com\/fr\/wp-json\/wp\/v2\/posts\/252489","targetHints":{"allow":["GET"]}}],"collection":[{"href":"https:\/\/www.europesays.com\/fr\/wp-json\/wp\/v2\/posts"}],"about":[{"href":"https:\/\/www.europesays.com\/fr\/wp-json\/wp\/v2\/types\/post"}],"author":[{"embeddable":true,"href":"https:\/\/www.europesays.com\/fr\/wp-json\/wp\/v2\/users\/2"}],"replies":[{"embeddable":true,"href":"https:\/\/www.europesays.com\/fr\/wp-json\/wp\/v2\/comments?post=252489"}],"version-history":[{"count":0,"href":"https:\/\/www.europesays.com\/fr\/wp-json\/wp\/v2\/posts\/252489\/revisions"}],"wp:featuredmedia":[{"embeddable":true,"href":"https:\/\/www.europesays.com\/fr\/wp-json\/wp\/v2\/media\/252490"}],"wp:attachment":[{"href":"https:\/\/www.europesays.com\/fr\/wp-json\/wp\/v2\/media?parent=252489"}],"wp:term":[{"taxonomy":"category","embeddable":true,"href":"https:\/\/www.europesays.com\/fr\/wp-json\/wp\/v2\/categories?post=252489"},{"taxonomy":"post_tag","embeddable":true,"href":"https:\/\/www.europesays.com\/fr\/wp-json\/wp\/v2\/tags?post=252489"}],"curies":[{"name":"wp","href":"https:\/\/api.w.org\/{rel}","templated":true}]}}