{"id":252493,"date":"2025-07-16T23:34:10","date_gmt":"2025-07-16T23:34:10","guid":{"rendered":"https:\/\/www.europesays.com\/fr\/252493\/"},"modified":"2025-07-16T23:34:10","modified_gmt":"2025-07-16T23:34:10","slug":"tdf-tour-de-france-parcours-profil-favoris-la-12e-etape-a-hautacam","status":"publish","type":"post","link":"https:\/\/www.europesays.com\/fr\/252493\/","title":{"rendered":"TDF. Tour de France &#8211; Parcours, profil, favoris&#8230; la 12e \u00e9tape \u00e0 Hautacam"},"content":{"rendered":"<p>Ce jeudi 17 juillet, le peloton du<strong> <a href=\"https:\/\/www.cyclismactu.net\/..\/news-tour-de-france-route-jonas-abrahamsen-s-offre-11e-etape-tadej-pogacar-a-chute-88987.html\" target=\"_blank\" rel=\"nofollow noopener\">Tour de France<\/a><\/strong> aborde la haute montagne avec la 12e \u00e9tape entre Auch et Hautacam, longue de 180,6 km. Cette journ\u00e9e marque l\u2019entr\u00e9e dans les Pyr\u00e9n\u00e9es et lance un triptyque d\u00e9cisif pour le classement g\u00e9n\u00e9ral. Avec plus de 3 800 m\u00e8tres de d\u00e9nivel\u00e9 positif, les grimpeurs et les pr\u00e9tendants au maillot jaune vont enfin pouvoir s\u2019exprimer pleinement. Les choses s\u00e9rieuses d\u00e9buteront \u00e0 46 kilom\u00e8tres de l\u2019arriv\u00e9e avec l\u2019ascension du Col de Soulor (11,8 km \u00e0 7,3 %), suivie du Col des Bord\u00e8res (3,1 km \u00e0 7,7 %). Apr\u00e8s une descente technique, les coureurs aborderont la mont\u00e9e finale vers Hautacam : une ascension hors-cat\u00e9gorie de 13,5 km \u00e0 7,8 %.<\/p>\n<p>Vid\u00e9o &#8211; Mauro Gianetti inquiet apr\u00e8s la chute de Pogacar Lire la suite de l&rsquo;article&#13;<\/p>\n<p>\u00a0<\/p>\n<p>&#13;<br \/>\n<strong>La revanche de Pogacar ?<\/strong>&#13;<\/p>\n<p>Cette premi\u00e8re grande \u00e9tape de montagne pourrait redistribuer les cartes au classement g\u00e9n\u00e9ral. <strong>Tadej Pogacar<\/strong> (UAE Team Emirates XRG), malgr\u00e9 une chute r\u00e9cente, reste le principal pr\u00e9tendant au maillot jaune et devrait sans doute le reprendre \u00e0\u00a0<strong>Ben Healy<\/strong>\u00a0(EF Education-EasyPost), actuel leader, avec seulement 29 secondes d&rsquo;avance sur le Slov\u00e8ne.<\/p>\n<p>&#13;<\/p>\n<p>La question que tout le monde se pose est de savoir si <strong>Jonas Vingegaard<\/strong> (Visma | Lease a Bike) va r\u00e9ussir \u00e0 suivre <strong>Pogacar<\/strong>, comme ce qu&rsquo;il a r\u00e9ussi \u00e0 faire depuis le d\u00e9but de ce <strong>Tour<\/strong>. En 2022, le Danois avait r\u00e9ussi \u00e0 faire craquer le Slov\u00e8ne dans cette ascension finale de Hautacam, mais le rapport de force en montagne s&rsquo;est depuis quelque peu invers\u00e9. Le Champion du Monde aura sans doute \u00e0 coeur de prendre sa revanche sur cet \u00e9pisode. Concernant les pr\u00e9tendants au podium, comme <strong>Remco Evenepoel <\/strong>(Soudal Quick-Step),\u00a0<strong>Primoz Roglic<\/strong>, <strong>Florian Lipowitz <\/strong>(Red Bull-BORA-hansgrohe) ou autre\u00a0<strong>Matteo Jorgenson<\/strong> (Visma | Lease a Bike), une premi\u00e8re hi\u00e9rarchie devrait appara\u00eetre.<\/p>\n<p>&#13;<\/p>\n<p>\u00a0<\/p>\n<p>&#13;<\/p>\n<p>\u00a0<\/p>\n<p>&#13;<br \/>\n<strong>Le parcours de la 12e \u00e9tape<\/strong>&#13;<\/p>\n<p>&#8211; Jeudi 17 juillet \u2013 <strong>\u00c9tape 12<\/strong> : Auch &#8211; Hautacam \/ 180,6 km<\/p>\n<p>&#13;<\/p>\n<p><img decoding=\"async\" src=\"https:\/\/www.europesays.com\/fr\/wp-content\/uploads\/2025\/07\/tourdf12.jpg\" style=\"max-width:100%;max-height:100%;\" alt=\"image\" loading=\"lazy\"\/>\u00a0<\/p>\n<p>&#13;<\/p>\n<p>\u00a0<\/p>\n<p>&#13;<br \/>\nLa liste de d\u00e9part de ce <strong>Tour de France 2025,\u00a0<\/strong>c&rsquo;est\u00a0<strong style=\"font-size: 10px;\"><a href=\"https:\/\/www.cyclismactu.net\/..\/news-tdf-route-tour-de-france-la-startlist-du-tour-de-france-184-coureurs-depart-88207.html\" target=\"_blank\" rel=\"nofollow noopener\">\u00e0 retrouver ICI en cliquant sur ce lien<\/a><\/strong> !Tour de France &#8211; Classement g\u00e9n\u00e9ral provisoire apr\u00e8s la 11\u00e8 \u00e9tape<\/p>\n","protected":false},"excerpt":{"rendered":"Ce jeudi 17 juillet, le peloton du Tour de France aborde la haute montagne avec la 12e \u00e9tape&hellip;\n","protected":false},"author":2,"featured_media":252494,"comment_status":"","ping_status":"","sticky":false,"template":"","format":"standard","meta":{"footnotes":""},"categories":[1411],"tags":[1154,207,211,1011,27,209,60,210,212,208,213],"class_list":{"0":"post-252493","1":"post","2":"type-post","3":"status-publish","4":"format-standard","5":"has-post-thumbnail","7":"category-cyclisme","8":"tag-cycling","9":"tag-cyclisme","10":"tag-ffc","11":"tag-fr","12":"tag-france","13":"tag-route","14":"tag-sports","15":"tag-tour-de-france","16":"tag-uci","17":"tag-velo","18":"tag-world-tour"},"share_on_mastodon":{"url":"https:\/\/pubeurope.com\/@fr\/114865534674980328","error":""},"_links":{"self":[{"href":"https:\/\/www.europesays.com\/fr\/wp-json\/wp\/v2\/posts\/252493","targetHints":{"allow":["GET"]}}],"collection":[{"href":"https:\/\/www.europesays.com\/fr\/wp-json\/wp\/v2\/posts"}],"about":[{"href":"https:\/\/www.europesays.com\/fr\/wp-json\/wp\/v2\/types\/post"}],"author":[{"embeddable":true,"href":"https:\/\/www.europesays.com\/fr\/wp-json\/wp\/v2\/users\/2"}],"replies":[{"embeddable":true,"href":"https:\/\/www.europesays.com\/fr\/wp-json\/wp\/v2\/comments?post=252493"}],"version-history":[{"count":0,"href":"https:\/\/www.europesays.com\/fr\/wp-json\/wp\/v2\/posts\/252493\/revisions"}],"wp:featuredmedia":[{"embeddable":true,"href":"https:\/\/www.europesays.com\/fr\/wp-json\/wp\/v2\/media\/252494"}],"wp:attachment":[{"href":"https:\/\/www.europesays.com\/fr\/wp-json\/wp\/v2\/media?parent=252493"}],"wp:term":[{"taxonomy":"category","embeddable":true,"href":"https:\/\/www.europesays.com\/fr\/wp-json\/wp\/v2\/categories?post=252493"},{"taxonomy":"post_tag","embeddable":true,"href":"https:\/\/www.europesays.com\/fr\/wp-json\/wp\/v2\/tags?post=252493"}],"curies":[{"name":"wp","href":"https:\/\/api.w.org\/{rel}","templated":true}]}}