{"id":252497,"date":"2025-07-16T23:36:11","date_gmt":"2025-07-16T23:36:11","guid":{"rendered":"https:\/\/www.europesays.com\/fr\/252497\/"},"modified":"2025-07-16T23:36:11","modified_gmt":"2025-07-16T23:36:11","slug":"loik-le-floch-prigent-un-capitaine-dindustrie-au-parcours-marque-par-laffaire-elf-actualites","status":"publish","type":"post","link":"https:\/\/www.europesays.com\/fr\/252497\/","title":{"rendered":"Lo\u00efk Le Floch-Prigent, un capitaine d&rsquo;industrie au parcours marqu\u00e9 par l&rsquo;affaire Elf : Actualit\u00e9s"},"content":{"rendered":"<p class=\"lead \">Lo\u00efk Le Floch-Prigent, d\u00e9c\u00e9d\u00e9 mercredi \u00e0 l&rsquo;\u00e2ge de 81 ans, est un ancien grand patron d&rsquo;industrie, socialiste, dont le parcours a \u00e9t\u00e9 marqu\u00e9 par un passage en prison pour avoir d\u00e9tourn\u00e9 des fonds \u00e0 la t\u00eate de l&rsquo;ancien g\u00e9ant p\u00e9trolier Elf.<\/p>\n<p class=\"lead \">Breton barbu aux yeux bleus, apparaissant costaud au temps de sa r\u00e9ussite, il se d\u00e9clarait bris\u00e9, en 2003, par plusieurs mois de d\u00e9tention et apparaissait f\u00e9brile devant les juges, niant inlassablement les malversations financi\u00e8res qu&rsquo;on lui reprochait.<\/p>\n<p class=\"lead \">Il a finalement \u00e9t\u00e9 condamn\u00e9 en 2003 \u00e0 cinq ans de prison pour abus de biens sociaux dans le volet principal du dossier Elf, impliquant pr\u00e8s de 305 millions d&rsquo;euros de d\u00e9tournements.<\/p>\n<p class=\"lead \">En libert\u00e9 conditionnelle en avril 2004, apr\u00e8s plus de 19 mois de d\u00e9tention, il avait d\u00fb, en septembre 2010 retrouver quelques mois la prison, apr\u00e8s r\u00e9vocation de cette libert\u00e9 conditionnelle.<\/p>\n<p class=\"lead \">Lors de sa lib\u00e9ration anticip\u00e9e, l&rsquo;ex-PDG de grandes soci\u00e9t\u00e9s publiques fran\u00e7aises, Rh\u00f4ne-Poulenc (1982-1986), Elf Aquitaine (1989-1993), GDF (1993-1995) et la SNCF (1995-1996), invoquait alors des raisons m\u00e9dicales.<\/p>\n<p class=\"lead \">Lib\u00e9r\u00e9, d\u00e9chu de la L\u00e9gion d&rsquo;honneur, il s&rsquo;offusquait d&rsquo;avoir \u00e9t\u00e9 le seul patron d&rsquo;Elf poursuivi et vivait mal d&rsquo;\u00eatre retomb\u00e9 si durement et de voir ses anciens amis lui tourner le dos.<\/p>\n<p class=\"lead \">&#8211; Gouvernement Mauroy &#8211;<\/p>\n<p class=\"lead \">Lo\u00efk Le Floch-Prigent, depuis son d\u00e9but de carri\u00e8re en 1969, n&rsquo;avait pratiquement fr\u00e9quent\u00e9 que les ors de la R\u00e9publique et les plus importants pr\u00e9sidents d&rsquo;entreprises.<\/p>\n<p class=\"lead \">Dipl\u00f4m\u00e9 de l&rsquo;Institut polytechnique de Grenoble et de l&rsquo;Universit\u00e9 du Missouri (Etats-Unis), n\u00e9 le 21 septembre 1943 \u00e0 Brest, il avait refus\u00e9 d&rsquo;int\u00e9grer Polytechnique pour ne pas porter l&rsquo;uniforme. <\/p>\n<p class=\"lead \">C&rsquo;est le Parti socialiste, o\u00f9 il entre en 1971, qui le propulsera dans le monde de l&rsquo;industrie: Pierre Dreyfus, ministre de l&rsquo;Industrie du gouvernement Mauroy, le choisit en 1981 comme directeur de cabinet. Un an plus tard, il est promu PDG du groupe public Rh\u00f4ne-Poulenc, d&rsquo;o\u00f9 il sera d\u00e9barqu\u00e9 par le gouvernement Chirac en juillet 1986.<\/p>\n<p class=\"lead \">Apr\u00e8s trois ans de travers\u00e9e du d\u00e9sert, Le Floch rebondit: il est nomm\u00e9 \u00e0 la t\u00eate d&rsquo;Elf Aquitaine en juin 1989.<\/p>\n<p class=\"lead \">En ao\u00fbt 1993, apr\u00e8s l&rsquo;arriv\u00e9e d&rsquo;Edouard Balladur \u00e0 Matignon, il doit quitter Elf mais retrouve aussit\u00f4t un poste \u00e0 la pr\u00e9sidence de Gaz de France puis, quand explose le conflit des cheminots, \u00e0 l&rsquo;hiver 1995, il se retrouve \u00e0 la t\u00eate de la SNCF. <\/p>\n<p class=\"lead \">Mais sa mise en examen le 4 juillet 1996, puis sa d\u00e9tention provisoire pendant quelques mois, obligent le gouvernement \u00e0 lui trouver un successeur.<\/p>\n<p class=\"lead \">Lo\u00efk Le Floch-Prigent avait \u00e9crit en 2006 un livre de t\u00e9moignage, \u00ab\u00a0Une incarc\u00e9ration ordinaire\u00a0\u00bb. Il y dressait un catalogue des brimades et humiliations subies en prison, formulait un r\u00e9quisitoire contre le syst\u00e8me carc\u00e9ral \u00ab\u00a0qui date du XIXe si\u00e8cle\u00a0\u00bb et, avec un regard \u00ab\u00a0d&rsquo;ancien responsable industriel\u00a0\u00bb, sugg\u00e9rait une remise en question de la prison.<\/p>\n<p class=\"lead \">&#8211; Conseiller d&rsquo;Eric Zemmour &#8211;<\/p>\n<p class=\"lead \">Au d\u00e9but des ann\u00e9es 2010, il disait avoir tourn\u00e9 la page du scandale, \u00e9tant devenu consultant dans le p\u00e9trole, voyageant notamment \u00e0 Brazzaville, Abidjan, Addis Abeba et Duba\u00ef, mais aussi en Italie et en Europe de l&rsquo;Est.<\/p>\n<p class=\"lead \">Mais en 2012, Lo\u00efk Le Floch-Prigent a aussi \u00e9t\u00e9 incarc\u00e9r\u00e9 \u00e0 Lom\u00e9 dans le cadre d&rsquo;une enqu\u00eate ouverte par la justice togolaise sur une plainte pour escroquerie d&rsquo;un homme d&rsquo;affaires \u00e9mirati.<\/p>\n<p class=\"lead \">Lib\u00e9r\u00e9 pour raisons m\u00e9dicales apr\u00e8s cinq mois de d\u00e9tention provisoire, il \u00e9tait rentr\u00e9 en France le lendemain, ne cessant alors de clamer son innocence.<\/p>\n<p class=\"lead \">Ces derni\u00e8res ann\u00e9es, l&rsquo;ancien patron socialiste s&rsquo;\u00e9tait rapproch\u00e9 des cercles d&rsquo;extr\u00eame-droite.<\/p>\n<p class=\"lead \">Quand Eric Zemmour s&rsquo;est lanc\u00e9 en politique, en amont de l&rsquo;\u00e9lection pr\u00e9sidentielle de 2022, Lo\u00efk Le Floch-Prigent \u00ab\u00a0conseillait un peu\u00a0\u00bb celui qui \u00e9tait devenu son \u00ab\u00a0ami\u00a0\u00bb, surtout sur les questions industrielles, explique \u00e0 l&rsquo;AFP sa femme Marl\u00e8ne Le Floch-Prigent. Mais \u00ab\u00a0il n&rsquo;a jamais \u00e9t\u00e9 de son parti\u00a0\u00bb, insiste-t-elle.<\/p>\n<p class=\"lead \">Lors d&rsquo;une rencontre de la candidate du RN, Marine Le Pen, avec les chefs d&rsquo;entreprises du mouvement patronal Ethic, en janvier 2022, Lo\u00efk Le Floch-Prigent avait soulign\u00e9 les progr\u00e8s de Marine Le Pen en mati\u00e8re \u00e9conomique.<\/p>\n<p class=\"lead \">Le patron du RN, Jordan Bardella, a salu\u00e9 mercredi sur X la m\u00e9moire d&rsquo;un \u00ab\u00a0capitaine d&rsquo;industrie respect\u00e9\u00a0\u00bb.<\/p>\n<p class=\"lead \">Longtemps amateur de p\u00eache \u00e0 pied, Lo\u00efk Le Floch-Prigent \u00e9tait p\u00e8re de trois enfants.<\/p>\n","protected":false},"excerpt":{"rendered":"Lo\u00efk Le Floch-Prigent, d\u00e9c\u00e9d\u00e9 mercredi \u00e0 l&rsquo;\u00e2ge de 81 ans, est un ancien grand patron d&rsquo;industrie, socialiste, dont&hellip;\n","protected":false},"author":2,"featured_media":252498,"comment_status":"","ping_status":"","sticky":false,"template":"","format":"standard","meta":{"footnotes":""},"categories":[1359],"tags":[14427,24563,2105,58,59,313,1011,27,843,693,18472,973,806,6820,801,2803],"class_list":{"0":"post-252497","1":"post","2":"type-post","3":"status-publish","4":"format-standard","5":"has-post-thumbnail","7":"category-people","8":"tag-nergie","9":"tag-dcs","10":"tag-distribution","11":"tag-divertissement","12":"tag-entertainment","13":"tag-entreprises","14":"tag-fr","15":"tag-france","16":"tag-gaz","17":"tag-industrie","18":"tag-ptrole","19":"tag-people","20":"tag-prison","21":"tag-rail","22":"tag-social","23":"tag-transport"},"share_on_mastodon":{"url":"https:\/\/pubeurope.com\/@fr\/114865542630348322","error":""},"_links":{"self":[{"href":"https:\/\/www.europesays.com\/fr\/wp-json\/wp\/v2\/posts\/252497","targetHints":{"allow":["GET"]}}],"collection":[{"href":"https:\/\/www.europesays.com\/fr\/wp-json\/wp\/v2\/posts"}],"about":[{"href":"https:\/\/www.europesays.com\/fr\/wp-json\/wp\/v2\/types\/post"}],"author":[{"embeddable":true,"href":"https:\/\/www.europesays.com\/fr\/wp-json\/wp\/v2\/users\/2"}],"replies":[{"embeddable":true,"href":"https:\/\/www.europesays.com\/fr\/wp-json\/wp\/v2\/comments?post=252497"}],"version-history":[{"count":0,"href":"https:\/\/www.europesays.com\/fr\/wp-json\/wp\/v2\/posts\/252497\/revisions"}],"wp:featuredmedia":[{"embeddable":true,"href":"https:\/\/www.europesays.com\/fr\/wp-json\/wp\/v2\/media\/252498"}],"wp:attachment":[{"href":"https:\/\/www.europesays.com\/fr\/wp-json\/wp\/v2\/media?parent=252497"}],"wp:term":[{"taxonomy":"category","embeddable":true,"href":"https:\/\/www.europesays.com\/fr\/wp-json\/wp\/v2\/categories?post=252497"},{"taxonomy":"post_tag","embeddable":true,"href":"https:\/\/www.europesays.com\/fr\/wp-json\/wp\/v2\/tags?post=252497"}],"curies":[{"name":"wp","href":"https:\/\/api.w.org\/{rel}","templated":true}]}}