{"id":252499,"date":"2025-07-16T23:37:16","date_gmt":"2025-07-16T23:37:16","guid":{"rendered":"https:\/\/www.europesays.com\/fr\/252499\/"},"modified":"2025-07-16T23:37:16","modified_gmt":"2025-07-16T23:37:16","slug":"au-cap-ferrat-une-rare-villa-moderniste-bercee-par-la-mer","status":"publish","type":"post","link":"https:\/\/www.europesays.com\/fr\/252499\/","title":{"rendered":"Au cap Ferrat, une rare villa moderniste berc\u00e9e par la mer"},"content":{"rendered":"<p>Au cap Ferrat, une villa au modernisme r\u00eav\u00e9 parmi les pins parasols<\/p>\n<p>\u00ab La <a href=\"https:\/\/www.admagazine.fr\/article\/renovation-maison-mediterraneenne\" target=\"_blank\" rel=\"noopener\">M\u00e9diterran\u00e9e<\/a> est un art de vivre. Je suis n\u00e9e pr\u00e8s de cette mer, elle a fa\u00e7onn\u00e9 chaque partie de moi \u00bb, aime dire Orna Tamir Schestowitz. Artiste, commissaire d\u2019exposition et ancienne journaliste design n\u00e9e \u00e0 Tel-Aviv, elle vient de publier Mediterranean Homes: The Art of Embracing Light (\u00e9d. Rizzoli). Dans ce livre aux textes sign\u00e9s Beth Dunlop, le photographe de mode Dudi Hasson interpr\u00e8te les maisons choisies avec c\u0153ur dans des lieux qui, r\u00e9unis, forment une \u00e9treinte symbolique \u00e0 la Mare Nostrum, comme l\u2019appelaient les Romains, via Tel-Aviv, Paros et le cap Ferrat.<\/p>\n<p>\u00ab Pour moi, le concept de maison est li\u00e9 \u00e0 la stratification et au soleil. \u00bb<\/p>\n<p>L\u2019artiste Orna Tamir Schestowitz<\/p>\n<p>Une maison li\u00e9e aux astres<\/p>\n<p>\u00ab Pour moi, le concept de maison est li\u00e9 \u00e0 la stratification et au soleil \u00bb, indique Orna Tamir Schestowitz en feuilletant les pages de son ouvrage o\u00f9 les souvenirs accumul\u00e9s au fil des ans font r\u00e9sonner l\u2019identit\u00e9 des lieux avec la sienne. Rendez-vous ici au <a href=\"https:\/\/www.admagazine.fr\/article\/maison-a-vendre-architecte-saint-jean-cap-ferrat\" target=\"_blank\" rel=\"noopener\">cap Ferrat<\/a>, dans une villa dont l\u2019histoire de l\u2019architecture et des objets raconte aussi celle d\u2019Orna Tamir Schestowitz. En 1999, elle tombe amoureuse de cette structure moderniste : \u00ab Je n\u2019avais pas les moyens d\u2019acheter une maison dans ce lieu de VIP. Cocteau, Chanel, L\u00e9ger, \u00c9dith Piaf, Picasso avaient leur atelier \u00e0 Vallauris&#8230; Cette maison est un parall\u00e9l\u00e9pip\u00e8de de 24 m\u00e8tres de haut et de seulement 4 m\u00e8tres de large, avec un escalier menant \u00e0 la piscine et un \u00e9trange toit triangulaire rappelant la proue d\u2019un bateau. \u00c0 l\u2019\u00e9poque, il n\u2019existait qu\u2019une seule construction de ce type dans la r\u00e9gion, la <a href=\"https:\/\/www.admagazine.fr\/article\/villa-e-1027-eileen-gray-cap-martin\" target=\"_blank\" rel=\"noopener\">villa E-1027 d\u2019Eileen Gray<\/a>, et personne ne l\u2019aimait&#8230; Mais j\u2019ai r\u00e9ussi \u00e0 acheter et \u00e0 agrandir la mienne. \u00bb<\/p>\n","protected":false},"excerpt":{"rendered":"Au cap Ferrat, une villa au modernisme r\u00eav\u00e9 parmi les pins parasols \u00ab La M\u00e9diterran\u00e9e est un art&hellip;\n","protected":false},"author":2,"featured_media":252500,"comment_status":"","ping_status":"","sticky":false,"template":"","format":"standard","meta":{"footnotes":""},"categories":[1358],"tags":[1348,1384,1385,1386,58,59,1011,27,3798,1966],"class_list":{"0":"post-252499","1":"post","2":"type-post","3":"status-publish","4":"format-standard","5":"has-post-thumbnail","7":"category-arts-et-design","8":"tag-arts","9":"tag-arts-and-design","10":"tag-arts-et-design","11":"tag-design","12":"tag-divertissement","13":"tag-entertainment","14":"tag-fr","15":"tag-france","16":"tag-modernisme","17":"tag-sud-de-la-france"},"share_on_mastodon":{"url":"https:\/\/pubeurope.com\/@fr\/114865546414678968","error":""},"_links":{"self":[{"href":"https:\/\/www.europesays.com\/fr\/wp-json\/wp\/v2\/posts\/252499","targetHints":{"allow":["GET"]}}],"collection":[{"href":"https:\/\/www.europesays.com\/fr\/wp-json\/wp\/v2\/posts"}],"about":[{"href":"https:\/\/www.europesays.com\/fr\/wp-json\/wp\/v2\/types\/post"}],"author":[{"embeddable":true,"href":"https:\/\/www.europesays.com\/fr\/wp-json\/wp\/v2\/users\/2"}],"replies":[{"embeddable":true,"href":"https:\/\/www.europesays.com\/fr\/wp-json\/wp\/v2\/comments?post=252499"}],"version-history":[{"count":0,"href":"https:\/\/www.europesays.com\/fr\/wp-json\/wp\/v2\/posts\/252499\/revisions"}],"wp:featuredmedia":[{"embeddable":true,"href":"https:\/\/www.europesays.com\/fr\/wp-json\/wp\/v2\/media\/252500"}],"wp:attachment":[{"href":"https:\/\/www.europesays.com\/fr\/wp-json\/wp\/v2\/media?parent=252499"}],"wp:term":[{"taxonomy":"category","embeddable":true,"href":"https:\/\/www.europesays.com\/fr\/wp-json\/wp\/v2\/categories?post=252499"},{"taxonomy":"post_tag","embeddable":true,"href":"https:\/\/www.europesays.com\/fr\/wp-json\/wp\/v2\/tags?post=252499"}],"curies":[{"name":"wp","href":"https:\/\/api.w.org\/{rel}","templated":true}]}}