{"id":252503,"date":"2025-07-16T23:39:23","date_gmt":"2025-07-16T23:39:23","guid":{"rendered":"https:\/\/www.europesays.com\/fr\/252503\/"},"modified":"2025-07-16T23:39:23","modified_gmt":"2025-07-16T23:39:23","slug":"zodiaque-de-retour-enfin-des-nouvelles-du-tournage-avec-claire-keim-et-francis-huster","status":"publish","type":"post","link":"https:\/\/www.europesays.com\/fr\/252503\/","title":{"rendered":"\u00ab\u00a0Zodiaque\u00a0\u00bb de retour : enfin des nouvelles du tournage avec Claire Keim et Francis Huster"},"content":{"rendered":"<p>      R\u00e9sum\u00e9<\/p>\n<p>Le tournage de la nouvelle saison de \u00ab\u00a0Zodiaque\u00a0\u00bb avec Claire Keim et Francis Huster commencera fin ao\u00fbt \u00e0 Marseille, prolongeant une s\u00e9rie \u00e0 succ\u00e8s tr\u00e8s attendue.<\/p>\n<p>        Sommaire<\/p>\n<p>Plus qu\u2019une question de semaines avant le d\u00e9but du tournage. Sous peu, <a href=\"https:\/\/www.public.fr\/la-serie-zodiaque-de-retour-sur-tf1-vingt-ans-apres-avec-claire-keim-et-francis-huster\" rel=\"nofollow noopener\" target=\"_blank\">Claire Keim et Francis Huster<\/a> vont renfiler leur costume d\u2019enqu\u00eateurs afin de donner une suite \u00e0 une des s\u00e9ries les plus appr\u00e9ci\u00e9es et ayant le plus captiv\u00e9 les Fran\u00e7ais : <strong>Zodiaque<\/strong>.\u00a0<\/p>\n<p>Une bonne nouvelle qui confirme donc les rumeurs de ces derniers mois. En effet, en octobre 2024, nos confr\u00e8res de T\u00e9l\u00e9-Loisirs ont annonc\u00e9 le possible retour de la s\u00e9rie aux deux saisons ayant passionn\u00e9 les t\u00e9l\u00e9spectateurs pendant deux \u00e9t\u00e9s.<\/p>\n<p>Un tournage \u00e0 Marseille d&rsquo;ao\u00fbt \u00e0 d\u00e9cembre<\/p>\n<p>Selon le m\u00e9dia, la nouvelle saison de <strong>Zodiaque<\/strong> \u00e9tait en d\u00e9veloppement et devait d\u00e9marrer son tournage dans les tous premiers mois de l\u2019ann\u00e9e 2025. \u00c0 la r\u00e9alisation, nous devions retrouver Bruno Garcia, l\u2019homme derri\u00e8re la s\u00e9rie <strong>Broc\u00e9liande<\/strong> qui a rencontr\u00e9 un franc succ\u00e8s diffus\u00e9 en septembre 2024.<\/p>\n<p>Finalement, le tournage <strong>n\u2019aurait pas encore d\u00e9marr\u00e9<\/strong> selon nos confr\u00e8res du Parisien. Comme le relaie notre confr\u00e8re Nicolas Malaboeuf, le projet n\u2019aurait pas \u00e9t\u00e9 abandonn\u00e9, bien au contraire. N\u00e9anmoins, le tournage ne devrait d\u00e9marrer qu\u2019\u00e0 la <strong>fin du mois d\u2019ao\u00fbt et devrait prendre fin en d\u00e9cembre prochain.<\/strong><\/p>\n<p>Le Parisien r\u00e9v\u00e8le \u00e9galement qu\u2019une ville a \u00e9t\u00e9 choisie pour tourner la majorit\u00e9 de la s\u00e9rie. Comme les deux pr\u00e9c\u00e9dentes saisons, Marseille sera \u00e0 nouveau la sc\u00e8ne sur laquelle Claire Keim et <a href=\"https:\/\/www.public.fr\/francis-huster-devient-animateur-tele-sur-m6-apres-avoir-participe-aux-traitres\" rel=\"nofollow noopener\" target=\"_blank\">Francis Huster<\/a> joueront les enqu\u00eateurs.<\/p>\n<p>Le succ\u00e8s de Zodiaque<\/p>\n<p>Les t\u00e9l\u00e9spectateurs ont pu d\u00e9couvrir la premi\u00e8re saison de <strong>Zodiaque<\/strong> entre juin et juillet 2004. Celle-ci avait connu un franc succ\u00e8s comme le rappelle T\u00e9l\u00e9-Loisirs. En effet, les cinq \u00e9pisodes de la saga avaient r\u00e9uni \u00e0 l\u2019\u00e9poque une moyenne de 8 millions de t\u00e9l\u00e9spectateurs, avec <strong>une part d\u2019audience de pr\u00e8s de 40 %.<\/strong><\/p>\n<p>Le lancement de cette s\u00e9rie estivale de TF1 r\u00e9unissant Claire Keim et <a href=\"https:\/\/vsd.fr\/tag\/francis-huster\/\" rel=\"nofollow noopener\" target=\"_blank\">Francis Huster<\/a>, avait \u00e9galement pulv\u00e9ris\u00e9 la concurrence \u00e0 l\u2019\u00e9poque gr\u00e2ce aux <strong>11,1 millions spectateurs<\/strong> devant leurs postes de t\u00e9l\u00e9vision pour suivre cette passionnante enqu\u00eate.<\/p>\n<p>Un record qui sera difficile \u00e0 atteindre pour la saison 3. N\u00e9anmoins, compte tenu de l\u2019attente des fans pour d\u00e9couvrir la suite de l\u2019enqu\u00eate, les producteurs de la s\u00e9rie peuvent esp\u00e9rer enregistrer un joli score lors du lancement, dont la date reste bien \u00e9videmment inconnue \u00e0 l\u2019heure actuelle.\u00a0<\/p>\n<p>      Mentionn\u00e9s dans cet article<\/p>\n<p>\u00c0 lire aussi<\/p>\n","protected":false},"excerpt":{"rendered":"R\u00e9sum\u00e9 Le tournage de la nouvelle saison de \u00ab\u00a0Zodiaque\u00a0\u00bb avec Claire Keim et Francis Huster commencera fin ao\u00fbt&hellip;\n","protected":false},"author":2,"featured_media":252504,"comment_status":"","ping_status":"","sticky":false,"template":"","format":"standard","meta":{"footnotes":""},"categories":[1356],"tags":[39274,58,59,1011,27,1195,884,252,1364,39161],"class_list":{"0":"post-252503","1":"post","2":"type-post","3":"status-publish","4":"format-standard","5":"has-post-thumbnail","7":"category-television","8":"tag-claire-keim","9":"tag-divertissement","10":"tag-entertainment","11":"tag-fr","12":"tag-france","13":"tag-francis-huster","14":"tag-marseille","15":"tag-television","16":"tag-tv","17":"tag-zodiaque"},"share_on_mastodon":{"url":"https:\/\/pubeurope.com\/@fr\/114865554305397227","error":""},"_links":{"self":[{"href":"https:\/\/www.europesays.com\/fr\/wp-json\/wp\/v2\/posts\/252503","targetHints":{"allow":["GET"]}}],"collection":[{"href":"https:\/\/www.europesays.com\/fr\/wp-json\/wp\/v2\/posts"}],"about":[{"href":"https:\/\/www.europesays.com\/fr\/wp-json\/wp\/v2\/types\/post"}],"author":[{"embeddable":true,"href":"https:\/\/www.europesays.com\/fr\/wp-json\/wp\/v2\/users\/2"}],"replies":[{"embeddable":true,"href":"https:\/\/www.europesays.com\/fr\/wp-json\/wp\/v2\/comments?post=252503"}],"version-history":[{"count":0,"href":"https:\/\/www.europesays.com\/fr\/wp-json\/wp\/v2\/posts\/252503\/revisions"}],"wp:featuredmedia":[{"embeddable":true,"href":"https:\/\/www.europesays.com\/fr\/wp-json\/wp\/v2\/media\/252504"}],"wp:attachment":[{"href":"https:\/\/www.europesays.com\/fr\/wp-json\/wp\/v2\/media?parent=252503"}],"wp:term":[{"taxonomy":"category","embeddable":true,"href":"https:\/\/www.europesays.com\/fr\/wp-json\/wp\/v2\/categories?post=252503"},{"taxonomy":"post_tag","embeddable":true,"href":"https:\/\/www.europesays.com\/fr\/wp-json\/wp\/v2\/tags?post=252503"}],"curies":[{"name":"wp","href":"https:\/\/api.w.org\/{rel}","templated":true}]}}