{"id":252507,"date":"2025-07-16T23:41:19","date_gmt":"2025-07-16T23:41:19","guid":{"rendered":"https:\/\/www.europesays.com\/fr\/252507\/"},"modified":"2025-07-16T23:41:19","modified_gmt":"2025-07-16T23:41:19","slug":"hot-milk-sofia-dans-lombre-etouffante-de-sa-mere","status":"publish","type":"post","link":"https:\/\/www.europesays.com\/fr\/252507\/","title":{"rendered":"\u00ab\u00a0Hot Milk\u00a0\u00bb\u00a0: Sofia, dans l&rsquo;ombre \u00e9touffante de sa m\u00e8re"},"content":{"rendered":"<p class=\"ap-StoryElement ap-StoryElement--mb ap-StoryText\">Dans ce film, pr\u00e9sent\u00e9 en comp\u00e9tition au <a href=\"https:\/\/www.lalibre.be\/culture\/cinema\/festivals\/berlinale\/2025\/02\/13\/les-ombres-de-lactualite-internationale-planent-sur-la-75e-edition-de-la-berlinale-NWQPWJ6H3BETZPVCPMZ2TMAWQQ\/\" target=\"_blank\" rel=\"noopener\">Festival de Berlin<\/a> en f\u00e9vrier dernier, tous les \u00e9l\u00e9ments semblaient r\u00e9unis : un casting f\u00e9minin emballant, un <a href=\"https:\/\/www.lalibre.be\/culture\/livres-bd\/2024\/05\/31\/une-fille-enchainee-aux-souffrances-et-aux-manquements-de-sa-mere-5QS7ZZQ4FJBIBP5LXSEAILDA3I\/\" target=\"_blank\" rel=\"noopener\">roman remarqu\u00e9, sign\u00e9 par Deborah Levy<\/a> et, pour la premi\u00e8re fois derri\u00e8re la cam\u00e9ra, la Britannique <a href=\"https:\/\/www.lalibre.be\/culture\/cinema\/festivals\/berlinale\/2025\/01\/22\/richard-linklater-hong-sang-soo-michel-franco-et-radu-jude-figurent-dans-la-selection-de-la-75e-berlinale-DU5GB7MTEVGPZLSBVC32PBU3JY\/\" target=\"_blank\" rel=\"noopener\">Rebecca Lenkiewicz<\/a> qui a marqu\u00e9 les esprits avec ses pr\u00e9c\u00e9dents sc\u00e9narios \u2013 <a href=\"https:\/\/www.lalibre.be\/culture\/cinema\/2014\/02\/12\/ida-du-pur-cinema-J3HIC3N7CNDB3AHUDGJLLZ6N4I\/\" target=\"_blank\" rel=\"noopener\">Ida<\/a> et She said \u2013 autour de femmes en lutte. She said, film tr\u00e8s remarqu\u00e9 r\u00e9alis\u00e9 par Maria Schrader, abordait avec beaucoup de soin <a href=\"https:\/\/www.lalibre.be\/culture\/cinema\/2022\/11\/23\/les-tombeuses-de-weinstein-heroines-de-cinema-ORYCGLWRNVASJO3PQO4ODH4H7E\/\" target=\"_blank\" rel=\"noopener\">l&rsquo;ambitieuse enqu\u00eate journalistique<\/a> qui avait permis de r\u00e9v\u00e9ler les agissements coupables et violents du producteur Harvey Weinstein, d\u00e9clencheur du mouvement #MeToo.<\/p>\n<p><a href=\"https:\/\/www.lalibre.be\/culture\/cinema\/2022\/11\/23\/she-said-aux-origines-de-metoo-PNGAZ6TQC5EQBGN3NNYB3U464I\/\" target=\"_blank\" rel=\"noopener noreferrer\" class=\"ap-StoryInterstitialLink ap-StoryElement ap-StoryElement--mb\">\u00ab\u00a0She said\u00a0\u00bb retrace l&rsquo;enqu\u00eate \u00e0 l&rsquo;origine du mouvement #MeToo<\/a><\/p>\n<p class=\"ap-StoryElement ap-StoryElement--mb ap-StoryText\">Pourtant, cette fois, la magie n&rsquo;op\u00e8re pas. Le propos, trop d\u00e9cousu, trop appuy\u00e9 par moments, perd le spectateur en route malgr\u00e9 des prestations d&rsquo;une belle intensit\u00e9, qui peinent toutefois \u00e0 r\u00e9sonner \u00e0 l&rsquo;unisson. Chacune joue une partition trop personnelle et la mise en sc\u00e8ne \u00e9choue \u00e0 leur offrir une direction commune. Il faut attendre la derni\u00e8re partie du film pour qu&rsquo;enfin, les pi\u00e8ces du puzzle s&rsquo;assemblent et que l&rsquo;on prenne la mesure du trauma v\u00e9cu par chacune. Malgr\u00e9 un final d\u00e9tonant, il sera sans doute trop tard pour une partie du public. Dommage.<\/p>\n<p class=\"ap-StoryElement ap-StoryElement--mb ap-StoryText\">\u2605\u2007<b>Hot Milk<\/b> Relation toxique <b>R\u00e9alisation et Sc\u00e9nario<\/b>\u2007Rebecca Lenkiewicz, d&rsquo;apr\u00e8s le roman de Deborah Levy\u2007<b>Avec<\/b>\u2007Emma Mackey, Fiona Shaw, Vicky Krieps, Vincent Perez,&#8230; <b>Dur\u00e9e<\/b>\u20071h32<\/p>\n","protected":false},"excerpt":{"rendered":"Dans ce film, pr\u00e9sent\u00e9 en comp\u00e9tition au Festival de Berlin en f\u00e9vrier dernier, tous les \u00e9l\u00e9ments semblaient r\u00e9unis&hellip;\n","protected":false},"author":2,"featured_media":252508,"comment_status":"","ping_status":"","sticky":false,"template":"","format":"standard","meta":{"footnotes":""},"categories":[1354],"tags":[58,59,1346,1011,27,8923,1360],"class_list":{"0":"post-252507","1":"post","2":"type-post","3":"status-publish","4":"format-standard","5":"has-post-thumbnail","7":"category-films","8":"tag-divertissement","9":"tag-entertainment","10":"tag-films","11":"tag-fr","12":"tag-france","13":"tag-harvey-weinstein","14":"tag-movies"},"share_on_mastodon":{"url":"https:\/\/pubeurope.com\/@fr\/114865562192312221","error":""},"_links":{"self":[{"href":"https:\/\/www.europesays.com\/fr\/wp-json\/wp\/v2\/posts\/252507","targetHints":{"allow":["GET"]}}],"collection":[{"href":"https:\/\/www.europesays.com\/fr\/wp-json\/wp\/v2\/posts"}],"about":[{"href":"https:\/\/www.europesays.com\/fr\/wp-json\/wp\/v2\/types\/post"}],"author":[{"embeddable":true,"href":"https:\/\/www.europesays.com\/fr\/wp-json\/wp\/v2\/users\/2"}],"replies":[{"embeddable":true,"href":"https:\/\/www.europesays.com\/fr\/wp-json\/wp\/v2\/comments?post=252507"}],"version-history":[{"count":0,"href":"https:\/\/www.europesays.com\/fr\/wp-json\/wp\/v2\/posts\/252507\/revisions"}],"wp:featuredmedia":[{"embeddable":true,"href":"https:\/\/www.europesays.com\/fr\/wp-json\/wp\/v2\/media\/252508"}],"wp:attachment":[{"href":"https:\/\/www.europesays.com\/fr\/wp-json\/wp\/v2\/media?parent=252507"}],"wp:term":[{"taxonomy":"category","embeddable":true,"href":"https:\/\/www.europesays.com\/fr\/wp-json\/wp\/v2\/categories?post=252507"},{"taxonomy":"post_tag","embeddable":true,"href":"https:\/\/www.europesays.com\/fr\/wp-json\/wp\/v2\/tags?post=252507"}],"curies":[{"name":"wp","href":"https:\/\/api.w.org\/{rel}","templated":true}]}}