{"id":252509,"date":"2025-07-16T23:42:10","date_gmt":"2025-07-16T23:42:10","guid":{"rendered":"https:\/\/www.europesays.com\/fr\/252509\/"},"modified":"2025-07-16T23:42:10","modified_gmt":"2025-07-16T23:42:10","slug":"quelle-est-cette-bacterie-qui-pourrait-faire-exploser-le-nombre-de-cas-de-cancers-de-lestomac-a-lavenir-actualites","status":"publish","type":"post","link":"https:\/\/www.europesays.com\/fr\/252509\/","title":{"rendered":"Quelle est cette bact\u00e9rie qui pourrait faire exploser le nombre de cas de cancers de l\u2019estomac \u00e0 l\u2019avenir ? : Actualit\u00e9s"},"content":{"rendered":"<p class=\"lead \"><strong>Plus de 15 millions de cancers de l\u2019estomac pourraient \u00eatre caus\u00e9s dans les ann\u00e9es \u00e0 venir par la bact\u00e9rie \u00ab\u00a0Helicobacter pylori\u00a0\u00bb, selon une \u00e9tude de la branche sp\u00e9cialis\u00e9e dans le cancer de l\u2019OMS.<\/strong><\/p>\n<p class=\"lead \">Elle se nomme \u00ab\u00a0Helicobacter pylori\u00a0\u00bb et constitue la principale cause de <a href=\"https:\/\/actu.orange.fr\/societe\/sante\/le-regime-vegetarien-est-il-bon-pour-la-sante-une-etude-pointe-certains-inconvenients-magic-CNT000002hRLVt.html\" rel=\"nofollow noopener\" target=\"_blank\">cancer de l\u2019estomac<\/a>. L\u2019Organisation mondiale de la Sant\u00e9 (OMS) alerte sur cette bact\u00e9rie, souvent contract\u00e9e pendant l\u2019enfance et pouvant rester latente sans montrer de sympt\u00f4mes, \u00e0 travers une \u00e9tude mondiale men\u00e9e par son Centre international de recherche sur le cancer (CIRC), rapporte <a href=\"https:\/\/www.slate.fr\/sante\/bacterie-oubliee-millions-cancers-estomac-helicobacter-pylori-traitement-prevention-jeunes\" target=\"_blank\" rel=\"nofollow noopener\">Slate<\/a>. <\/p>\n<p class=\"lead \">Ce dernier r\u00e9v\u00e8le une forte augmentation du cancer de l\u2019estomac chez les moins de 50 ans, de quoi alerter le corps m\u00e9dical, car la tendance ne devrait pas aller en s\u2019arrangeant.<\/p>\n<p>                                                                                                Plus de 15 millions de nouveaux cas dans le futur<\/p>\n<p class=\"lead \">Alors que le cancer de l\u2019estomac est le quatri\u00e8me type de cancer le plus meurtrier au monde (769 000 d\u00e9c\u00e8s en 2020), <a href=\"https:\/\/www.who.int\/fr\/news-room\/fact-sheets\/detail\/cancer\" target=\"_blank\" rel=\"nofollow noopener\">selon l\u2019OMS<\/a>, 15,6 millions de nouveaux cas pourraient appara\u00eetre parmi les personnes issues des g\u00e9n\u00e9rations n\u00e9es entre 2008 et 2017. L\u2019\u00e9tude du CIRC a pris en compte de nombreuses donn\u00e9es pour arriver \u00e0 ces estimations sur l\u2019impact de la bact\u00e9rie en cause qui, outre le cancer de l\u2019estomac, peut aussi provoquer des ulc\u00e8res ou des inflammations sur le long terme.<\/p>\n<p class=\"lead \">Si ces r\u00e9sultats ne doivent pas \u00eatre pris \u00e0 la l\u00e9g\u00e8re, il ne faut pas en devenir fataliste pour autant. D\u00e9tect\u00e9e et trait\u00e9e suffisamment t\u00f4t et de mani\u00e8re appropri\u00e9e, la pr\u00e9sence de la bact\u00e9rie \u00ab\u00a0Helicobacter pylori\u00a0\u00bb peut s\u2019av\u00e9rer radicalement moins grave et permettre de pr\u00e9venir jusqu\u2019\u00e0 68 % des cas de cancers gastriques. L\u2019\u00e9tude estime que 76 % des 15,6 millions de cas annonc\u00e9s seraient caus\u00e9s par ladite bact\u00e9rie, ce qui permettrait de r\u00e9duire drastiquement le risque d\u2019\u00e9volution vers un cancer.<\/p>\n<p class=\"small font-weight-bold text-gray3 \"> publi\u00e9 le 15 juillet \u00e0 16h20, Ma\u00ebl Narpon, 6Medias<\/p>\n<p>                             Partager<\/p>\n","protected":false},"excerpt":{"rendered":"Plus de 15 millions de cancers de l\u2019estomac pourraient \u00eatre caus\u00e9s dans les ann\u00e9es \u00e0 venir par la&hellip;\n","protected":false},"author":2,"featured_media":252510,"comment_status":"","ping_status":"","sticky":false,"template":"","format":"standard","meta":{"footnotes":""},"categories":[10],"tags":[1011,27,72,71],"class_list":{"0":"post-252509","1":"post","2":"type-post","3":"status-publish","4":"format-standard","5":"has-post-thumbnail","7":"category-sante","8":"tag-fr","9":"tag-france","10":"tag-health","11":"tag-sante"},"share_on_mastodon":{"url":"https:\/\/pubeurope.com\/@fr\/114865566092419937","error":""},"_links":{"self":[{"href":"https:\/\/www.europesays.com\/fr\/wp-json\/wp\/v2\/posts\/252509","targetHints":{"allow":["GET"]}}],"collection":[{"href":"https:\/\/www.europesays.com\/fr\/wp-json\/wp\/v2\/posts"}],"about":[{"href":"https:\/\/www.europesays.com\/fr\/wp-json\/wp\/v2\/types\/post"}],"author":[{"embeddable":true,"href":"https:\/\/www.europesays.com\/fr\/wp-json\/wp\/v2\/users\/2"}],"replies":[{"embeddable":true,"href":"https:\/\/www.europesays.com\/fr\/wp-json\/wp\/v2\/comments?post=252509"}],"version-history":[{"count":0,"href":"https:\/\/www.europesays.com\/fr\/wp-json\/wp\/v2\/posts\/252509\/revisions"}],"wp:featuredmedia":[{"embeddable":true,"href":"https:\/\/www.europesays.com\/fr\/wp-json\/wp\/v2\/media\/252510"}],"wp:attachment":[{"href":"https:\/\/www.europesays.com\/fr\/wp-json\/wp\/v2\/media?parent=252509"}],"wp:term":[{"taxonomy":"category","embeddable":true,"href":"https:\/\/www.europesays.com\/fr\/wp-json\/wp\/v2\/categories?post=252509"},{"taxonomy":"post_tag","embeddable":true,"href":"https:\/\/www.europesays.com\/fr\/wp-json\/wp\/v2\/tags?post=252509"}],"curies":[{"name":"wp","href":"https:\/\/api.w.org\/{rel}","templated":true}]}}