{"id":252531,"date":"2025-07-16T23:53:15","date_gmt":"2025-07-16T23:53:15","guid":{"rendered":"https:\/\/www.europesays.com\/fr\/252531\/"},"modified":"2025-07-16T23:53:15","modified_gmt":"2025-07-16T23:53:15","slug":"officiel-patrick-ouotro-transfere-a-las-nancy-lorraine-alsasports","status":"publish","type":"post","link":"https:\/\/www.europesays.com\/fr\/252531\/","title":{"rendered":"OFFICIEL. Patrick Ouotro transf\u00e9r\u00e9 \u00e0 l&rsquo;AS Nancy-Lorraine \u2014 Alsa&rsquo;Sports"},"content":{"rendered":"<p><strong>L\u2019attaquant ivoirien du Racing Club de Strasbourg Patrick Ouotro a \u00e9t\u00e9 transf\u00e9r\u00e9 ce mercredi \u00e0 l\u2019AS Nancy-Lorraine, sans s\u2019\u00eatre impos\u00e9 en Alsace. <\/strong><\/p>\n<p>L\u2019attaquant ivoirien Patrick Ouotro (19 ans) s\u2019est engag\u00e9 ce mercredi dans le club voisin de l\u2019AS Nancy-Lorraine. En manque de temps de jeu, le d\u00e9sormais ancien Strasbourgeois a sign\u00e9 \u00e0 Nancy pour quatre saisons. <\/p>\n<p>Patrick Ouotro avait d\u00e9barqu\u00e9 en Alsace en janvier 2024 pour 4 ans en provenance du LYS Sassandra en premi\u00e8re division ivoirienne, o\u00f9 l\u2019attaquant avait \u00e9t\u00e9 \u00e9lu meilleur espoir. Il n\u2019aura obtenu qu\u2019une seule apparition officielle au Racing, lors d\u2019une d\u00e9faite \u00e0 Lyon (2-1) \u00e0 la 34\u00e8me journ\u00e9e de la saison 2023\/2024. Ouotro a ensuite \u00e9t\u00e9 pr\u00eat\u00e9 la saison derni\u00e8re \u00e0 Martigues d\u2019ao\u00fbt \u00e0 d\u00e9cembre 2024 (13 matches de Ligue 2), puis \u00e0 Seraing en Belgique de f\u00e9vrier jusqu\u2019en fin de saison (8 matches de Challenger Pro League, 3 buts). Les plus attentifs se souviendront s\u00fbrement de son unique but \u00e0 Strasbourg lors d\u2019un match amical contre Munich 1860 le 4 juillet 2024 \u00e0 la DANA Arena de Windischgarsten en Autriche (d\u00e9faite 2-1).<\/p>\n<blockquote class=\"twitter-tweet\" data-width=\"500\" data-dnt=\"true\">\n<p lang=\"fr\" dir=\"ltr\">\ud835\ude4b\ud835\ude56\ud835\ude69\ud835\ude67\ud835\ude5e\ud835\ude58\ud835\ude60 \ud835\ude4a\ud835\ude6a\ud835\ude64\ud835\ude69\ud835\ude67\ud835\ude64 \ud835\ude69\ud835\ude67\ud835\ude56\ud835\ude63\ud835\ude68\ud835\ude5b\ud835\ude5a\u0301\ud835\ude67\ud835\ude5a\u0301 \ud835\ude56\u0300 \ud835\ude49\ud835\ude56\ud835\ude63\ud835\ude58\ud835\ude6e<\/p>\n<p>L\u2019attaquant ivoirien s\u2019est engag\u00e9 avec le club lorrain. Le club lui souhaite le meilleur pour la suite de sa carri\u00e8re.<\/p>\n<p>Le communiqu\u00e9 \ud83d\udc49 <a href=\"https:\/\/t.co\/DrSYOojknI\">https:\/\/t.co\/DrSYOojknI<\/a> <a href=\"https:\/\/t.co\/uCdtsw909K\">pic.twitter.com\/uCdtsw909K<\/a><\/p>\n<p>\u2014 Racing Club de Strasbourg Alsace (@RCSA) <a href=\"https:\/\/twitter.com\/RCSA\/status\/1945559308369797602?ref_src=twsrc%5Etfw\" target=\"_blank\" rel=\"noopener\">July 16, 2025<\/a><\/p><\/blockquote>\n<p>                    <script async src=\"https:\/\/platform.twitter.com\/widgets.js\" charset=\"utf-8\"><\/script><\/p>\n","protected":false},"excerpt":{"rendered":"L\u2019attaquant ivoirien du Racing Club de Strasbourg Patrick Ouotro a \u00e9t\u00e9 transf\u00e9r\u00e9 ce mercredi \u00e0 l\u2019AS Nancy-Lorraine, sans&hellip;\n","protected":false},"author":2,"featured_media":245104,"comment_status":"","ping_status":"","sticky":false,"template":"","format":"standard","meta":{"footnotes":""},"categories":[9635],"tags":[1111,11,1777,674,63,1011,27,775,1702,12,4448,25],"class_list":{"0":"post-252531","1":"post","2":"type-post","3":"status-publish","4":"format-standard","5":"has-post-thumbnail","7":"category-nancy","8":"tag-actu","9":"tag-actualites","10":"tag-eu","11":"tag-europe","12":"tag-football","13":"tag-fr","14":"tag-france","15":"tag-grand-est","16":"tag-nancy","17":"tag-news","18":"tag-rc-strasbourg","19":"tag-republique-francaise"},"share_on_mastodon":{"url":"https:\/\/pubeurope.com\/@fr\/114865609395826887","error":""},"_links":{"self":[{"href":"https:\/\/www.europesays.com\/fr\/wp-json\/wp\/v2\/posts\/252531","targetHints":{"allow":["GET"]}}],"collection":[{"href":"https:\/\/www.europesays.com\/fr\/wp-json\/wp\/v2\/posts"}],"about":[{"href":"https:\/\/www.europesays.com\/fr\/wp-json\/wp\/v2\/types\/post"}],"author":[{"embeddable":true,"href":"https:\/\/www.europesays.com\/fr\/wp-json\/wp\/v2\/users\/2"}],"replies":[{"embeddable":true,"href":"https:\/\/www.europesays.com\/fr\/wp-json\/wp\/v2\/comments?post=252531"}],"version-history":[{"count":0,"href":"https:\/\/www.europesays.com\/fr\/wp-json\/wp\/v2\/posts\/252531\/revisions"}],"wp:featuredmedia":[{"embeddable":true,"href":"https:\/\/www.europesays.com\/fr\/wp-json\/wp\/v2\/media\/245104"}],"wp:attachment":[{"href":"https:\/\/www.europesays.com\/fr\/wp-json\/wp\/v2\/media?parent=252531"}],"wp:term":[{"taxonomy":"category","embeddable":true,"href":"https:\/\/www.europesays.com\/fr\/wp-json\/wp\/v2\/categories?post=252531"},{"taxonomy":"post_tag","embeddable":true,"href":"https:\/\/www.europesays.com\/fr\/wp-json\/wp\/v2\/tags?post=252531"}],"curies":[{"name":"wp","href":"https:\/\/api.w.org\/{rel}","templated":true}]}}