{"id":252534,"date":"2025-07-16T23:55:15","date_gmt":"2025-07-16T23:55:15","guid":{"rendered":"https:\/\/www.europesays.com\/fr\/252534\/"},"modified":"2025-07-16T23:55:15","modified_gmt":"2025-07-16T23:55:15","slug":"marine-nationale-le-groupe-jeanne-darc-est-rentre-a-toulon-apres-142-jours-de-mission","status":"publish","type":"post","link":"https:\/\/www.europesays.com\/fr\/252534\/","title":{"rendered":"Marine nationale : le groupe Jeanne d\u2019arc est rentr\u00e9 \u00e0 Toulon apr\u00e8s 142 jours de mission"},"content":{"rendered":"<p>\n      Apr\u00e8s 142 jours de d\u00e9ploiement dans le cadre de la mission Jeanne d\u2019Arc, le porte-h\u00e9licopt\u00e8res amphibie (PHA) Mistral et la fr\u00e9gate l\u00e9g\u00e8re furtive (FLF) Surcouf, de la Marine nationale, ont regagn\u00e9 leur base de Toulon. Nous vous proposons de d\u00e9couvrir leur retour en images avec les photographies de Francis Jacquot et Jean-Claude Bellonne.\n    <\/p>\n<p>Alors que le Surcouf a regagn\u00e9 les quais de la base navale varoise d\u00e8s le mardi 15 juillet, le Mistral a mouill\u00e9 le m\u00eame jour devant le Cap Brun, avant de rejoindre le lendemain matin le quai d\u2019honneur, o\u00f9 de nombreuses familles de marins attendaient avec impatience de retrouver leurs proches apr\u00e8s quasiment cinq mois d\u2019absence.\u00a0<\/p>\n<p>\u00a0<\/p>\n<p>      Le Mistral au mouillage devant Toulon le 15 juillet.\u00a0<\/p>\n<p>\u00a0<\/p>\n<p>      La fr\u00e9gate Surcouf au mouillage en rade des Vignettes le 15 juillet avant son retour \u00e0 la base navale de Toulon.\u00a0<\/p>\n<p>\u00a0<\/p>\n<p>\n                  Diaporama                <\/p>\n<p>Le Surcouf est arriv\u00e9 devant Toulon mardi 15 juillet et, apr\u00e8s avoir mouill\u00e9 quelques heures en rade des Vignettes, a rejoint la base navale dans l&rsquo;apr\u00e8s-midi. <\/p>\n<p>\u00a0<\/p>\n<p>\u00a0<\/p>\n<p>\n                  Diaporama                <\/p>\n<p>Le Mistral man\u0153uvrant pour accoster au quai d&rsquo;honneur le 16 juillet. <\/p>\n<p>\u00a0<\/p>\n<p>\u00a0<\/p>\n<p>\u00a0<\/p>\n<p>\u00a0<\/p>\n<p>\u00a0<\/p>\n<p>\u00a0<\/p>\n<p>\n                  Diaporama                <\/p>\n<p>L&rsquo;arriv\u00e9e au Mistral au quai d&rsquo;honneur le 16 juillet. <\/p>\n<p>\u00a0<\/p>\n<p>C\u2019est le 24 f\u00e9vrier dernier que la 16\u00e8me \u00e9dition de la mission annuelle Jeanne d\u2019Arc, visant \u00e0 d\u00e9ployer un groupe amphibie dans une zone d\u2019int\u00e9r\u00eat strat\u00e9gique et, dans le m\u00eame temps, \u00e0 parachever la formation des officiers-\u00e9l\u00e8ves de l\u2019\u00c9cole navale, avait d\u00e9but\u00e9. Assur\u00e9e cette ann\u00e9e par le PHA Mistral et la FLF Surcouf, elle a vu les deux b\u00e2timents parcourir pr\u00e8s de 24.000 nautiques pendant ce d\u00e9ploiement qui a dur\u00e9 142 jours. Les deux b\u00e2timents de la Marine nationale ont d\u2019abord \u00e9volu\u00e9 en Afrique de l\u2019Ouest, participant \u00e0 la mission Corymbe et contribuant au passage \u00e0 la saisie de 6.4 tonnes de coca\u00efne dans le golfe de Guin\u00e9e.\u00a0<\/p>\n<p>Le Mistral et le Surcouf ont ensuite travers\u00e9 l\u2019Atlantique pour rejoindre le Br\u00e9sil, puis la Guyane, les Antilles et la Colombie. Ils ont continu\u00e9 vers les <a href=\"https:\/\/www.meretmarine.com\/fr\/defense\/jeanne-d-arc-25-le-groupe-amphibie-a-la-nouvelle-orleans\" target=\"_blank\" rel=\"noopener\">\u00c9tats-Unis<\/a>, le\u00a0<a href=\"https:\/\/www.meretmarine.com\/fr\/defense\/le-groupe-jeanne-d-arc-au-canada\" target=\"_blank\" rel=\"noopener\"> Canada\u00a0<\/a>et Saint-Pierre et Miquelon, avant de poursuivre leurs op\u00e9rations et exercices dans le Grand Nord, de l\u2019Islande \u00e0 la Scandinavie, <a href=\"https:\/\/www.meretmarine.com\/fr\/defense\/marine-nationale-le-groupe-jeanne-d-arc-en-norvege\" target=\"_blank\" rel=\"noopener\">d&rsquo;abord en Norv\u00e8ge\u00a0<\/a>puis au Danemark et en Su\u00e8de.\u00a0<\/p>\n<p>\u00a0<\/p>\n<p>      La mission Jeanne d\u2019Arc 2025.\u00a0<\/p>\n<p>\u00a0<\/p>\n<p>A l\u2019issue de cette phase, le groupe Jeanne d\u2019Arc a entam\u00e9 son retour vers la France, s\u2019arr\u00eatant bri\u00e8vement \u00e0 Cherbourg le 5 juillet avant de gagner la pointe Bretagne et le golfe de Gascogne, o\u00f9 l\u2019exercice \u00c9tendard a permis aux officiers-\u00e9l\u00e8ves de mettre en pratique les savoir-faire techniques et op\u00e9rationnels acquis durant plus de quatre mois. Ce d\u00e9ploiement marque la fin de leur scolarit\u00e9, les jeunes officiers \u00e9tant d\u00e9sormais pr\u00eats \u00e0 rejoindre leur premi\u00e8re affectation sur les b\u00e2timents de la flotte.\u00a0<\/p>\n<p>Environ 500 marins, dont 151 officiers-\u00e9l\u00e8ves et 150 soldats de l\u2019arm\u00e9e de Terre ont particip\u00e9 \u00e0 cette 16\u00e8me \u00e9dition de la mission Jeanne d\u2019Arc.\u00a0Au-del\u00e0 de sa vocation d\u2019\u00e9cole embarqu\u00e9e, cette mission op\u00e9rationnelle permet \u00e0 la marine fran\u00e7aise de pr\u00e9-positionner des moyens dans une zone d&rsquo;int\u00e9r\u00eat et de renforcer la coop\u00e9ration et l\u2019interop\u00e9rabilit\u00e9 avec les pays riverains des r\u00e9gions travers\u00e9es \u00e0 travers des exercices et manoeuvres conjointes. Le d\u00e9ploiement comprend \u00e9galement une forte dimension diplomatique, qui s\u2019illustre en particulier lors des escales des b\u00e2timents fran\u00e7ais, pendant lesquelles des \u00e9changes, visites et r\u00e9ceptions sont organis\u00e9es avec les autorit\u00e9s civiles et militaires locales.\u00a0<\/p>\n<p>La formation des \u00e9l\u00e8ves, comme les exercices, se font donc dans un cadre interalli\u00e9s mais aussi interarm\u00e9es puisque le PHA embarque syst\u00e9matiquement un groupe tactique et un sous-groupement a\u00e9romobile de l\u2019arm\u00e9e de Terre, qui vient \u00e0 bord avec soldats, v\u00e9hicules et h\u00e9licopt\u00e8res. Cette ann\u00e9e, le Mistral a embarqu\u00e9 40 v\u00e9hicules, dont des Griffon, Serval et VBL, deux h\u00e9licopt\u00e8res de man\u0153uvre Cougar et deux h\u00e9licopt\u00e8res d\u2019attaque Gazelle, en plus du Dauphin de la flottille 34F et des drones a\u00e9riens Camcopter S-100 du d\u00e9tachement de la 36F. \u00a0<\/p>\n<p>Les moyens terrestres sont projet\u00e9s \u00a0via les engins de d\u00e9barquement amphibie (un EDA-R et un EDA-S cette ann\u00e9e) log\u00e9s dans le radier du b\u00e2timent. Celui-ci, avec une place encore disponible, a pu embarquer lors du passage en Su\u00e8de, <a href=\"https:\/\/www.meretmarine.com\/fr\/defense\/la-marine-nationale-teste-un-engin-d-assaut-cb90-prete-par-son-homologue-suedoise\" target=\"_blank\" rel=\"noopener\">une embarcation d\u2019assaut CB90 pr\u00eat\u00e9e par la marine su\u00e9doise<\/a> et qui va \u00eatre exp\u00e9riment\u00e9e par la Marine nationale, en particulier pour les commandos marine.\u00a0<\/p>\n<p><strong>\u00a9 Un article de la r\u00e9daction de Mer et Marine.\u00a0Reproduction interdite sans consentement du ou des auteurs.<\/strong>\u00a0\u00a0\u00a0<\/p>\n<p>\u00a0<\/p>\n","protected":false},"excerpt":{"rendered":"Apr\u00e8s 142 jours de d\u00e9ploiement dans le cadre de la mission Jeanne d\u2019Arc, le porte-h\u00e9licopt\u00e8res amphibie (PHA) Mistral&hellip;\n","protected":false},"author":2,"featured_media":252535,"comment_status":"","ping_status":"","sticky":false,"template":"","format":"standard","meta":{"footnotes":""},"categories":[9619],"tags":[1111,11,6130,6141,6131,6138,2380,6135,554,1777,6136,674,1011,27,6139,6134,3135,6128,567,6129,6127,12,6132,4838,882,6133,25,6140,6137,2310],"class_list":{"0":"post-252534","1":"post","2":"type-post","3":"status-publish","4":"format-standard","5":"has-post-thumbnail","7":"category-toulon","8":"tag-actu","9":"tag-actualites","10":"tag-chantiers","11":"tag-commando","12":"tag-construction-navale","13":"tag-costa","14":"tag-croisiere","15":"tag-dcns","16":"tag-defense","17":"tag-eu","18":"tag-euronaval","19":"tag-europe","20":"tag-fr","21":"tag-france","22":"tag-fremm","23":"tag-interviews","24":"tag-littoral","25":"tag-marine","26":"tag-marine-nationale","27":"tag-maritime","28":"tag-mer","29":"tag-news","30":"tag-offshore","31":"tag-peche","32":"tag-provence-alpes-cote-dazur","33":"tag-reportages","34":"tag-republique-francaise","35":"tag-sncm","36":"tag-stx","37":"tag-toulon"},"share_on_mastodon":{"url":"https:\/\/pubeurope.com\/@fr\/114865617161033748","error":""},"_links":{"self":[{"href":"https:\/\/www.europesays.com\/fr\/wp-json\/wp\/v2\/posts\/252534","targetHints":{"allow":["GET"]}}],"collection":[{"href":"https:\/\/www.europesays.com\/fr\/wp-json\/wp\/v2\/posts"}],"about":[{"href":"https:\/\/www.europesays.com\/fr\/wp-json\/wp\/v2\/types\/post"}],"author":[{"embeddable":true,"href":"https:\/\/www.europesays.com\/fr\/wp-json\/wp\/v2\/users\/2"}],"replies":[{"embeddable":true,"href":"https:\/\/www.europesays.com\/fr\/wp-json\/wp\/v2\/comments?post=252534"}],"version-history":[{"count":0,"href":"https:\/\/www.europesays.com\/fr\/wp-json\/wp\/v2\/posts\/252534\/revisions"}],"wp:featuredmedia":[{"embeddable":true,"href":"https:\/\/www.europesays.com\/fr\/wp-json\/wp\/v2\/media\/252535"}],"wp:attachment":[{"href":"https:\/\/www.europesays.com\/fr\/wp-json\/wp\/v2\/media?parent=252534"}],"wp:term":[{"taxonomy":"category","embeddable":true,"href":"https:\/\/www.europesays.com\/fr\/wp-json\/wp\/v2\/categories?post=252534"},{"taxonomy":"post_tag","embeddable":true,"href":"https:\/\/www.europesays.com\/fr\/wp-json\/wp\/v2\/tags?post=252534"}],"curies":[{"name":"wp","href":"https:\/\/api.w.org\/{rel}","templated":true}]}}