{"id":252538,"date":"2025-07-16T23:57:10","date_gmt":"2025-07-16T23:57:10","guid":{"rendered":"https:\/\/www.europesays.com\/fr\/252538\/"},"modified":"2025-07-16T23:57:10","modified_gmt":"2025-07-16T23:57:10","slug":"une-recrue-annoncee-a-bayonne-en-provenance-de-montpellier","status":"publish","type":"post","link":"https:\/\/www.europesays.com\/fr\/252538\/","title":{"rendered":"Une recrue annonc\u00e9e \u00e0 Bayonne en provenance de Montpellier"},"content":{"rendered":"<p>Le demi de m\u00eal\u00e9e L\u00e9o Coly, qui \u00e9voluait au MHR, s\u2019est engag\u00e9 pour trois saisons avec le club basque.<\/p>\n<p class=\"fig-paragraph\">Le demi de m\u00eal\u00e9e de Montpellier L\u00e9o Coly \u00e9voluera \u00e0 compter de la saison 2026-2027 avec Bayonne pour lequel il s&rsquo;est engag\u00e9 pour trois ans, a annonc\u00e9 mercredi l&rsquo;Aviron, demi-finaliste du dernier Top 14. Coly, 25 ans, form\u00e9 \u00e0 Biscarrosse puis \u00e0 Mont-de-Marsan, avait rejoint en 2022 le MHR, tout juste champion de France.<\/p>\n<p class=\"fig-paragraph\">En trois saisons dans l&rsquo;H\u00e9rault, cet ancien U20 tricolore, s\u00e9lectionn\u00e9 une fois avec les Barbarians fran\u00e7ais, a disput\u00e9 64 matches et inscrit 11 essais, sans parvenir \u00e0 se qualifier une seule fois en phase finale de Top 14. \u00c0 Bayonne, Coly prendra la succession de Maxime Machenaud, 36 ans, qui mettra un terme \u00e0 sa carri\u00e8re \u00e0 l&rsquo;issue de la prochaine saison.<\/p>\n","protected":false},"excerpt":{"rendered":"Le demi de m\u00eal\u00e9e L\u00e9o Coly, qui \u00e9voluait au MHR, s\u2019est engag\u00e9 pour trois saisons avec le club&hellip;\n","protected":false},"author":2,"featured_media":252539,"comment_status":"","ping_status":"","sticky":false,"template":"","format":"standard","meta":{"footnotes":""},"categories":[9599],"tags":[1111,11,525,4590,1981,2313,814,1777,674,1011,27,955,2208,12,2680,4589,2311,25,1980,479,2259,478,2310,2312],"class_list":{"0":"post-252538","1":"post","2":"type-post","3":"status-publish","4":"format-standard","5":"has-post-thumbnail","7":"category-montpellier","8":"tag-actu","9":"tag-actualites","10":"tag-calendrier","11":"tag-championnat-france","12":"tag-classement","13":"tag-clermont","14":"tag-direct","15":"tag-eu","16":"tag-europe","17":"tag-fr","18":"tag-france","19":"tag-match","20":"tag-montpellier","21":"tag-news","22":"tag-occitanie","23":"tag-phase-finale","24":"tag-racing","25":"tag-republique-francaise","26":"tag-resultats","27":"tag-rugby","28":"tag-score","29":"tag-top-14","30":"tag-toulon","31":"tag-toulouse"},"share_on_mastodon":{"url":"https:\/\/pubeurope.com\/@fr\/114865625213063144","error":""},"_links":{"self":[{"href":"https:\/\/www.europesays.com\/fr\/wp-json\/wp\/v2\/posts\/252538","targetHints":{"allow":["GET"]}}],"collection":[{"href":"https:\/\/www.europesays.com\/fr\/wp-json\/wp\/v2\/posts"}],"about":[{"href":"https:\/\/www.europesays.com\/fr\/wp-json\/wp\/v2\/types\/post"}],"author":[{"embeddable":true,"href":"https:\/\/www.europesays.com\/fr\/wp-json\/wp\/v2\/users\/2"}],"replies":[{"embeddable":true,"href":"https:\/\/www.europesays.com\/fr\/wp-json\/wp\/v2\/comments?post=252538"}],"version-history":[{"count":0,"href":"https:\/\/www.europesays.com\/fr\/wp-json\/wp\/v2\/posts\/252538\/revisions"}],"wp:featuredmedia":[{"embeddable":true,"href":"https:\/\/www.europesays.com\/fr\/wp-json\/wp\/v2\/media\/252539"}],"wp:attachment":[{"href":"https:\/\/www.europesays.com\/fr\/wp-json\/wp\/v2\/media?parent=252538"}],"wp:term":[{"taxonomy":"category","embeddable":true,"href":"https:\/\/www.europesays.com\/fr\/wp-json\/wp\/v2\/categories?post=252538"},{"taxonomy":"post_tag","embeddable":true,"href":"https:\/\/www.europesays.com\/fr\/wp-json\/wp\/v2\/tags?post=252538"}],"curies":[{"name":"wp","href":"https:\/\/api.w.org\/{rel}","templated":true}]}}