{"id":252582,"date":"2025-07-17T00:21:09","date_gmt":"2025-07-17T00:21:09","guid":{"rendered":"https:\/\/www.europesays.com\/fr\/252582\/"},"modified":"2025-07-17T00:21:09","modified_gmt":"2025-07-17T00:21:09","slug":"evasion-dans-le-sac-dun-codetenu-pres-de-lyon-levade-et-son-complice-mis-en-examen-et-ecroues","status":"publish","type":"post","link":"https:\/\/www.europesays.com\/fr\/252582\/","title":{"rendered":"\u00c9vasion dans le sac d\u2019un cod\u00e9tenu pr\u00e8s de Lyon\u00a0: l\u2019\u00e9vad\u00e9 et son complice mis en examen et \u00e9crou\u00e9s"},"content":{"rendered":"<p>L\u2019homme qui s\u2019\u00e9tait \u00e9chapp\u00e9 de la prison de Lyon-Corbas dans un sac \u00e0 linge et son cod\u00e9tenu complice pr\u00e9sum\u00e9, interpell\u00e9s lundi apr\u00e8s trois jours de cavale, ont \u00e9t\u00e9 mis en examen mercredi et plac\u00e9s en d\u00e9tention provisoire, a annonc\u00e9 le parquet.<\/p>\n<p>Un juge d\u2019instruction lyonnais les a mis en examen mercredi pour \u00ab \u00e9vasion en bande organis\u00e9e et participation \u00e0 une association de malfaiteurs \u00bb, a indiqu\u00e9 le parquet de Lyon dans un communiqu\u00e9. Ils ont \u00e9t\u00e9 plac\u00e9s en d\u00e9tention provisoire dans des maisons d\u2019arr\u00eat diff\u00e9rentes, et pas \u00e0 celle de Corbas.<\/p>\n<p>Enqu\u00eate interne<\/p>\n<p>Natif de Mayotte, le jeune \u00e9vad\u00e9 \u00e9tait en d\u00e9tention provisoire \u00e0 Lyon-Corbas, suspect\u00e9 du \u00ab meurtre en bande organis\u00e9e \u00bb d\u2019un trafiquant de drogue et d&rsquo;\u00ab infraction \u00e0 la l\u00e9gislation sur les armes \u00bb, dans le cadre d\u2019une information judiciaire ouverte \u00e0 la Juridiction interr\u00e9gionale sp\u00e9cialis\u00e9e (JIRS) de Paris.<\/p>\n<p>Il y a eu \u00ab manifestement toute une s\u00e9rie de dysfonctionnements \u00bb \u00ab graves \u00bb et \u00ab inadmissibles \u00bb, avait estim\u00e9 le directeur de l\u2019administration p\u00e9nitentiaire, S\u00e9bastien Cauwel, en commentant cette \u00e9vasion selon un proc\u00e9d\u00e9 \u00ab extr\u00eamement rare \u00bb.<\/p>\n<p>Il avait annonc\u00e9 l\u2019ouverture d\u2019une enqu\u00eate interne et d\u2019une inspection de l\u2019inspection g\u00e9n\u00e9rale de la justice demand\u00e9e par le garde des Sceaux.<\/p>\n","protected":false},"excerpt":{"rendered":"L\u2019homme qui s\u2019\u00e9tait \u00e9chapp\u00e9 de la prison de Lyon-Corbas dans un sac \u00e0 linge et son cod\u00e9tenu complice&hellip;\n","protected":false},"author":2,"featured_media":252583,"comment_status":"","ping_status":"","sticky":false,"template":"","format":"standard","meta":{"footnotes":""},"categories":[1889],"tags":[1111,11,2430,765,1777,674,118,1011,27,2428,12,25],"class_list":{"0":"post-252582","1":"post","2":"type-post","3":"status-publish","4":"format-standard","5":"has-post-thumbnail","7":"category-lyon","8":"tag-actu","9":"tag-actualites","10":"tag-auvergne-rhone-alpes","11":"tag-en-continu","12":"tag-eu","13":"tag-europe","14":"tag-faits-divers","15":"tag-fr","16":"tag-france","17":"tag-lyon","18":"tag-news","19":"tag-republique-francaise"},"share_on_mastodon":{"url":"https:\/\/pubeurope.com\/@fr\/114865719395813954","error":""},"_links":{"self":[{"href":"https:\/\/www.europesays.com\/fr\/wp-json\/wp\/v2\/posts\/252582","targetHints":{"allow":["GET"]}}],"collection":[{"href":"https:\/\/www.europesays.com\/fr\/wp-json\/wp\/v2\/posts"}],"about":[{"href":"https:\/\/www.europesays.com\/fr\/wp-json\/wp\/v2\/types\/post"}],"author":[{"embeddable":true,"href":"https:\/\/www.europesays.com\/fr\/wp-json\/wp\/v2\/users\/2"}],"replies":[{"embeddable":true,"href":"https:\/\/www.europesays.com\/fr\/wp-json\/wp\/v2\/comments?post=252582"}],"version-history":[{"count":0,"href":"https:\/\/www.europesays.com\/fr\/wp-json\/wp\/v2\/posts\/252582\/revisions"}],"wp:featuredmedia":[{"embeddable":true,"href":"https:\/\/www.europesays.com\/fr\/wp-json\/wp\/v2\/media\/252583"}],"wp:attachment":[{"href":"https:\/\/www.europesays.com\/fr\/wp-json\/wp\/v2\/media?parent=252582"}],"wp:term":[{"taxonomy":"category","embeddable":true,"href":"https:\/\/www.europesays.com\/fr\/wp-json\/wp\/v2\/categories?post=252582"},{"taxonomy":"post_tag","embeddable":true,"href":"https:\/\/www.europesays.com\/fr\/wp-json\/wp\/v2\/tags?post=252582"}],"curies":[{"name":"wp","href":"https:\/\/api.w.org\/{rel}","templated":true}]}}