{"id":252588,"date":"2025-07-17T00:25:19","date_gmt":"2025-07-17T00:25:19","guid":{"rendered":"https:\/\/www.europesays.com\/fr\/252588\/"},"modified":"2025-07-17T00:25:19","modified_gmt":"2025-07-17T00:25:19","slug":"a-paris-rachida-dati-va-t-elle-jouer-les-trouble-fete-face-a-michel-barnier","status":"publish","type":"post","link":"https:\/\/www.europesays.com\/fr\/252588\/","title":{"rendered":"\u00c0 Paris, Rachida Dati va-t-elle jouer les trouble-f\u00eate face \u00e0 Michel Barnier ?"},"content":{"rendered":"<p>POLITIQUE &#8211; Rater une opportunit\u00e9 \u00e0 <a href=\"https:\/\/fr.news.yahoo.com\/emmanuel-gr%C3%A9goire-d%C3%A9sign%C3%A9-candidat-ps-214735147.html\" data-ylk=\"slk:Paris;elm:context_link;itc:0;sec:content-canvas;outcm:mb_qualified_link;_E:mb_qualified_link;ct:story;\" class=\"link  yahoo-link\" target=\"_blank\" rel=\"noopener\">Paris<\/a>\u00a0? Jamais, lorsqu\u2019on s\u2019appelle <a href=\"https:\/\/fr.news.yahoo.com\/rachida-dati-l-audiovisuel-public-104506594.html\" data-ylk=\"slk:Rachida Dati;elm:context_link;itc:0;sec:content-canvas;outcm:mb_qualified_link;_E:mb_qualified_link;ct:story;\" class=\"link  yahoo-link\" target=\"_blank\" rel=\"noopener\">Rachida Dati<\/a>. L\u2019actuelle ministre de la Culture, qui r\u00eave de l\u2019H\u00f4tel de ville, veut par tous les moyens faire de la capitale son fief. Et une nouvelle occasion s\u2019est pr\u00e9sent\u00e9e \u00e0 elle sous la forme d\u2019une l\u00e9gislative partielle dans la 2e circonscription.<\/p>\n<p>Selon les informations de <a href=\"https:\/\/www.politico.eu\/newsletter\/playbook-paris\/des-economies-mais-paques\/\" rel=\"nofollow noopener\" target=\"_blank\" data-ylk=\"slk:Politico;elm:context_link;itc:0;sec:content-canvas\" class=\"link \">Politico<\/a> ce mercredi 16\u00a0juillet, l\u2019actuelle ministre de la Culture louche sur le si\u00e8ge laiss\u00e9 vacant par Jean Laussucq, <a href=\"https:\/\/fr.news.yahoo.com\/pourquoi-d%C3%A9put%C3%A9s-jean-laussucq-st%C3%A9phane-115151825.html\" data-ylk=\"slk:contraint \u00e0 la d\u00e9mission par le Conseil constitutionnel.;elm:context_link;itc:0;sec:content-canvas;outcm:mb_qualified_link;_E:mb_qualified_link;ct:story;\" class=\"link  yahoo-link\" target=\"_blank\" rel=\"noopener\">contraint \u00e0 la d\u00e9mission par le Conseil constitutionnel.<\/a> Aupr\u00e8s du <a href=\"https:\/\/www.leparisien.fr\/politique\/rachida-a-tres-envie-detre-candidate-elle-sorganise-pour-dati-prete-a-se-lancer-face-a-barnier-aux-legislatives-a-paris-16-07-2025-MAVM3BEVANFXTGTE4E6U6ZUBQY.php\" rel=\"nofollow noopener\" target=\"_blank\" data-ylk=\"slk:Parisien;elm:context_link;itc:0;sec:content-canvas\" class=\"link \">Parisien<\/a>, son entourage confirme \u00e0 demi-mot, expliquant que celle qui est toujours maire du 7e arrondissement \u00ab\u00a0assumera ses responsabilit\u00e9s dans cette partielle qui arrive de mani\u00e8re inattendue.\u00a0Elle a demand\u00e9 \u00e0 \u00eatre entendue par la commission d\u2019investiture des R\u00e9publicains\u00a0\u00bb.<\/p>\n<p><a href=\"https:\/\/fr.news.yahoo.com\/r%C3%A9forme-scrutin-municipales-%C3%A0-paris-102950559.html\" data-ylk=\"slk:La r\u00e9forme du scrutin aux municipales \u00e0 Paris, Lyon et Marseille adopt\u00e9e, ce que \u00e7a change;elm:context_link;itc:0;sec:content-canvas;outcm:mb_qualified_link;_E:mb_qualified_link;ct:story;\" class=\"link  yahoo-link\" target=\"_blank\" rel=\"noopener\"> La r\u00e9forme du scrutin aux municipales \u00e0 Paris, Lyon et Marseille adopt\u00e9e, ce que \u00e7a change <\/a><\/p>\n<p>Le ballon est lanc\u00e9 et le timing est choisi. La veille, l\u2019ancien Premier ministre <a href=\"https:\/\/fr.news.yahoo.com\/malgr%C3%A9-censure-michel-barnier-retour-183011594.html\" data-ylk=\"slk:Michel Barnier a \u00ab\u00a0propos\u00e9\u00a0\u00bb sa candidature pour cette l\u00e9gislative partielle;elm:context_link;itc:0;sec:content-canvas;outcm:mb_qualified_link;_E:mb_qualified_link;ct:story;\" class=\"link  yahoo-link\" target=\"_blank\" rel=\"noopener\">Michel Barnier a \u00ab\u00a0propos\u00e9\u00a0\u00bb sa candidature pour cette l\u00e9gislative partielle<\/a>. Lui aussi devra \u00eatre entendu par les instances de LR et il part avec un soutien de poids, celui du pr\u00e9sident du parti Bruno Retailleau. En parall\u00e8le, le Savoyard a aussi eu la b\u00e9n\u00e9diction de la F\u00e9d\u00e9ration LR de Paris, sous la forme d\u2019un communiqu\u00e9 sign\u00e9 par sa pr\u00e9sidente Agn\u00e8s Evren et par plusieurs maires et parlementaires LR de la capitale\u2026 moins une.<\/p>\n<blockquote placeholder=\"\" data-theme=\"light\" class=\"twitter-tweet\">\n<p>La F\u00e9d\u00e9ration LR de Paris, les maires d\u2019arrondissement et parlementaires LR de Paris apportent leur soutien \u00e0 la candidature de <a href=\"https:\/\/twitter.com\/MichelBarnier?ref_src=twsrc%5Etfw\" rel=\"nofollow noopener\" target=\"_blank\" data-ylk=\"slk:@MichelBarnier;elm:context_link;itc:0;sec:content-canvas\" class=\"link \">@MichelBarnier<\/a> \u00e0 l\u2019\u00e9lection l\u00e9gislative partielle dans la 2e circonscription de Paris. Notre communiqu\u00e9 \u2935\ufe0f <a href=\"https:\/\/t.co\/fcl2VEvJL8\" rel=\"nofollow noopener\" target=\"_blank\" data-ylk=\"slk:pic.twitter.com\/fcl2VEvJL8;elm:context_link;itc:0;sec:content-canvas\" class=\"link \">pic.twitter.com\/fcl2VEvJL8<\/a><\/p>\n<p>\u2014 F\u00e9d\u00e9ration LR de Paris (@LRepublicains75) <a href=\"https:\/\/twitter.com\/LRepublicains75\/status\/1945381556475838665?ref_src=twsrc%5Etfw\" rel=\"nofollow noopener\" target=\"_blank\" data-ylk=\"slk:July 16, 2025;elm:context_link;itc:0;sec:content-canvas\" class=\"link \">July 16, 2025<\/a><\/p>\n<\/blockquote>\n<p>Comme pour mieux installer le match, Rachida Dati n\u2019appara\u00eet pas dans les signataires, en d\u00e9pit de sa fonction du maire du 7e arrondissement. Selon Le Parisien, la ministre a \u00ab\u00a0vu rouge\u00a0\u00bb en d\u00e9couvrant la candidature du Savoyard, qu\u2019elle conna\u00eet pourtant de longue date. Dans ce contexte, l\u2019hypoth\u00e8se de sa propre candidature gliss\u00e9e \u00e0 la presse le lendemain sonne donc comme une mise en garde.<\/p>\n<p>Reste une inconnue &#8211; voire plusieurs. Rachida Dati reste \u00e0 ce jour maire du 7e arrondissement\u2026 qui comprend la 2e circonscription. Or, il est toujours interdit d\u2019\u00eatre maire et d\u00e9put\u00e9. Mais elle est aussi candidate pour l\u2019H\u00f4tel de Ville en mars\u00a02026. L\u2019\u00e9lection l\u00e9gislative partielle est pr\u00e9vue pour l\u2019automne, au plus tard mi-octobre. Soit pile la p\u00e9riode d\u2019examen au Parlement du budget 2026\u00a0qui pourrait emporter Fran\u00e7ois Bayrou, et Rachida Dati avec lui. Laquelle pr\u00e9pare donc sa sortie de secours en attendant mars\u00a0?<\/p>\n<p><a href=\"https:\/\/fr.news.yahoo.com\/l-affaire-bijoux-cach%C3%A9s-rachida-080056223.html\" data-ylk=\"slk:L\u2019affaire des \u00ab\u00a0bijoux cach\u00e9s\u00a0\u00bb de Rachida Dati prend de l\u2019ampleur avec ces nouveaux signalements;elm:context_link;itc:0;sec:content-canvas;outcm:mb_qualified_link;_E:mb_qualified_link;ct:story;\" class=\"link  yahoo-link\" target=\"_blank\" rel=\"noopener\"> L\u2019affaire des \u00ab\u00a0bijoux cach\u00e9s\u00a0\u00bb de Rachida Dati prend de l\u2019ampleur avec ces nouveaux signalements <\/a><\/p>\n<p><a href=\"https:\/\/fr.news.yahoo.com\/attaqu%C3%A9e-r%C3%A9forme-rachida-dati-joue-205507623.html\" data-ylk=\"slk:Attaqu\u00e9e sur sa r\u00e9forme, Rachida Dati joue la carte \u00ab\u00a0int\u00e9gration\u00a0\u00bb et \u00ab\u00a0classe populaire\u00a0\u00bb;elm:context_link;itc:0;sec:content-canvas;outcm:mb_qualified_link;_E:mb_qualified_link;ct:story;\" class=\"link  yahoo-link\" target=\"_blank\" rel=\"noopener\"> Attaqu\u00e9e sur sa r\u00e9forme, Rachida Dati joue la carte \u00ab\u00a0int\u00e9gration\u00a0\u00bb et \u00ab\u00a0classe populaire\u00a0\u00bb <\/a><\/p>\n<p><script async src=\"https:\/\/platform.twitter.com\/widgets.js\" charset=\"utf-8\"><\/script><\/p>\n","protected":false},"excerpt":{"rendered":"POLITIQUE &#8211; Rater une opportunit\u00e9 \u00e0 Paris\u00a0? Jamais, lorsqu\u2019on s\u2019appelle Rachida Dati. L\u2019actuelle ministre de la Culture, qui&hellip;\n","protected":false},"author":2,"featured_media":252589,"comment_status":"","ping_status":"","sticky":false,"template":"","format":"standard","meta":{"footnotes":""},"categories":[1888],"tags":[2785,1111,1928,11,1927,1777,674,1011,27,39208,39207,9231,2616,12,1926,626,1925,417,25],"class_list":{"0":"post-252588","1":"post","2":"type-post","3":"status-publish","4":"format-standard","5":"has-post-thumbnail","7":"category-paris","8":"tag-7e-arrondissement","9":"tag-actu","10":"tag-actu-paris","11":"tag-actualites","12":"tag-actualites-paris","13":"tag-eu","14":"tag-europe","15":"tag-fr","16":"tag-france","17":"tag-jean-laussucq","18":"tag-legislative-partielle","19":"tag-ministere-de-la-culture","20":"tag-ministre-de-la-culture","21":"tag-news","22":"tag-news-paris","23":"tag-paris","24":"tag-paris-news","25":"tag-rachida-dati","26":"tag-republique-francaise"},"share_on_mastodon":{"url":"https:\/\/pubeurope.com\/@fr\/114865735168109448","error":""},"_links":{"self":[{"href":"https:\/\/www.europesays.com\/fr\/wp-json\/wp\/v2\/posts\/252588","targetHints":{"allow":["GET"]}}],"collection":[{"href":"https:\/\/www.europesays.com\/fr\/wp-json\/wp\/v2\/posts"}],"about":[{"href":"https:\/\/www.europesays.com\/fr\/wp-json\/wp\/v2\/types\/post"}],"author":[{"embeddable":true,"href":"https:\/\/www.europesays.com\/fr\/wp-json\/wp\/v2\/users\/2"}],"replies":[{"embeddable":true,"href":"https:\/\/www.europesays.com\/fr\/wp-json\/wp\/v2\/comments?post=252588"}],"version-history":[{"count":0,"href":"https:\/\/www.europesays.com\/fr\/wp-json\/wp\/v2\/posts\/252588\/revisions"}],"wp:featuredmedia":[{"embeddable":true,"href":"https:\/\/www.europesays.com\/fr\/wp-json\/wp\/v2\/media\/252589"}],"wp:attachment":[{"href":"https:\/\/www.europesays.com\/fr\/wp-json\/wp\/v2\/media?parent=252588"}],"wp:term":[{"taxonomy":"category","embeddable":true,"href":"https:\/\/www.europesays.com\/fr\/wp-json\/wp\/v2\/categories?post=252588"},{"taxonomy":"post_tag","embeddable":true,"href":"https:\/\/www.europesays.com\/fr\/wp-json\/wp\/v2\/tags?post=252588"}],"curies":[{"name":"wp","href":"https:\/\/api.w.org\/{rel}","templated":true}]}}