{"id":252592,"date":"2025-07-17T00:27:13","date_gmt":"2025-07-17T00:27:13","guid":{"rendered":"https:\/\/www.europesays.com\/fr\/252592\/"},"modified":"2025-07-17T00:27:13","modified_gmt":"2025-07-17T00:27:13","slug":"rachida-dati-envisage-elle-aussi-de-se-presenter-a-paris","status":"publish","type":"post","link":"https:\/\/www.europesays.com\/fr\/252592\/","title":{"rendered":"Rachida Dati envisage elle aussi de se pr\u00e9senter \u00e0 Paris"},"content":{"rendered":"<p class=\"authors latino-300b text-grey-600\">\n<p>  Par\u00a0<br \/>\nLe Nouvel Obs avec AFP<\/p>\n<p class=\"latino-300r text-grey-600 pe-10  border-end-lg\">\n<p>    Publi\u00e9 le\u00a016 juillet 2025 \u00e0 21h45\n  <\/p>\n<p>              Lecture\u00a0:\u00a02\u00a0min.<\/p>\n<p>      <img fetchpriority=\"high\" decoding=\"async\" class=\"mx-auto\" src=\"data:image\/svg+xml,%3Csvg%20xmlns%3D%27http%3A%2F%2Fwww.w3.org%2F2000%2Fsvg%27%20fill%3D%22%23e4e4e4%22%20viewBox%3D%270%200%20510%20340%27%20width%3D%22510%22%20height%3D%22340%22%3E%3Cpath%20d%3D%27M0%200h510v340H0z%27%2F%3E%3C%2Fsvg%3E\"  loading=\"eager\" width=\"510\" height=\"340\" data-oncrawl-image-size=\"510x340\" alt=\"La ministre de la Culture Rachida Dati \u00e0 l\u2019Assembl\u00e9e nationale, \u00e0 Paris, le 30\u00a0juin 2025.\"\/>      <\/p>\n<p class=\"latino-100m text-grey-600\">\n            La ministre de la Culture Rachida Dati \u00e0 l\u2019Assembl\u00e9e nationale, \u00e0 Paris, le 30\u00a0juin 2025.\u00a0SL\/SIPA        <\/p>\n<p>    Lire\u00a0plus\u00a0tard  <\/p>\n<p><a aria-label=\"Nous suivre sur Google News\" href=\"https:\/\/news.google.com\/publications\/CAAqBwgKMJe4nQkw3dFs?hl=fr&amp;gl=FR&amp;ceid=FR%3Afr\" target=\"_blank\" data-piano=\"Page_Article,Sous_date_publi,Nous_suivre_sur_google_news,1er_clic,action\" class=\"btn btn--small btn--tertiary btn--icon-only\" rel=\"noopener\"><\/p>\n<p>      Google Actualit\u00e9s<br \/>\n  <\/a><\/p>\n<p>  Partager<\/p>\n<p>        Facebook<\/p>\n<p>        Bluesky<\/p>\n<p>        E-mail<\/p>\n<p>        Copier le lien<\/p>\n<p>      Envoyer<\/p>\n<p>      S\u2019abonner    <\/p>\n<p class=\"node__paragraphe antonia-750r text-grey-800 pb-24 pb-md-30\">\nMoins de vingt-quatre heures apr\u00e8s <a href=\"https:\/\/www.nouvelobs.com\/politique\/20250715.OBS105932\/legislative-partielle-l-ancien-premier-ministre-michel-barnier-annonce-sa-candidature-a-paris.html\" target=\"_blank\" rel=\"noopener\">l\u2019annonce de la candidature de Michel Barnier<\/a>, la ministre de la Culture Rachida Dati a fait savoir ce mercredi 16\u00a0juillet qu\u2019elle envisageait aussi de se pr\u00e9senter \u00e0 la l\u00e9gislative partielle de la 2e circonscription de Paris, ont indiqu\u00e9 \u00e0 l\u2019AFP des sources chez Les R\u00e9publicains (LR), confirmant une information du \u00ab\u00a0<a target=\"_blank\" href=\"https:\/\/www.leparisien.fr\/politique\/rachida-a-tres-envie-detre-candidate-elle-sorganise-pour-dati-prete-a-se-lancer-face-a-barnier-aux-legislatives-a-paris-16-07-2025-MAVM3BEVANFXTGTE4E6U6ZUBQY.php\" rel=\"noopener\">Parisien<\/a>\u00a0\u00bb.<\/p>\n<p class=\"node__paragraphe antonia-750r text-grey-800 pb-24 pb-md-30\">\n\u00ab\u00a0Elle a appel\u00e9 diff\u00e9rentes personnalit\u00e9s de LR pour leur faire part de sa volont\u00e9 d\u2019y aller\u00a0\u00bb, ont affirm\u00e9 deux sources des R\u00e9publicains interrog\u00e9es sur les intentions de la maire du VIIe arrondissement de Paris de se lancer dans la course contre son ancien Premier ministre, qui appartient pourtant au m\u00eame parti.<\/p>\n<p class=\"node__paragraphe antonia-750r text-grey-800 pb-24 pb-md-30\">\n\u00ab\u00a0Elle a \u00e9t\u00e9 tr\u00e8s agac\u00e9e par la mani\u00e8re dont Michel Barnier a annonc\u00e9 sa candidature, mais aussi par la r\u00e9action du parti qui pr\u00e9sentait d\u00e8s mardi soir l\u2019ancien Premier ministre comme notre prochain d\u00e9put\u00e9\u00a0\u00bb, a ajout\u00e9 l\u2019une des sources consult\u00e9es. Un argument rejet\u00e9 par un dirigeant LR qui doute que Rachida Dati se pr\u00e9sente \u00e0 cette l\u00e9gislative partielle pr\u00e9vue en septembre, et dont le d\u00e9put\u00e9 sortant Jean Laussucq (groupe macroniste Ensemble pour la R\u00e9publique) a \u00e9t\u00e9 d\u00e9clar\u00e9 in\u00e9ligible vendredi par le Conseil constitutionnel.<\/p>\n<p>\u00ab\u00a0Mettre la pression\u00a0\u00bb<\/p>\n<p class=\"node__paragraphe antonia-750r text-grey-800 pb-24 pb-md-30\">\nIl est reproch\u00e9 au d\u00e9put\u00e9 de Paris d\u2019avoir r\u00e9gl\u00e9 \u00ab\u00a0des d\u00e9penses de campagne au moyen de son compte bancaire personnel\u00a0\u00bb et d\u2019avoir laiss\u00e9 des tiers r\u00e9gler \u00ab\u00a0directement une part significative des d\u00e9penses expos\u00e9es pour sa campagne \u00e9lectorale\u00a0\u00bb de 2024.<\/p>\n<p class=\"latino-500b text-grey-600 pb-16\">A lire aussi<\/p>\n<p><a href=\"https:\/\/www.nouvelobs.com\/politique\/20250604.OBS104614\/la-nouvelle-affaire-rachida-dati-revelations-sur-l-argent-cache-de-l-ex-deputee-europeenne.html\" data-article-key=\"20250604.OBS104614\" class=\"link--box flex-grow-1\" data-piano=\"Page_Article,Lire_aussi,,Lien1,navigation\" target=\"_blank\" rel=\"noopener\"><\/p>\n<p>                <img decoding=\"async\" src=\"data:image\/svg+xml,%3Csvg%20xmlns%3D%27http%3A%2F%2Fwww.w3.org%2F2000%2Fsvg%27%20fill%3D%22%23e4e4e4%22%20viewBox%3D%270%200%20120%2080%27%20width%3D%22120%22%20height%3D%2280%22%3E%3Cpath%20d%3D%27M0%200h120v80H0z%27%2F%3E%3C%2Fsvg%3E\"  width=\"120\" height=\"80\" loading=\"lazy\" alt=\"Rachida Dati, ministre de la Culture, le 29\u00a0avril 2025\u00a0\u00e0 Paris.\"\/><\/p>\n<p class=\"latino-300r latino-lg-600m text-grey-800\">\n                      <strong class=\"latino-300b latino-lg-600m text-grey-500\">Enqu\u00eate\u00a0<\/strong><br \/>\n                    La nouvelle affaire Rachida Dati : r\u00e9v\u00e9lations sur l\u2019argent cach\u00e9 de l\u2019ex-d\u00e9put\u00e9e europ\u00e9enne        <\/p>\n<p><\/a><\/p>\n<p class=\"node__paragraphe antonia-750r text-grey-800 pb-24 pb-md-30\">\n\u00ab\u00a0Elle veut mettre la pression sur Michel Barnier pour qu\u2019il renonce \u00e0 sa candidature\u00a0\u00bb, explique cette source qui rappelle qu\u2019elle avait d\u00e9j\u00e0 livr\u00e9 \u00ab\u00a0une guerre atomique contre Fran\u00e7ois Fillon\u00a0\u00bb en\u00a02012, quand le Premier ministre de Nicolas Sarkozy s\u2019\u00e9tait pr\u00e9sent\u00e9 dans cette m\u00eame circonscription, qui s\u2019\u00e9tend le long de la rive gauche de la Seine, des jardins du Luxembourg jusqu\u2019\u00e0 la Tour Eiffel. Il s\u2019\u00e9tait toutefois impos\u00e9.<\/p>\n<p class=\"node__paragraphe antonia-750r text-grey-800 pb-24 pb-md-30\">\nL\u2019entourage de Rachida Dati donne une version diff\u00e9rente et \u00e9voque <a href=\"https:\/\/www.nouvelobs.com\/politique\/20240905.OBS93226\/dix-choses-a-savoir-sur-michel-barnier-nouveau-premier-ministre.html\" target=\"_blank\" rel=\"noopener\">un parachutage du Savoyard Michel Barnier \u00e0 Paris<\/a>. Rachida Dati \u00ab\u00a0est engag\u00e9e aupr\u00e8s de son territoire depuis longtemps, elle a toujours d\u00e9fendu le fait que les Parisiens avaient besoin d\u2019\u00e9lus implant\u00e9s, que Paris n\u2019est pas un territoire (\u2026) dans lequel on pourrait se parachuter\u00a0\u00bb, a expliqu\u00e9 cette source \u00e0 l\u2019AFP.<\/p>\n<p>\u00ab\u00a0La pr\u00e9sidentielle de 2027\u00a0\u00bb<\/p>\n<p class=\"node__paragraphe antonia-750r text-grey-800 pb-24 pb-md-30\">\n\u00ab\u00a0Elle va prendre ses responsabilit\u00e9s dans cette partielle et va demander \u00e0 \u00eatre entendue par la commission d\u2019investiture des R\u00e9publicains\u00a0\u00bb, qui doit d\u00e9signer le candidat de LR \u00e0 cette l\u00e9gislative partielle, a-t-elle ajout\u00e9.<\/p>\n<p class=\"node__paragraphe antonia-750r text-grey-800 pb-24 pb-md-30\">\nSelon l\u2019une des sources consult\u00e9es, la candidate potentielle \u00e0 la mairie de Paris en mars prochain n\u2019aurait pas appr\u00e9ci\u00e9 non plus la rumeur qui circulait chez LR sur une candidature \u00e0 la t\u00eate de la capitale de Michel Barnier \u00ab\u00a0au cas o\u00f9 elle serait emp\u00each\u00e9e\u00a0\u00bb, en allusion \u00e0 <a href=\"https:\/\/www.nouvelobs.com\/justice\/20250626.OBS105321\/affaire-renault-nissan-rachida-dati-echoue-a-obtenir-l-annulation-du-requisitoire-du-parquet-financier.html\" target=\"_blank\" rel=\"noopener\">sa mise en examen dans une affaire de corruption avec Carlos Ghosn<\/a>. \u00ab\u00a0Ce qui int\u00e9resse Michel Barnier, c\u2019est la pr\u00e9sidentielle de 2027, pas la mairie de Paris\u00a0\u00bb, a r\u00e9torqu\u00e9 le dirigeant du parti, rejetant la possibilit\u00e9 d\u2019une candidature de l\u2019ancien Premier ministre \u00e0 l\u2019Assembl\u00e9e nationale pour se positionner dans la course \u00e0 la succession d\u2019Anne Hidalgo.<\/p>\n<p class=\"latino-500b text-grey-600 pb-16\">A lire aussi<\/p>\n<p><a href=\"https:\/\/www.nouvelobs.com\/politique\/20250605.OBS104624\/le-cas-rachida-dati-une-impunite-politique-qui-interroge.html\" data-article-key=\"20250605.OBS104624\" class=\"link--box flex-grow-1\" data-piano=\"Page_Article,Lire_aussi,,Lien2,navigation\" target=\"_blank\" rel=\"noopener\"><\/p>\n<p>                <img decoding=\"async\" src=\"data:image\/svg+xml,%3Csvg%20xmlns%3D%27http%3A%2F%2Fwww.w3.org%2F2000%2Fsvg%27%20fill%3D%22%23e4e4e4%22%20viewBox%3D%270%200%20120%2080%27%20width%3D%22120%22%20height%3D%2280%22%3E%3Cpath%20d%3D%27M0%200h120v80H0z%27%2F%3E%3C%2Fsvg%3E\"  width=\"120\" height=\"80\" loading=\"lazy\" alt=\"Au Festival de Cannes, entour\u00e9e de Claude Lelouch et de Costa-Gavras, le 18\u00a0mai 2025.\"\/><\/p>\n<p class=\"latino-300r latino-lg-600m text-grey-800\">\n                      <strong class=\"latino-300b latino-lg-600m text-grey-500\">Enqu\u00eate\u00a0<\/strong><br \/>\n                    Le cas Rachida Dati\u00a0: une impunit\u00e9 politique qui interroge        <\/p>\n<p><\/a><\/p>\n<p class=\"node__paragraphe antonia-750r text-grey-800 pb-24 pb-md-30\">\nAvant son \u00e9lection l\u2019an dernier, le d\u00e9put\u00e9 d\u00e9clar\u00e9 in\u00e9ligible Jean Laussucq \u00e9tait l\u2019adjoint de Rachida Dati \u00e0 la mairie du VIIe arrondissement. Il avait obtenu l\u2019investiture de Renaissance au d\u00e9triment du d\u00e9put\u00e9 sortant Gilles Le Gendre, pourtant un \u00ab\u00a0marcheur\u00a0\u00bb historique.<\/p>\n<p class=\"authors latino-600m text-grey-800\">\n<p>  Par\u00a0<br \/>\nLe Nouvel Obs avec AFP<\/p>\n","protected":false},"excerpt":{"rendered":"Par\u00a0 Le Nouvel Obs avec AFP Publi\u00e9 le\u00a016 juillet 2025 \u00e0 21h45 Lecture\u00a0:\u00a02\u00a0min. La ministre de la Culture&hellip;\n","protected":false},"author":2,"featured_media":252593,"comment_status":"","ping_status":"","sticky":false,"template":"","format":"standard","meta":{"footnotes":""},"categories":[1888],"tags":[17,11,33380,7556,1777,674,1011,27,39286,12,626,928,316,5032,33379,417,25],"class_list":{"0":"post-252592","1":"post","2":"type-post","3":"status-publish","4":"format-standard","5":"has-post-thumbnail","7":"category-paris","8":"tag-17","9":"tag-actualites","10":"tag-dati","11":"tag-envisage","12":"tag-eu","13":"tag-europe","14":"tag-fr","15":"tag-france","16":"tag-legislative","17":"tag-news","18":"tag-paris","19":"tag-partielle","20":"tag-politique","21":"tag-presenter","22":"tag-rachida","23":"tag-rachida-dati","24":"tag-republique-francaise"},"share_on_mastodon":{"url":"https:\/\/pubeurope.com\/@fr\/114865743299367304","error":""},"_links":{"self":[{"href":"https:\/\/www.europesays.com\/fr\/wp-json\/wp\/v2\/posts\/252592","targetHints":{"allow":["GET"]}}],"collection":[{"href":"https:\/\/www.europesays.com\/fr\/wp-json\/wp\/v2\/posts"}],"about":[{"href":"https:\/\/www.europesays.com\/fr\/wp-json\/wp\/v2\/types\/post"}],"author":[{"embeddable":true,"href":"https:\/\/www.europesays.com\/fr\/wp-json\/wp\/v2\/users\/2"}],"replies":[{"embeddable":true,"href":"https:\/\/www.europesays.com\/fr\/wp-json\/wp\/v2\/comments?post=252592"}],"version-history":[{"count":0,"href":"https:\/\/www.europesays.com\/fr\/wp-json\/wp\/v2\/posts\/252592\/revisions"}],"wp:featuredmedia":[{"embeddable":true,"href":"https:\/\/www.europesays.com\/fr\/wp-json\/wp\/v2\/media\/252593"}],"wp:attachment":[{"href":"https:\/\/www.europesays.com\/fr\/wp-json\/wp\/v2\/media?parent=252592"}],"wp:term":[{"taxonomy":"category","embeddable":true,"href":"https:\/\/www.europesays.com\/fr\/wp-json\/wp\/v2\/categories?post=252592"},{"taxonomy":"post_tag","embeddable":true,"href":"https:\/\/www.europesays.com\/fr\/wp-json\/wp\/v2\/tags?post=252592"}],"curies":[{"name":"wp","href":"https:\/\/api.w.org\/{rel}","templated":true}]}}