{"id":252601,"date":"2025-07-17T00:32:11","date_gmt":"2025-07-17T00:32:11","guid":{"rendered":"https:\/\/www.europesays.com\/fr\/252601\/"},"modified":"2025-07-17T00:32:11","modified_gmt":"2025-07-17T00:32:11","slug":"les-francais-travaillent-ils-100-heures-de-moins-que-les-allemands-comme-laffirme-le-gouvernement-liberation","status":"publish","type":"post","link":"https:\/\/www.europesays.com\/fr\/252601\/","title":{"rendered":"les Fran\u00e7ais travaillent-ils 100 heures de moins que les Allemands, comme l\u2019affirme le gouvernement\u00a0? \u2013 Lib\u00e9ration"},"content":{"rendered":"<p class=\"sc-ksZaOG ehjQrN text-element\">Comment justifier une mesure aussi impopulaire que <a href=\"https:\/\/www.liberation.fr\/politique\/lundi-de-paques-et-8-mai-francois-bayrou-veut-sucrer-deux-jours-feries-20250715_WHAP5YDGLRAUZIESVMIBHQB3NQ\/\" target=\"_blank\" rel=\"noopener\" title=\"https:\/\/www.liberation.fr\/politique\/lundi-de-paques-et-8-mai-francois-bayrou-veut-sucrer-deux-jours-feries-20250715_WHAP5YDGLRAUZIESVMIBHQB3NQ\/\">la suppression de deux jours f\u00e9ri\u00e9s<\/a> ? Pr\u00e9sent\u00e9e par Fran\u00e7ois Bayrou dans le cadre de son plan budg\u00e9taire pour 2026, cette proposition a suscit\u00e9 une lev\u00e9e de boucliers. Et engag\u00e9 un service apr\u00e8s-vente en r\u00e8gle de ses ministres, d\u00e9roulant le m\u00eame \u00e9l\u00e9ment de langage : s\u2019il faut que les Fran\u00e7ais passent davantage de temps au bureau, c\u2019est parce qu\u2019ils travailleraient, en moyenne, 100 heures de moins que leurs voisins allemands.<\/p>\n<p class=\"sc-ksZaOG ehjQrN text-element\">L\u2019argument a ainsi \u00e9t\u00e9 brandi par le ministre de l\u2019Economie et des Finances, Eric Lombard, <a href=\"https:\/\/x.com\/le20hfrancetele\/status\/1945189672436551985\" target=\"_blank\" rel=\"\" title=\"https:\/\/x.com\/le20hfrancetele\/status\/1945189672436551985\">au 20 heures de France 2<\/a> mardi soir. \u00abLe probl\u00e8me, c\u2019est que la production fran\u00e7aise est insuffisante par rapport \u00e0 nos concurrents. Sachez que le Fran\u00e7ais, en moyenne, travaille 100 heures de moins que l\u2019Allemand, a expos\u00e9 le ministre. Et ce n\u2019est pas que nos concitoyens soient moins efficaces ou moins engag\u00e9s, mais entre les jours de cong\u00e9 et d\u2019autres sujets\u2026 Donc, il faut que notre production remonte.\u00bb<\/p>\n","protected":false},"excerpt":{"rendered":"Comment justifier une mesure aussi impopulaire que la suppression de deux jours f\u00e9ri\u00e9s ? Pr\u00e9sent\u00e9e par Fran\u00e7ois Bayrou&hellip;\n","protected":false},"author":2,"featured_media":252602,"comment_status":"","ping_status":"","sticky":false,"template":"","format":"standard","meta":{"footnotes":""},"categories":[1587],"tags":[11,672,1804,1805,1803,1777,674,431,1801,12,1802],"class_list":{"0":"post-252601","1":"post","2":"type-post","3":"status-publish","4":"format-standard","5":"has-post-thumbnail","7":"category-allemagne","8":"tag-actualites","9":"tag-allemagne","10":"tag-bundesrepublik-deutschland","11":"tag-de","12":"tag-deutschland","13":"tag-eu","14":"tag-europe","15":"tag-francois-bayrou","16":"tag-germany","17":"tag-news","18":"tag-republique-federale-dallemagne"},"share_on_mastodon":{"url":"https:\/\/pubeurope.com\/@fr\/114865762682147100","error":""},"_links":{"self":[{"href":"https:\/\/www.europesays.com\/fr\/wp-json\/wp\/v2\/posts\/252601","targetHints":{"allow":["GET"]}}],"collection":[{"href":"https:\/\/www.europesays.com\/fr\/wp-json\/wp\/v2\/posts"}],"about":[{"href":"https:\/\/www.europesays.com\/fr\/wp-json\/wp\/v2\/types\/post"}],"author":[{"embeddable":true,"href":"https:\/\/www.europesays.com\/fr\/wp-json\/wp\/v2\/users\/2"}],"replies":[{"embeddable":true,"href":"https:\/\/www.europesays.com\/fr\/wp-json\/wp\/v2\/comments?post=252601"}],"version-history":[{"count":0,"href":"https:\/\/www.europesays.com\/fr\/wp-json\/wp\/v2\/posts\/252601\/revisions"}],"wp:featuredmedia":[{"embeddable":true,"href":"https:\/\/www.europesays.com\/fr\/wp-json\/wp\/v2\/media\/252602"}],"wp:attachment":[{"href":"https:\/\/www.europesays.com\/fr\/wp-json\/wp\/v2\/media?parent=252601"}],"wp:term":[{"taxonomy":"category","embeddable":true,"href":"https:\/\/www.europesays.com\/fr\/wp-json\/wp\/v2\/categories?post=252601"},{"taxonomy":"post_tag","embeddable":true,"href":"https:\/\/www.europesays.com\/fr\/wp-json\/wp\/v2\/tags?post=252601"}],"curies":[{"name":"wp","href":"https:\/\/api.w.org\/{rel}","templated":true}]}}