{"id":252615,"date":"2025-07-17T00:40:14","date_gmt":"2025-07-17T00:40:14","guid":{"rendered":"https:\/\/www.europesays.com\/fr\/252615\/"},"modified":"2025-07-17T00:40:14","modified_gmt":"2025-07-17T00:40:14","slug":"alan-brazo-part-en-retraite-et-annonce-dautres-projets-passionnants","status":"publish","type":"post","link":"https:\/\/www.europesays.com\/fr\/252615\/","title":{"rendered":"Alan Brazo part en retraite et annonce \u00ab d\u2019autres projets passionnants \u00bb"},"content":{"rendered":"<p>Alan Brazo avait la possibilit\u00e9 de prolonger son s\u00e9jour \u00e0 l&rsquo;USAP, ne serait-ce que pour une ann\u00e9e. Mais le troisi\u00e8me ligne de 33 ans a d\u00e9cid\u00e9 de ne pas activer l&rsquo;option de prolongation de son contrat. Il n&rsquo;a pas non plus voulu jouer dans un autre club et annonce sa retraite pour de bon. Brazo l&rsquo;a indiqu\u00e9 \u00e0 Midi Olympique.<\/p>\n<p>\u00a0<\/p>\n<p>\u00ab Je m\u2019\u00e9tais pr\u00e9par\u00e9 \u00e0 cette \u00e9ventualit\u00e9. Quand j\u2019ai commenc\u00e9 la saison, j\u2019avais cette ann\u00e9e optionnelle que je pouvais activer ou non. Puis il y a eu la blessure et le fait qu\u2019il devenait de plus en plus dur de dig\u00e9rer les semaines d\u2019entra\u00eenement. Je ne voulais m\u2019engager que si j\u2019\u00e9tais \u00e0 100 %, ce qui n\u2019\u00e9tait plus le cas \u00e0 mon sens \u00bb, dit-il.<\/p>\n<p>\u00a0<\/p>\n<p>D&rsquo;acteur \u00e0 spectateur, un truc nouveau pour Brazo<\/p>\n<p>\u00a0<\/p>\n<p>Si l&rsquo;inconfort physique lui a mis la puce \u00e0 l&rsquo;oreille, c&rsquo;est aussi parce qu&rsquo;il s&rsquo;accroche \u00e0 autre chose qu&rsquo;il s&rsquo;est laiss\u00e9 aller aussi facilement. Du moins, c&rsquo;est ce qu&rsquo;il laisse entendre. \u00ab Le fait d\u2019avoir d\u2019autres projets passionnants \u00e0 c\u00f4t\u00e9 m\u2019aident \u00e0 passer \u00e0 autre chose \u00bb, a ajout\u00e9 Alan Brazo. Dans tous les cas, il aura eu le m\u00e9rite de n&rsquo;avoir jou\u00e9 pour qu&rsquo;un club. L&rsquo;USAP appr\u00e9ciera !<\/p>\n<p>Partagez cette info avec vos amis et vos proches en cliquant ici<br \/>Pour r\u00e9sumer<\/p>\n<p>Alan Brazo met fin \u00e0 sa carri\u00e8re apr\u00e8s avoir renonc\u00e9 \u00e0 prolonger \u00e0 l\u2019Usap. \u00c0 33 ans, us\u00e9 physiquement mais port\u00e9 par de nouveaux projets, il quitte le rugby avec \u00e9l\u00e9gance et fid\u00e9lit\u00e9, n\u2019ayant port\u00e9 qu\u2019un seul maillot : celui de Perpignan<\/p>\n<p> <img decoding=\"async\" width=\"76\" height=\"76\" loading=\"lazy\" src=\"https:\/\/www.europesays.com\/fr\/wp-content\/uploads\/2025\/04\/avatar-quinze.png\" alt=\"Voldi Fr\u00e9jus\u00a0Hounvio\"\/><\/p>\n","protected":false},"excerpt":{"rendered":"Alan Brazo avait la possibilit\u00e9 de prolonger son s\u00e9jour \u00e0 l&rsquo;USAP, ne serait-ce que pour une ann\u00e9e. Mais&hellip;\n","protected":false},"author":2,"featured_media":252616,"comment_status":"","ping_status":"","sticky":false,"template":"","format":"standard","meta":{"footnotes":""},"categories":[1416],"tags":[1011,27,479,1468,60],"class_list":{"0":"post-252615","1":"post","2":"type-post","3":"status-publish","4":"format-standard","5":"has-post-thumbnail","7":"category-rugby","8":"tag-fr","9":"tag-france","10":"tag-rugby","11":"tag-rugby-football","12":"tag-sports"},"share_on_mastodon":{"url":"https:\/\/pubeurope.com\/@fr\/114865794209052160","error":""},"_links":{"self":[{"href":"https:\/\/www.europesays.com\/fr\/wp-json\/wp\/v2\/posts\/252615","targetHints":{"allow":["GET"]}}],"collection":[{"href":"https:\/\/www.europesays.com\/fr\/wp-json\/wp\/v2\/posts"}],"about":[{"href":"https:\/\/www.europesays.com\/fr\/wp-json\/wp\/v2\/types\/post"}],"author":[{"embeddable":true,"href":"https:\/\/www.europesays.com\/fr\/wp-json\/wp\/v2\/users\/2"}],"replies":[{"embeddable":true,"href":"https:\/\/www.europesays.com\/fr\/wp-json\/wp\/v2\/comments?post=252615"}],"version-history":[{"count":0,"href":"https:\/\/www.europesays.com\/fr\/wp-json\/wp\/v2\/posts\/252615\/revisions"}],"wp:featuredmedia":[{"embeddable":true,"href":"https:\/\/www.europesays.com\/fr\/wp-json\/wp\/v2\/media\/252616"}],"wp:attachment":[{"href":"https:\/\/www.europesays.com\/fr\/wp-json\/wp\/v2\/media?parent=252615"}],"wp:term":[{"taxonomy":"category","embeddable":true,"href":"https:\/\/www.europesays.com\/fr\/wp-json\/wp\/v2\/categories?post=252615"},{"taxonomy":"post_tag","embeddable":true,"href":"https:\/\/www.europesays.com\/fr\/wp-json\/wp\/v2\/tags?post=252615"}],"curies":[{"name":"wp","href":"https:\/\/api.w.org\/{rel}","templated":true}]}}