{"id":252617,"date":"2025-07-17T00:41:10","date_gmt":"2025-07-17T00:41:10","guid":{"rendered":"https:\/\/www.europesays.com\/fr\/252617\/"},"modified":"2025-07-17T00:41:10","modified_gmt":"2025-07-17T00:41:10","slug":"a-31-ans-bouchard-annonce-sa-retraite-et-jouera-son-dernier-tournoi-a-montreal","status":"publish","type":"post","link":"https:\/\/www.europesays.com\/fr\/252617\/","title":{"rendered":"\u00c0 31 ans, Bouchard annonce sa retraite et jouera son dernier tournoi \u00e0 Montr\u00e9al"},"content":{"rendered":"<p>                <img decoding=\"async\" src=\"https:\/\/www.europesays.com\/fr\/wp-content\/uploads\/2025\/07\/qSbF.jpg\" alt=\"\u00c0 31 ans, Bouchard annonce sa retraite et jouera son dernier tournoi \u00e0 Montr\u00e9al\"\/><\/p>\n<p>Eugenie Bouchard avait fait son retour sur les courts de tennis la semaine derni\u00e8re \u00e0 l\u2019occasion du WTA 125 de Newport, battue au premier tour par Anna Sinclair Rogers.<\/p>\n<p>Ce retour \u00e0 la comp\u00e9tition sera de courte dur\u00e9e, puisque la joueuse de 31 ans a annonc\u00e9 ce mercredi prendre sa retraite du tennis professionnel apr\u00e8s le WTA 1000 de Montr\u00e9al. Elle y recevra une wildcard pour int\u00e9grer directement le tableau principal.<\/p>\n<p>Finaliste \u00e0 Wimbledon en 2014, laur\u00e9ate de la BJK Cup avec le Canada en 2023 et n\u00b05 mondiale \u00e0 son meilleur classement, Bouchard a r\u00e9v\u00e9l\u00e9 sa d\u00e9cision avec les mots suivants :<\/p>\n<p><strong>\u00ab Tu sauras quand c\u2019est le bon moment. Pour moi, c\u2019est maintenant. Finir l\u00e0 o\u00f9 tout a commenc\u00e9 : Montr\u00e9al. \u00bb<\/strong><\/p>\n<p>Pour rappel, la Canadienne avait laiss\u00e9 les raquettes de tennis en 2024 pour se lancer sur le circuit professionnel de pickleball.<\/p>\n","protected":false},"excerpt":{"rendered":"Eugenie Bouchard avait fait son retour sur les courts de tennis la semaine derni\u00e8re \u00e0 l\u2019occasion du WTA&hellip;\n","protected":false},"author":2,"featured_media":252618,"comment_status":"","ping_status":"","sticky":false,"template":"","format":"standard","meta":{"footnotes":""},"categories":[1415],"tags":[1011,27,60,1467],"class_list":{"0":"post-252617","1":"post","2":"type-post","3":"status-publish","4":"format-standard","5":"has-post-thumbnail","7":"category-tennis","8":"tag-fr","9":"tag-france","10":"tag-sports","11":"tag-tennis"},"share_on_mastodon":{"url":"https:\/\/pubeurope.com\/@fr\/114865798152182225","error":""},"_links":{"self":[{"href":"https:\/\/www.europesays.com\/fr\/wp-json\/wp\/v2\/posts\/252617","targetHints":{"allow":["GET"]}}],"collection":[{"href":"https:\/\/www.europesays.com\/fr\/wp-json\/wp\/v2\/posts"}],"about":[{"href":"https:\/\/www.europesays.com\/fr\/wp-json\/wp\/v2\/types\/post"}],"author":[{"embeddable":true,"href":"https:\/\/www.europesays.com\/fr\/wp-json\/wp\/v2\/users\/2"}],"replies":[{"embeddable":true,"href":"https:\/\/www.europesays.com\/fr\/wp-json\/wp\/v2\/comments?post=252617"}],"version-history":[{"count":0,"href":"https:\/\/www.europesays.com\/fr\/wp-json\/wp\/v2\/posts\/252617\/revisions"}],"wp:featuredmedia":[{"embeddable":true,"href":"https:\/\/www.europesays.com\/fr\/wp-json\/wp\/v2\/media\/252618"}],"wp:attachment":[{"href":"https:\/\/www.europesays.com\/fr\/wp-json\/wp\/v2\/media?parent=252617"}],"wp:term":[{"taxonomy":"category","embeddable":true,"href":"https:\/\/www.europesays.com\/fr\/wp-json\/wp\/v2\/categories?post=252617"},{"taxonomy":"post_tag","embeddable":true,"href":"https:\/\/www.europesays.com\/fr\/wp-json\/wp\/v2\/tags?post=252617"}],"curies":[{"name":"wp","href":"https:\/\/api.w.org\/{rel}","templated":true}]}}