{"id":252619,"date":"2025-07-17T00:42:22","date_gmt":"2025-07-17T00:42:22","guid":{"rendered":"https:\/\/www.europesays.com\/fr\/252619\/"},"modified":"2025-07-17T00:42:22","modified_gmt":"2025-07-17T00:42:22","slug":"feytiat-se-voit-retirer-une-victoire-par-la-ffbb","status":"publish","type":"post","link":"https:\/\/www.europesays.com\/fr\/252619\/","title":{"rendered":"Feytiat se voit retirer une victoire par la FFBB"},"content":{"rendered":"<p>Dans le dense championnat qu\u2019est la LF2, Feytiat va probablement devoir composer avec 2 points en moins cette saison. En effet, le club de la Haute-Vienne a \u00e9t\u00e9 sanctionn\u00e9 par la FFBB du retrait d\u2019une victoire. En cause, le non-alignement par le club d\u2019une des quatre joueuses obligatoire de moins de 23 ans sur le banc (en l\u2019occurence Ilona Hattab) lors d\u2019une rencontre contre Mondeville le 30 novembre.<\/p>\n<p><img decoding=\"async\" loading=\"lazy\" class=\"wp-image-171736 \" src=\"https:\/\/www.europesays.com\/fr\/wp-content\/uploads\/2025\/07\/53515332115_8fcc0e506d_k-1024x682.jpg\" alt=\"\" width=\"794\" height=\"529\"  \/>C\u2019est l\u2019absence d\u2019Ilona Hattab sur le banc de Feytiat qui fait l\u2019objet d\u2019une sanction de la part de la FFBB. (Photo : Guillaume Poumar\u00e8de)<\/p>\n<p>Sanctionn\u00e9 en premi\u00e8re instance par la FFBB, la d\u00e9cision a \u00e9t\u00e9 confirm\u00e9e par la Chambre d\u2019Appel de la m\u00eame institution. Pour Feytiat, son dernier recours peut se faire aupr\u00e8s du CNOSF. Le pr\u00e9sident St\u00e9phane Serve a annonc\u00e9 sa volont\u00e9 de faire appel aupr\u00e8s de <a href=\"https:\/\/www.francebleu.fr\/sports\/basket-handball-volley\/ligue-feminine-2-la-federation-francaise-de-basket-retire-une-victoire-au-club-de-feytiat-4304530\" rel=\"nofollow noopener\" target=\"_blank\">Ici Limousin<\/a>.<\/p>\n","protected":false},"excerpt":{"rendered":"Dans le dense championnat qu\u2019est la LF2, Feytiat va probablement devoir composer avec 2 points en moins cette&hellip;\n","protected":false},"author":2,"featured_media":252620,"comment_status":"","ping_status":"","sticky":false,"template":"","format":"standard","meta":{"footnotes":""},"categories":[1414],"tags":[1465,1464,1011,27,60],"class_list":{"0":"post-252619","1":"post","2":"type-post","3":"status-publish","4":"format-standard","5":"has-post-thumbnail","7":"category-basket","8":"tag-basket","9":"tag-basketball","10":"tag-fr","11":"tag-france","12":"tag-sports"},"share_on_mastodon":{"url":"https:\/\/pubeurope.com\/@fr\/114865802091374368","error":""},"_links":{"self":[{"href":"https:\/\/www.europesays.com\/fr\/wp-json\/wp\/v2\/posts\/252619","targetHints":{"allow":["GET"]}}],"collection":[{"href":"https:\/\/www.europesays.com\/fr\/wp-json\/wp\/v2\/posts"}],"about":[{"href":"https:\/\/www.europesays.com\/fr\/wp-json\/wp\/v2\/types\/post"}],"author":[{"embeddable":true,"href":"https:\/\/www.europesays.com\/fr\/wp-json\/wp\/v2\/users\/2"}],"replies":[{"embeddable":true,"href":"https:\/\/www.europesays.com\/fr\/wp-json\/wp\/v2\/comments?post=252619"}],"version-history":[{"count":0,"href":"https:\/\/www.europesays.com\/fr\/wp-json\/wp\/v2\/posts\/252619\/revisions"}],"wp:featuredmedia":[{"embeddable":true,"href":"https:\/\/www.europesays.com\/fr\/wp-json\/wp\/v2\/media\/252620"}],"wp:attachment":[{"href":"https:\/\/www.europesays.com\/fr\/wp-json\/wp\/v2\/media?parent=252619"}],"wp:term":[{"taxonomy":"category","embeddable":true,"href":"https:\/\/www.europesays.com\/fr\/wp-json\/wp\/v2\/categories?post=252619"},{"taxonomy":"post_tag","embeddable":true,"href":"https:\/\/www.europesays.com\/fr\/wp-json\/wp\/v2\/tags?post=252619"}],"curies":[{"name":"wp","href":"https:\/\/api.w.org\/{rel}","templated":true}]}}