{"id":252623,"date":"2025-07-17T00:44:12","date_gmt":"2025-07-17T00:44:12","guid":{"rendered":"https:\/\/www.europesays.com\/fr\/252623\/"},"modified":"2025-07-17T00:44:12","modified_gmt":"2025-07-17T00:44:12","slug":"helmut-marko-va-t-il-quitter-red-bull-un-ancien-pilote-f1-laffirme","status":"publish","type":"post","link":"https:\/\/www.europesays.com\/fr\/252623\/","title":{"rendered":"Helmut Marko va-t-il quitter Red Bull ? Un ancien pilote F1 l&rsquo;affirme !"},"content":{"rendered":"<p>\t\t\t<strong class=\"post-excerpt\"><\/p>\n<p itemprop=\"description\">Apr\u00e8s le renvoi inattendu de Christian Horner, tout semble d\u00e9sormais possible chez Red Bull Racing. Helmut Marko serait-il le prochain sur la liste ? <\/p>\n<p><\/strong>\t\t <\/p>\n<p>Apr\u00e8s vingt ans de bons et loyaux services chez Red Bull, serait-il temps qu\u2019<strong>Helmut Marko<\/strong> suive les traces de <strong>Christian Horner<\/strong> ? C\u2019est ce que d\u00e9clare un<strong>\u00a0ancien pilote de F1.<\/strong><\/p>\n<p>   \t\t\t <strong>Albers : <\/strong>\u00ab\u00a0Il est temps d\u2019op\u00e9rer un changement radical\u00a0\u00bb <\/p>\n<p>Ce n\u2019est pas un scoop :<strong>\u00a0Red Bull Racing<\/strong> traverse une p\u00e9riode compliqu\u00e9e. Entre <strong>mauvaises performances<\/strong> et<strong>\u00a0tensions en interne<\/strong>, l&rsquo;\u00e9curie au taureau rouge semble condamn\u00e9e \u00e0 progressivement <strong>chuter de son pi\u00e9destal.<br \/><\/strong>La formation de Milton Keynes tente de s\u2019en sortir tant bien que mal, tiraill\u00e9e entre <a href=\"https:\/\/www.sportauto.fr\/actu\/sport-actu\/formule-1\/f1-red-bull-depart-christian-horner-quel-avenir-max-verstappen-435175.html\" target=\"_blank\" rel=\"noopener\"><strong>la fin de l\u2019\u00e8re Horner<\/strong><\/a> et <strong>le d\u00e9but d\u2019une nouvelle \u00e9poque,<\/strong> symbolis\u00e9e par l\u2019arriv\u00e9e de <strong>Laurent Mekies. <\/strong>De son c\u00f4t\u00e9, <strong>Helmut Marko<\/strong> parle d\u2019ouvrir un \u00ab\u00a0nouveau chapitre chez Red Bull Racing\u00a0\u00bb. Mais si cette transition se faisait sans lui\u00a0?<br \/>\u00ab\u00a0Si on veut vraiment un nouveau chapitre, je pense qu\u2019il est temps qu\u2019il atteigne sa date d\u2019expiration\u00a0\u00bb [\u2026], sugg\u00e8re l&rsquo;ancien pilote de F1 <strong>Christijan Albers <\/strong>sur les ondes du\u00a0podcast du journal <strong>De Telegraaf. <\/strong>\u00ab\u00a0Je me demande s\u2019il devrait rester \u00e0 son poste. Il est peut-\u00eatre temps d\u2019op\u00e9rer un changement radical.\u00a0\u00bb<\/p>\n<p> La fin d\u2019une \u00e8re chez Red Bull ? <\/p>\n<p>Dans une \u00e9curie en pleine reconstruction, est-il effectivement judicieux de <strong>conserver les anciennes t\u00eates<\/strong> ?Marko aura-t-il toujours une place dans <strong>ce nouvel organigramme chez  <a href=\"https:\/\/www.sportauto.fr\/actu\/sport-actu\/formule-1\/f1-red-bull-se-separe-de-christian-horner-qui-a-ete-demis-de-ses-fonctions-435049.html\" target=\"_blank\" rel=\"noopener\">Red Bull Racing<\/a> <\/strong>?<br \/>Alors que son contrat s\u2019ach\u00e8ve en <strong>2026<\/strong>, l&rsquo;influent conseiller de 82 ans ne semble pas compl\u00e8tement contre l&rsquo;id\u00e9e de la<strong> retraite. <\/strong>Au micro de <strong>Sky Deutschland<\/strong>, il avait m\u00eame \u00e9voqu\u00e9 le nom de <a href=\"https:\/\/www.sportauto.fr\/actu\/sport-actu\/formule-1\/f1-vettel-marko-red-bull-2025-434284.html\" target=\"_blank\" rel=\"noopener\"><strong>Sebastian Vettel<\/strong><\/a> comme un \u00ab\u00a0candidat id\u00e9al\u00a0\u00bb \u00e0 sa succession.<br \/>Dans le cas o\u00f9 l\u2019Autrichien viendrait \u00e0 partir, une page se tournerait d\u00e9finitivement : r\u00e9volu le temps <strong>d\u2019Adrian Newey<\/strong>, de <a href=\"https:\/\/www.sportauto.fr\/actu\/sport-actu\/formule-1\/christian-horner-reaction-eviction-red-bull-racing-f1-2025-435158.html\" target=\"_blank\" rel=\"noopener\"><strong>Christian Horner<\/strong><\/a> et <strong>d\u2019Helmut Marko<\/strong> ! \u00ab\u00a0Il est temps [\u2026] d\u2019inaugurer une nouvelle g\u00e9n\u00e9ration en profondeur\u00a0\u00bb, ajoute <strong>Christijan Albers.<\/strong> \u00ab\u00a0Je ne le trouve pas tactique [\u2026] Je trouve maintenant que c\u2019est (ses d\u00e9clarations) excessivement dur.\u00a0\u00bb<\/p>\n","protected":false},"excerpt":{"rendered":"Apr\u00e8s le renvoi inattendu de Christian Horner, tout semble d\u00e9sormais possible chez Red Bull Racing. Helmut Marko serait-il&hellip;\n","protected":false},"author":2,"featured_media":252624,"comment_status":"","ping_status":"","sticky":false,"template":"","format":"standard","meta":{"footnotes":""},"categories":[1412],"tags":[11,4255,39295,1451,1452,1453,1454,1455,1011,27,39293,39296,39294,19438,17606,19582,60,9066,34445],"class_list":{"0":"post-252623","1":"post","2":"type-post","3":"status-publish","4":"format-standard","5":"has-post-thumbnail","7":"category-f1","8":"tag-actualites","9":"tag-ancien","10":"tag-bull","11":"tag-f1","12":"tag-formula-1","13":"tag-formula1","14":"tag-formule-1","15":"tag-formule1","16":"tag-fr","17":"tag-france","18":"tag-helmut","19":"tag-laffirme","20":"tag-marko","21":"tag-pilote","22":"tag-quitter","23":"tag-red","24":"tag-sports","25":"tag-un","26":"tag-va-t-il"},"share_on_mastodon":{"url":"https:\/\/pubeurope.com\/@fr\/114865809845395215","error":""},"_links":{"self":[{"href":"https:\/\/www.europesays.com\/fr\/wp-json\/wp\/v2\/posts\/252623","targetHints":{"allow":["GET"]}}],"collection":[{"href":"https:\/\/www.europesays.com\/fr\/wp-json\/wp\/v2\/posts"}],"about":[{"href":"https:\/\/www.europesays.com\/fr\/wp-json\/wp\/v2\/types\/post"}],"author":[{"embeddable":true,"href":"https:\/\/www.europesays.com\/fr\/wp-json\/wp\/v2\/users\/2"}],"replies":[{"embeddable":true,"href":"https:\/\/www.europesays.com\/fr\/wp-json\/wp\/v2\/comments?post=252623"}],"version-history":[{"count":0,"href":"https:\/\/www.europesays.com\/fr\/wp-json\/wp\/v2\/posts\/252623\/revisions"}],"wp:featuredmedia":[{"embeddable":true,"href":"https:\/\/www.europesays.com\/fr\/wp-json\/wp\/v2\/media\/252624"}],"wp:attachment":[{"href":"https:\/\/www.europesays.com\/fr\/wp-json\/wp\/v2\/media?parent=252623"}],"wp:term":[{"taxonomy":"category","embeddable":true,"href":"https:\/\/www.europesays.com\/fr\/wp-json\/wp\/v2\/categories?post=252623"},{"taxonomy":"post_tag","embeddable":true,"href":"https:\/\/www.europesays.com\/fr\/wp-json\/wp\/v2\/tags?post=252623"}],"curies":[{"name":"wp","href":"https:\/\/api.w.org\/{rel}","templated":true}]}}