{"id":252631,"date":"2025-07-17T00:48:21","date_gmt":"2025-07-17T00:48:21","guid":{"rendered":"https:\/\/www.europesays.com\/fr\/252631\/"},"modified":"2025-07-17T00:48:21","modified_gmt":"2025-07-17T00:48:21","slug":"lentree-du-louvre-un-projet-en-quete-devidence","status":"publish","type":"post","link":"https:\/\/www.europesays.com\/fr\/252631\/","title":{"rendered":"L\u2019entr\u00e9e du Louvre, un projet en qu\u00eate d\u2019\u00e9vidence"},"content":{"rendered":"<p><a href=\"https:\/\/www.europesays.com\/fr\/wp-content\/uploads\/2025\/07\/01-Projet-entree-ouest-du-Louvre-@SAREA.jpg\"><img loading=\"lazy\" decoding=\"async\" width=\"1024\" height=\"605\" src=\"https:\/\/www.europesays.com\/fr\/wp-content\/uploads\/2025\/07\/01-Projet-entree-ouest-du-Louvre-@SAREA.jpg\" alt=\"Projet entr\u00e9e ouest du Louvre \" class=\"wp-image-79216\"  \/><\/a> Projet entr\u00e9e ouest du Louvre @SAREA<\/p>\n<p><strong>Un projet d\u00e9marre par un travail d\u2019exploration pr\u00e9alable et la recherche de TOUS les possibles, une sorte d\u2019inventaire n\u00e9cessaire avant d\u2019arr\u00eater une position. Une id\u00e9e ne suffit pas, une image encore moins. Qu\u2019en a-t-il \u00e9t\u00e9 pour le projet d\u2019une nouvelle entr\u00e9e au Louvre ?*<\/strong><\/p>\n<p><strong>L\u2019\u00e9vidence est suspecte<\/strong><\/p>\n<p>Ce qui nous para\u00eet \u00e9vident aujourd\u2019hui rel\u00e8ve parfois d\u2019une grande complexit\u00e9 que nous ne soup\u00e7onnons pas. Il en est ainsi de cette place magnifique qu\u2019est la Concorde, comme d\u2019autres r\u00e9alisations, qui para\u00eet d\u2019une grande simplicit\u00e9 mais qui, de fait, rel\u00e8ve d\u2019une longue \u00e9laboration. C\u2019est le cas du Louvre, cette longue histoire qui a concern\u00e9 vingt-trois architectes, sans compter une bonne dizaine d\u2019autres qui ont contribu\u00e9 \u00e0 ce qui para\u00eet \u00eatre aujourd\u2019hui un b\u00e2timent coh\u00e9rent et unitaire\u00a0!<\/p>\n<p>Le pragmatisme n\u2019a pas toujours bonne presse, l\u2019utopie lui est souvent pr\u00e9f\u00e9r\u00e9e, au risque de passer \u00e0 c\u00f4t\u00e9 de la r\u00e9ponse juste, de \u00ab\u00a0la bonne id\u00e9e\u00a0\u00bb, celle qui saute aux yeux mais que nul n\u2019avait encore envisag\u00e9e.<br \/>Tout comme le d\u00e9ni de r\u00e9alit\u00e9, l\u2019\u00e9vidence est suspecte. Mais pourquoi ne l\u2019avons-nous pas vue tout de suite, pourquoi n\u2019y avons-nous pas pens\u00e9 plus t\u00f4t\u00a0?<br \/>L\u2019\u00e9vidence, tout simplement ne sort pas du chapeau, elle r\u00e9sulte d\u2019un travail d\u2019exploration.<\/p>\n<p>Apr\u00e8s le Centre Pompidou, qui se lance dans de grands travaux pour la deuxi\u00e8me fois depuis sa cr\u00e9ation, le Louvre ne pouvait pas \u00eatre en reste. Pour ceux qui l\u2019ignorent, il est donc question de mettre en accord le plus grand mus\u00e9e du monde avec son temps et, par la m\u00eame occasion, d\u2019apporter une r\u00e9ponse \u00e0 un sujet d\u00e9sormais vieux de quarante ans\u00a0\u00ab\u00a0donner enfin au monument une entr\u00e9e, g\u00e9n\u00e9reuse et digne, qui s\u2019inscrive dans l\u2019histoire du site\u00a0\u00bb.<\/p>\n<p>Ce grand projet m\u00e9rite toute notre attention. En disant \u00ab\u00a0projet\u00a0\u00bb, je m\u2019inqui\u00e8te quand m\u00eame sur la notion de projet, sur son origine et sur son contenu. Autant pour le Centre Pompidou, il est question de r\u00e9habilitation, autant pour le Louvre il s\u2019agirait d\u2019une \u00ab\u00a0r\u00e9volution, d\u2019une renaissance\u00a0\u00bb li\u00e9e notamment \u00e0 l\u2019\u00e9volution des publics, donc un PROJET.<\/p>\n<p>Cette notion de projet reste floue, personne ne sait clairement dire ce qu\u2019est un projet et ce qui n\u2019en n\u2019est pas, m\u00eame si pour un architecte il s\u2019agit de la notion la plus utilis\u00e9e. La notion de projet est directement attach\u00e9e \u00e0 une conception de l\u2019architecture et si, comme je le crois, l\u2019architecture est elle-m\u00eame un projet, il va falloir ajuster le dire et le faire, mettre en \u0153uvre une vision de la soci\u00e9t\u00e9, un rapport \u00e0 la ville, aux modes constructifs, s\u2019adapter \u00e0 l\u2019\u00e9volution des pratiques. Il y a une dimension paradoxale\u00a0: comment un ma\u00eetre d\u2019ouvrage peut-il passer une commande d\u2019architecture si celle-ci est d\u00e9tenue par le seul sachant, l\u2019architecte\u00a0? De la m\u00eame mani\u00e8re, comment l\u2019architecte va-t-il r\u00e9pondre \u00e0 une commande sans consistance architecturale\u00a0? Comment envisager une transformation, une \u00e9volution\u00a0?<\/p>\n<p>\u00c0 confisquer la notion m\u00eame d\u2019architecture, les architectes ont rendu le dialogue difficile, la commande s\u2019est \u00e9tiol\u00e9e, elle s\u2019est r\u00e9fugi\u00e9e dans la technique, l\u2019\u00e9conomique voire l\u2019\u00e9cologique, elle a quasiment disparu et l\u2019architecture comme r\u00e9ponse, comme projet, ne peut r\u00e9sister.<\/p>\n<p>Il n\u2019en a pas toujours \u00e9t\u00e9 ainsi. L\u2019histoire nous r\u00e9serve toujours des surprises, j\u2019en veux pour preuve la place de la Concorde. \u00c0 l\u2019\u00e9poque, l\u2019id\u00e9e \u00e9tait de dessiner une place pour accueillir une statue \u00e9questre de Louis XV. La localisation n\u2019\u00e9tait pas d\u00e9termin\u00e9e et les architectes y sont all\u00e9s de leurs propositions. Le plan de Pierre Patte a recens\u00e9 pas moins de dix-huit localisations. Celle qui sera finalement retenue, l\u2019actuelle place de la Concorde, a \u00e9t\u00e9 propos\u00e9e par Boffrand, un architecte nanc\u00e9en.<\/p>\n<p>Ce que je veux mettre en \u00e9vidence est ce travail d\u2019exploration pr\u00e9alable. Un projet d\u00e9marre par la recherche de TOUS les possibles, une sorte d\u2019inventaire, avant d\u2019arr\u00eater une position. Une id\u00e9e ne suffit pas, une image encore moins. Je pense m\u00eame que la notion de projet suppose un travail d\u2019ouverture, un partage pr\u00e9alable qui devrait \u00eatre inclus dans la notion de programme. Cette exploration suppose une disposition d\u2019esprit particuli\u00e8re o\u00f9 un seul homme peut ne pas suffire. Ainsi, le d\u00e9sarroi de Monsieur de Marigny qui, d\u00e9bord\u00e9 par les propositions ne savait plus o\u00f9 donner de la t\u00eate et auquel le roi a donn\u00e9 comme r\u00e9ponse\u00a0: \u00ab\u00a0Prenez ce qu\u2019il y a de meilleur dans chacune des propositions et confiez le projet \u00e0 Monsieur Jacques Ange Gabrie l\u00a0\u00bb.<\/p>\n<p>Autre temps, autre r\u00e9ponse, nous sommes confront\u00e9s aujourd\u2019hui \u00e0 un sujet qui pourrait ressembler \u00e0 celui de la conception d\u2019une place royale. Par cette recherche de tous les possibles, pr\u00e9alable indispensable \u00e0 un projet, une fois r\u00e9alis\u00e9, le projet rev\u00eat l\u2019apparence de l\u2019\u00e9vidence. Mais l\u2019\u00e9vidence doit \u00eatre d\u00e9busqu\u00e9e.<\/p>\n<p>Le Bernin, qui voulait refaire le Louvre, s\u2019est vu confier le dessin de la fa\u00e7ade est et ses esquisses furent nombreuses, en vain. Il fallait engager des travaux extr\u00eamement dispendieux dans une \u00e9poque qui ne le permettait plus. C\u2019est finalement Claude Perrault qui r\u00e9alisera cette superbe fa\u00e7ade et c\u2019est justement de cette fa\u00e7ade dont il est question aujourd\u2019hui.<\/p>\n<p>Le Louvre croule sous son succ\u00e8s et une nouvelle entr\u00e9e, g\u00e9n\u00e9reuse cette fois, doit \u00eatre envisag\u00e9e. Par la m\u00eame occasion, une place sp\u00e9cifique sera pr\u00e9vue pour Mona Lisa afin que ceux qui ne viennent que pour faire un selfie avec elle, n\u2019encombrent pas le Louvre et puissent r\u00e9aliser leur photo dans de bonnes conditions avant de repartir aussi vite.<\/p>\n<p>Voil\u00e0 un probl\u00e8me qui attend des r\u00e9ponses architecturales. Dit autrement, une exploration de tous les possibles aurait d\u00fb \u00eatre r\u00e9alis\u00e9e. Ce travail a certainement \u00e9t\u00e9 fait mais c\u2019est justement lui qui aurait d\u00fb faire l\u2019objet d\u2019une grande consultation internationale. L\u2019\u00e9tude de faisabilit\u00e9 a certainement r\u00e9pertori\u00e9 toutes les propositions avant d\u2019en choisir une. Tout comme de nombreux projets avaient d\u00fb \u00eatre pr\u00e9sent\u00e9s avant que I. M. Pei emporte tous les suffrages pour la pyramide. \u00c0 l\u2019\u00e9poque, les responsables de la culture parlaient \u00ab\u00a0d\u2019\u00e9vidence\u00a0\u00bb, l\u2019\u00e9vidence de trouver une pyramide apr\u00e8s trois arcs de triomphes et un ob\u00e9lisque, \u00ab\u00a0l\u2019int\u00e9gration\u00a0\u00bb \u00e9tait parfaite\u00a0!<\/p>\n<p>La pyramide est devenue un embl\u00e8me et il va falloir en tenir compte.<\/p>\n<p>Je ne doute pas que dans les \u00e9tudes de faisabilit\u00e9, ait \u00e9t\u00e9 envisag\u00e9e la r\u00e9alisation d\u2019une ziggourat invers\u00e9e autour de la pyramide ou encore que celle-ci ait \u00e9t\u00e9 mise en l\u00e9vitation pour cr\u00e9er un abri p\u00e9riph\u00e9rique. On peut aussi imaginer un magnifique lassis de passerelles, tr\u00e8s moderne, dans la cour carr\u00e9e, qui permettrait de monter pour redescendre, un peu \u00e0 la mani\u00e8re du mus\u00e9e Guggenheim de New York. \u00c0 moins d\u2019envisager un escalier \u00e0 double r\u00e9volution, de type Chambord, au milieu de la place, ou encore plus simple l\u2019utilisation des foss\u00e9s pour concevoir deux rampes de part et d\u2019autre de l\u2019entr\u00e9e, rue du Louvre. Aucune raison d\u2019arr\u00eater l\u2019exploration ou plut\u00f4t le d\u00e9lire.<\/p>\n<p>La vraie question est pourquoi se focaliser sur la fa\u00e7ade est alors que tout est pr\u00eat pour accueillir une entr\u00e9e majestueuse \u00e0 l\u2019ouest\u00a0?<\/p>\n<p>C\u2019est l\u2019arriv\u00e9e des bus et l\u2019emplacement du stationnement qui vont renforcer une logique d\u2019entr\u00e9e. Des espaces \u00e0 trouver\u00a0? Le parking, toujours aux trois quarts vide devant le rempart de Philippe Auguste et des espaces g\u00e9n\u00e9reux inutilis\u00e9s.<\/p>\n<p>Une entr\u00e9e \u00e0 l\u2019ouest renforcerait l\u2019int\u00e9r\u00eat de la pyramide et la beaut\u00e9 de la perspective, elle adopterait et renforcerait les deux boulingrins de part et d\u2019autre d\u2019un dromos en pente \u00e0 cinq pour cent. En outre, l\u2019entr\u00e9e \u00e0 l\u2019ouest donnerait du sens au dessin des parterres qui sont rayonnants et participent \u00e0 l\u2019invitation \u00e0 rentrer.<\/p>\n<p>Un projet d\u2019architecture c\u2019est la prise en consid\u00e9ration de toutes les dimensions historiques, \u00e9conomiques, fonctionnelles, symboliques et \u00e9cologiques.<\/p>\n<p><strong>L\u2019\u00e9vidence est pass\u00e9e \u00e0 la trappe<\/strong><\/p>\n<p>Si toutes ces dimensions ont \u00e9t\u00e9 prises en consid\u00e9ration pour proposer l\u2019emplacement \u00e0 l\u2019est de la nouvelle entr\u00e9e du Louvre, l\u2019\u00e9vidence est pass\u00e9e \u00e0 la trappe. La r\u00e9ponse \u00e9tait consubstantielle de la pyramide, elle \u00e9tait possible il y a quarante ans, elle \u00e9tait l\u00e0 d\u00e8s l\u2019origine alors ne passons pas \u00e0 c\u00f4t\u00e9 une fois encore.<\/p>\n<p>Faut-il un nouveau g\u00e9nie pour crier la bonne id\u00e9e\u00a0!<br \/>L\u2019\u00e9vidence saute aux yeux\u00a0! Archim\u00e8de crie \u00ab\u00a0Eur\u00eaka\u00a0!\u00a0\u00bb et saute de sa baignoire pour courir tout nu et annoncer sa d\u00e9couverte. Assis sous un pommier, il suffira de la chute d\u2019une pomme pour comprendre la gravitation universelle.<br \/>Que faut-il pour que l\u2019immanence advienne et qu\u2019enfin la solution soit la bonne pour concevoir la nouvelle entr\u00e9e du Louvre\u00a0?<br \/>Faire rentrer le jardin des Tuileries dans le Louvre, une nouvelle relation entre l\u2019art et la culture, quoi de plus naturel\u00a0!<\/p>\n<p>Ce soir-l\u00e0, le ballon d\u2019or et sa vasque s\u2019\u00e9levaient dans le ciel et l\u2019arc de triomphe du Carrousel marquait bien l\u2019axe du Louvre.<\/p>\n<p>La premi\u00e8re image est romaine, c\u2019est celle des troupes victorieuses qui d\u00e9filaient lors des triomphes. Ces troupes ne sont plus les m\u00eames, elles sont d\u00e9vers\u00e9es par des cars et press\u00e9es car il faut aller vite pour d\u00e9couvrir Paris, la Joconde, la Tour Eiffel et EuroDisney\u00a0! L\u2019image symbolique du passage sous l\u2019arc est puissante, rapide, elle reste dans la tradition.<\/p>\n<p>Aujourd\u2019hui, le triomphe de la culture doit \u00eatre c\u00e9l\u00e9br\u00e9, neuf millions de visiteurs qui passeraient sous l\u2019arc de Percier et Fontaine\u00a0: l\u2019image est belle, elle ouvre le chemin de \u00ab\u00a0l\u2019id\u00e9e\u00a0\u00bb.<\/p>\n<p>C\u2019est le moment d\u2019accorder aux id\u00e9es une \u00ab\u00a0pr\u00e9somption de pertinence\u00a0\u00bb, de rebondir sur les hasards et les opportunit\u00e9s et surtout, de prendre le temps, celui de passer sous l\u2019arche pour rejoindre l\u2019autre monde, celui de l\u2019histoire, de l\u2019art, qui nous a pr\u00e9c\u00e9d\u00e9 et ouvrant celui \u00e0 venir.<\/p>\n<p>C\u2019est bien de cela qu\u2019il s\u2019agit.<\/p>\n<p>Une boule s\u2019\u00e9l\u00e8ve dans le ciel et nous ouvre les yeux. L\u2019\u00e9vidence est une r\u00e9v\u00e9lation, elle r\u00e9sulte d\u2019un long murmure m\u00fbrissant.<\/p>\n<p><strong>Alain Sarfati<br \/><\/strong>Architecte &amp; Urbaniste<\/p>\n<p><strong>Retrouvez toutes les\u00a0<a href=\"https:\/\/chroniques-architecture.com\/chroniques\/chroniqueurs\/chroniques-dalain-sarfati\/\" target=\"_blank\" rel=\"noreferrer noopener nofollow\">Chroniques d\u2019Alain Sarfati<\/a><\/strong><\/p>\n<p><strong>*Pour d\u00e9couvrir et signer la p\u00e9tition <a href=\"https:\/\/www.change.org\/p\/pour-une-entr%C3%A9e-ouest-au-mus%C3%A9e-du-louvre-bff20efd-6d40-4f99-9da4-20ec90901423?cs_tk=A6Z_iKhJJN8nUmD8eGgAAXicyyvNyQEABF8BvDAwODE1YjhhYjgwN2IzMzk2MGIyYjQxNjIxNmZkZTEyNmJhMWEyOTg3MDE2MTFiNzYxNmMxMDliOTBhMDFjZTQ%3D&amp;utm_campaign=cc01b6c321134124b6752656095d6e45&amp;utm_content=initial_v0_2_0&amp;utm_medium=email&amp;utm_source=recruit_sign_digest&amp;utm_term=cs\" target=\"_blank\" rel=\"noreferrer noopener nofollow\">POUR UNE ENTR\u00c9E OUEST AU MUS\u00c9E DU LOUVRE<\/a><\/strong><\/p>\n","protected":false},"excerpt":{"rendered":"Projet entr\u00e9e ouest du Louvre @SAREA Un projet d\u00e9marre par un travail d\u2019exploration pr\u00e9alable et la recherche de&hellip;\n","protected":false},"author":2,"featured_media":252632,"comment_status":"","ping_status":"","sticky":false,"template":"","format":"standard","meta":{"footnotes":""},"categories":[1358],"tags":[1348,1384,1385,1386,58,59,1011,27],"class_list":{"0":"post-252631","1":"post","2":"type-post","3":"status-publish","4":"format-standard","5":"has-post-thumbnail","7":"category-arts-et-design","8":"tag-arts","9":"tag-arts-and-design","10":"tag-arts-et-design","11":"tag-design","12":"tag-divertissement","13":"tag-entertainment","14":"tag-fr","15":"tag-france"},"share_on_mastodon":{"url":"https:\/\/pubeurope.com\/@fr\/114865825640626065","error":""},"_links":{"self":[{"href":"https:\/\/www.europesays.com\/fr\/wp-json\/wp\/v2\/posts\/252631","targetHints":{"allow":["GET"]}}],"collection":[{"href":"https:\/\/www.europesays.com\/fr\/wp-json\/wp\/v2\/posts"}],"about":[{"href":"https:\/\/www.europesays.com\/fr\/wp-json\/wp\/v2\/types\/post"}],"author":[{"embeddable":true,"href":"https:\/\/www.europesays.com\/fr\/wp-json\/wp\/v2\/users\/2"}],"replies":[{"embeddable":true,"href":"https:\/\/www.europesays.com\/fr\/wp-json\/wp\/v2\/comments?post=252631"}],"version-history":[{"count":0,"href":"https:\/\/www.europesays.com\/fr\/wp-json\/wp\/v2\/posts\/252631\/revisions"}],"wp:featuredmedia":[{"embeddable":true,"href":"https:\/\/www.europesays.com\/fr\/wp-json\/wp\/v2\/media\/252632"}],"wp:attachment":[{"href":"https:\/\/www.europesays.com\/fr\/wp-json\/wp\/v2\/media?parent=252631"}],"wp:term":[{"taxonomy":"category","embeddable":true,"href":"https:\/\/www.europesays.com\/fr\/wp-json\/wp\/v2\/categories?post=252631"},{"taxonomy":"post_tag","embeddable":true,"href":"https:\/\/www.europesays.com\/fr\/wp-json\/wp\/v2\/tags?post=252631"}],"curies":[{"name":"wp","href":"https:\/\/api.w.org\/{rel}","templated":true}]}}