{"id":252633,"date":"2025-07-17T00:49:28","date_gmt":"2025-07-17T00:49:28","guid":{"rendered":"https:\/\/www.europesays.com\/fr\/252633\/"},"modified":"2025-07-17T00:49:28","modified_gmt":"2025-07-17T00:49:28","slug":"dans-son-roman-le-yanvalou-de-l%ca%b9ame-ted-beaubrun-explore-ses-racines-haitiennes-rts-ch","status":"publish","type":"post","link":"https:\/\/www.europesays.com\/fr\/252633\/","title":{"rendered":"Dans son roman \u00ab\u00a0Le Yanvalou de l\u02b9\u00e2me\u00a0\u00bb, Ted Beaubrun explore ses racines ha\u00eftiennes &#8211; rts.ch"},"content":{"rendered":"<p>Ted Beaubrun, musicien genevois d&rsquo;origine ha\u00eftienne, se lance dans l&rsquo;\u00e9criture avec son premier roman \u00ab\u00a0Le Yanvalou de l&rsquo;\u00e2me\u00a0\u00bb. Ce livre, qu&rsquo;il a auto\u00e9dit\u00e9 via sa plateforme Aibo Books, plonge le lecteur dans un voyage identitaire entre Gen\u00e8ve et Ha\u00efti au rythme d&rsquo;une danse traditionnelle vaudou.<\/p>\n<p>Ted Beaubrun, connu pour sa carri\u00e8re musicale, s&rsquo;aventure dans la litt\u00e9rature avec \u00ab\u00a0Le Yanvalou de l&rsquo;\u00c2me\u00a0\u00bb.\u00a0 Ce titre fait r\u00e9f\u00e9rence \u00e0 une danse traditionnelle ha\u00eftienne issue de la culture vaudou d\u00e9di\u00e9e \u00e0 la divinit\u00e9 A\u00efda Wedo.<\/p>\n<p>L&rsquo;auteur genevois d&rsquo;origine ha\u00eftienne explique dans l&rsquo;\u00e9mission Vertigo du 8 juillet que l&rsquo;A\u00efda est \u00ab\u00a0une divinit\u00e9 qui repr\u00e9sente l&rsquo;homme et la femme, l&rsquo;\u00e9nergie masculine et f\u00e9minine. C&rsquo;est le serpent qu&rsquo;on trouve aussi dans tous les signes des pharmacies.\u00a0\u00bb Cette danse, \u00e0 la fois \u00ab\u00a0douce\u00a0\u00bb et \u00ab\u00a0sensuelle\u00a0\u00bb, permet selon l&rsquo;auteur de \u00ab\u00a0rentrer \u00e0 l&rsquo;int\u00e9rieur de nous-m\u00eames\u00a0\u00bb et de \u00ab\u00a0\u202flib\u00e9rer tout ce qui est bloqu\u00e9\u202f.\u00a0\u00bb<\/p>\n<p>Un h\u00e9ritage musical et culturel<\/p>\n<p>Ted Beaubrun baigne depuis son plus jeune \u00e2ge dans la musique et la culture ha\u00eftienne. Issu d&rsquo;une famille de musiciens reconnus, il a commenc\u00e9 \u00e0 se produire d\u00e8s l&rsquo;\u00e2ge de 6 ans avec le groupe de ses parents, Boukman Eksperyans. Cette formation avait pour vocation de renouer avec les racines de la culture ha\u00eftienne et de revaloriser le vaudou, souvent caricatur\u00e9 dans l&rsquo;imaginaire occidental.<\/p>\n<p>Ted Beaubrun s&rsquo;est fait conna\u00eetre comme musicien, cr\u00e9ant un style qu&rsquo;il a baptis\u00e9 \u00ab\u00a0Voodoo Pop\u00a0\u00bb. Il d\u00e9crit ce genre musical comme un m\u00e9lange de pop et d&rsquo;\u00e9nergie vaudou: \u00ab\u00a0Pop parce que \u00e7a reste dans la t\u00eate des gens. Ils vont chanter. Mais en m\u00eame temps, il y a la percussion, l&rsquo;\u00e9nergie dedans, donc le vaudou.\u00a0\u00bb<\/p>\n<p>Dans son roman, Ted Beaubrun raconte l&rsquo;histoire d&rsquo;Emma, une Ha\u00eftienne install\u00e9e \u00e0 Gen\u00e8ve, dont les souvenirs d&rsquo;enfance ressurgissent \u00e0 l&rsquo;approche de la quarantaine. \u00c0 travers la danse du yanvalou, elle renoue avec son pass\u00e9 et ses racines. Bien que l&rsquo;histoire ne soit pas directement autobiographique, elle refl\u00e8te la qu\u00eate d&rsquo;identit\u00e9 qui anime Ted Beaubrun et sa famille.<\/p>\n<p>Une vision positive du vaudou<\/p>\n<p>\u00c0 travers son roman et sa musique, Ted Beaubrun cherche \u00e0 offrir une vision plus juste et positive du vaudou, souvent mal repr\u00e9sent\u00e9 dans les m\u00e9dias: \u00ab\u00a0Je ne suis pas en train de faire une pub pour le vaudou ou quoi que ce soit. Mais j&rsquo;utilise souvent le mot vaudou pour qu&rsquo;on puisse en avoir une autre vision. Parce que j&rsquo;ai souvent vu dans les films, quand on utilise le vaudou, ce sont des trucs n\u00e9gatifs. Je dis non! Il faut qu&rsquo;on aille dans la v\u00e9rit\u00e9 parce que ce n&rsquo;est pas ce qu&rsquo;on est en train de montrer. Ce n&rsquo;est pas du tout \u00e7a\u00a0\u00bb insiste-t-il.<\/p>\n<p>Avec \u00ab\u00a0Le Yanvalou de l&rsquo;\u00e2me\u00a0\u00bb, Ted Beaubrun offre aux lecteurs une plong\u00e9e dans la culture ha\u00eftienne, m\u00ealant tradition et modernit\u00e9, et invitant chacun \u00e0 explorer ses propres racines \u00e0 travers la danse et la musique. Inspir\u00e9 par une m\u00e9ditation sur la m\u00e9moire du corps,\u00a0\u00ab\u00a0Le Yanvalou de l\u2019\u00e2me\u00a0\u00bb\u00a0\u00e9voque ces r\u00e9miniscences enfouies qui ressurgissent au d\u00e9tour d\u2019un son, d\u2019une odeur, d\u2019un mot. \u00ab\u00a0M\u00eame loin de notre culture, quelque chose en nous se souvient\u00a0\u00bb, conclu l&rsquo;auteur.<\/p>\n<p class=\"sources\">Sujet radio: Michel Ndeze<\/p>\n<p class=\"credit\">Adaptation web: S\u00e9bastien Foggiato<\/p>\n<p class=\"article-footnote\">Ted Beaubrun, \u00ab\u00a0Le Yanvalou de l&rsquo;\u00e2me\u00a0\u00bb, Publication ind\u00e9pendante, 9 f\u00e9vrier 2025<\/p>\n","protected":false},"excerpt":{"rendered":"Ted Beaubrun, musicien genevois d&rsquo;origine ha\u00eftienne, se lance dans l&rsquo;\u00e9criture avec son premier roman \u00ab\u00a0Le Yanvalou de l&rsquo;\u00e2me\u00a0\u00bb.&hellip;\n","protected":false},"author":2,"featured_media":252634,"comment_status":"","ping_status":"","sticky":false,"template":"","format":"standard","meta":{"footnotes":""},"categories":[1357],"tags":[1693,1379,251,5972,58,893,59,1011,27,1351,1380,14224,873,28951,2004,1969,20348],"class_list":{"0":"post-252633","1":"post","2":"type-post","3":"status-publish","4":"format-standard","5":"has-post-thumbnail","7":"category-livres","8":"tag-arts-et-divertissement","9":"tag-books","10":"tag-culture","11":"tag-danse","12":"tag-divertissement","13":"tag-energie","14":"tag-entertainment","15":"tag-fr","16":"tag-france","17":"tag-litterature","18":"tag-livres","19":"tag-musicien","20":"tag-musique","21":"tag-premier-roman","22":"tag-roman","23":"tag-style","24":"tag-tradition"},"share_on_mastodon":{"url":"https:\/\/pubeurope.com\/@fr\/114865829505547018","error":""},"_links":{"self":[{"href":"https:\/\/www.europesays.com\/fr\/wp-json\/wp\/v2\/posts\/252633","targetHints":{"allow":["GET"]}}],"collection":[{"href":"https:\/\/www.europesays.com\/fr\/wp-json\/wp\/v2\/posts"}],"about":[{"href":"https:\/\/www.europesays.com\/fr\/wp-json\/wp\/v2\/types\/post"}],"author":[{"embeddable":true,"href":"https:\/\/www.europesays.com\/fr\/wp-json\/wp\/v2\/users\/2"}],"replies":[{"embeddable":true,"href":"https:\/\/www.europesays.com\/fr\/wp-json\/wp\/v2\/comments?post=252633"}],"version-history":[{"count":0,"href":"https:\/\/www.europesays.com\/fr\/wp-json\/wp\/v2\/posts\/252633\/revisions"}],"wp:featuredmedia":[{"embeddable":true,"href":"https:\/\/www.europesays.com\/fr\/wp-json\/wp\/v2\/media\/252634"}],"wp:attachment":[{"href":"https:\/\/www.europesays.com\/fr\/wp-json\/wp\/v2\/media?parent=252633"}],"wp:term":[{"taxonomy":"category","embeddable":true,"href":"https:\/\/www.europesays.com\/fr\/wp-json\/wp\/v2\/categories?post=252633"},{"taxonomy":"post_tag","embeddable":true,"href":"https:\/\/www.europesays.com\/fr\/wp-json\/wp\/v2\/tags?post=252633"}],"curies":[{"name":"wp","href":"https:\/\/api.w.org\/{rel}","templated":true}]}}