{"id":252643,"date":"2025-07-17T00:55:11","date_gmt":"2025-07-17T00:55:11","guid":{"rendered":"https:\/\/www.europesays.com\/fr\/252643\/"},"modified":"2025-07-17T00:55:11","modified_gmt":"2025-07-17T00:55:11","slug":"quinte-du-jeudi-17-juillet-2025-a-vichy-les-pronostics","status":"publish","type":"post","link":"https:\/\/www.europesays.com\/fr\/252643\/","title":{"rendered":"Quint\u00e9 du jeudi 17 juillet 2025 \u00e0 Vichy : les pronostics"},"content":{"rendered":"<p class=\"article-p mdl\">Retrouvez les pronostics d\u2019Alexandre Decoopman pour le Quint\u00e9 du jeudi 17 juillet 2025 \u00e0 Vichy, le Prix Vichy Communaut\u00e9. Handicap divis\u00e9. Premi\u00e8re \u00e9preuve. <strong>D\u00e9part \u00e0 20h15. 16 partants.<\/strong> Galop. 2.800 m\u00e8tres. Pour tous chevaux de 4 ans et plus.<\/p>\n<p class=\"article-p mdl\">On retrouve des concurrents bien connus des quint\u00e9istes au d\u00e9part du Quint\u00e9 de ce jeudi soir \u00e0 Bellerive. Revenu au mieux apr\u00e8s une longue absence, le <strong>5 Rock Joyeux <\/strong>n\u2019a besoin de personne dans un parcours. Il a remport\u00e9 cette \u00e9preuve en 2023, alors qu\u2019il affichait une valeur similaire. On fonce.&#13;<\/p>\n<p class=\"article-p mdl\">Le <strong>12 Sapristi<\/strong>, laur\u00e9at pour son entr\u00e9e en mati\u00e8re \u00e0 ce niveau, a montr\u00e9 qu\u2019il \u00e9tait toujours comp\u00e9titif \u00e0 Compi\u00e8gne depuis, et ce malgr\u00e9 trois kilos de surcharge.&#13;<\/p>\n<p class=\"article-p mdl\">Le <strong>1 Vert Libert\u00e9<\/strong>, plac\u00e9 de groupe \u00e0 5 ans, peut semer le doute pour sa premi\u00e8re participation \u00e0 un \u00e9v\u00e8nement. Il repr\u00e9sente la classe ici et profite de la monte de Micka\u00ebl Barzalona. Il constitue l\u2019Outsider de RTL pour l\u2019occasion.&#13;<\/p>\n<p class=\"article-p mdl\">Le <strong>16 Hatim <\/strong>a mieux couru que ne l\u2019indique son classement dans l\u2019\u00e9preuve de r\u00e9f\u00e9rence. Troisi\u00e8me de l\u2019\u00e9dition 2024, le <strong>2 Guiness Star <\/strong>est certes moins bien plac\u00e9 d\u00e9sormais, mais il conserve son mot \u00e0 dire pour les places. Second atout de Nicolas Perret, le <strong>6 Boogie<\/strong> vient de renouer avec la palme r\u00e9cemment \u00e0 Aix-les-Bains. Le <strong>8 Chergui <\/strong>s\u2019est class\u00e9 deuxi\u00e8me pour son unique tentative sur cette piste.<\/p>\n<p>            Les pronostics<\/p>\n<p class=\"article-p mdl\">\n<p>5. Rock Joyeux<br \/>12. Sapristi<br \/>1. Vert Libert\u00e9<br \/>16. Hatim<br \/>2. Guiness Star<br \/>6. Boogie<br \/>8. Chergui<\/p>\n<p>            L&rsquo;outsider de RTL<\/p>\n<p class=\"article-p mdl\">1. Vert Libert\u00e9<\/p>\n<p>            R\u00e9sultats du mardi 15 juillet 2025 \u00e0 Vichy<\/p>\n<p class=\"article-p mdl\">Le pr\u00e9f\u00e9r\u00e9 de RTL a d\u00fb se contenter de la 8e place. L\u2019Outsider, Nordeste, n\u2019a pas eu la bonne course. Il sera \u00e0 racheter prochainement. <\/p>\n<p>    La r\u00e9daction vous recommande<\/p>\n<p class=\"s-newsletter__title\">\n                L\u2019actualit\u00e9 par la r\u00e9daction de RTL dans votre bo\u00eete mail.\n            <\/p>\n<p class=\"s-newsletter__subtitle\">\n                Gr\u00e2ce \u00e0 votre compte RTL abonnez-vous \u00e0 la newsletter RTL info pour suivre toute l&rsquo;actualit\u00e9 au quotidien\n            <\/p>\n<p>\n                                    Lire la suite\n                                <\/p>\n","protected":false},"excerpt":{"rendered":"Retrouvez les pronostics d\u2019Alexandre Decoopman pour le Quint\u00e9 du jeudi 17 juillet 2025 \u00e0 Vichy, le Prix Vichy&hellip;\n","protected":false},"author":2,"featured_media":3836,"comment_status":"","ping_status":"","sticky":false,"template":"","format":"standard","meta":{"footnotes":""},"categories":[8],"tags":[2621,2622,2620,58,59,107,2619,1011,27,2623],"class_list":{"0":"post-252643","1":"post","2":"type-post","3":"status-publish","4":"format-standard","5":"has-post-thumbnail","7":"category-divertissement","8":"tag-chevaux","9":"tag-courses","10":"tag-courses-de-trot","11":"tag-divertissement","12":"tag-entertainment","13":"tag-fil-info","14":"tag-fil-sport","15":"tag-fr","16":"tag-france","17":"tag-quinte"},"share_on_mastodon":{"url":"https:\/\/pubeurope.com\/@fr\/114865853291683796","error":""},"_links":{"self":[{"href":"https:\/\/www.europesays.com\/fr\/wp-json\/wp\/v2\/posts\/252643","targetHints":{"allow":["GET"]}}],"collection":[{"href":"https:\/\/www.europesays.com\/fr\/wp-json\/wp\/v2\/posts"}],"about":[{"href":"https:\/\/www.europesays.com\/fr\/wp-json\/wp\/v2\/types\/post"}],"author":[{"embeddable":true,"href":"https:\/\/www.europesays.com\/fr\/wp-json\/wp\/v2\/users\/2"}],"replies":[{"embeddable":true,"href":"https:\/\/www.europesays.com\/fr\/wp-json\/wp\/v2\/comments?post=252643"}],"version-history":[{"count":0,"href":"https:\/\/www.europesays.com\/fr\/wp-json\/wp\/v2\/posts\/252643\/revisions"}],"wp:featuredmedia":[{"embeddable":true,"href":"https:\/\/www.europesays.com\/fr\/wp-json\/wp\/v2\/media\/3836"}],"wp:attachment":[{"href":"https:\/\/www.europesays.com\/fr\/wp-json\/wp\/v2\/media?parent=252643"}],"wp:term":[{"taxonomy":"category","embeddable":true,"href":"https:\/\/www.europesays.com\/fr\/wp-json\/wp\/v2\/categories?post=252643"},{"taxonomy":"post_tag","embeddable":true,"href":"https:\/\/www.europesays.com\/fr\/wp-json\/wp\/v2\/tags?post=252643"}],"curies":[{"name":"wp","href":"https:\/\/api.w.org\/{rel}","templated":true}]}}