{"id":252650,"date":"2025-07-17T00:59:12","date_gmt":"2025-07-17T00:59:12","guid":{"rendered":"https:\/\/www.europesays.com\/fr\/252650\/"},"modified":"2025-07-17T00:59:12","modified_gmt":"2025-07-17T00:59:12","slug":"au-roy-despagne-un-incendie-fixe-apres-avoir-parcouru-un-hectare","status":"publish","type":"post","link":"https:\/\/www.europesays.com\/fr\/252650\/","title":{"rendered":"au Roy d&rsquo;Espagne, un incendie fix\u00e9 apr\u00e8s avoir parcouru un hectare"},"content":{"rendered":"<p>Apr\u00e8s un feu d&rsquo;herbes s\u00e8ches qui a parcouru environ deux hectares en d\u00e9but d&rsquo;apr\u00e8s-midi <a href=\"https:\/\/www.laprovence.com\/article\/faits-divers-justice\/41019174791986\/incendie-en-cours-derriere-la-cite-consolat-a-marseille\" target=\"_blank\" rel=\"noopener\">\u00e0 proximit\u00e9 imm\u00e9diate de la cit\u00e9 Consolat<\/a>, dans le 15e arrondissement de Marseille, vers 17h des flammes sont apparues <a href=\"https:\/\/www.laprovence.com\/article\/region\/93397103945514\/feu-de-broussailles-sur-la50-au-niveau-daubagne-embouteillage-sur-plusieurs-kilometres\" target=\"_blank\" rel=\"noopener\">au beau milieu de l&rsquo;autoroute A50, o\u00f9 un incendie s&rsquo;est d\u00e9clar\u00e9 sur le terre-plein central aux portes d&rsquo;Aubagne<\/a>, au niveau de la jonction avec l&rsquo;A502.<\/p>\n<p>\u00c0 peine 400m\u00b2 ont \u00e9t\u00e9 br\u00fbl\u00e9s avant l&rsquo;extinction par les sapeurs-pompiers du Sdis 13, mais la circulation a \u00e9t\u00e9 perturb\u00e9e entre Marseille et <a href=\"https:\/\/www.laprovence.com\/bouches-du-rhone\/aubagne-13005\" target=\"_blank\" rel=\"noopener\">Aubagne<\/a>.<\/p>\n<p>Un troisi\u00e8me d\u00e9part de feu \u00e0 Marseille<\/p>\n<p>Dans le m\u00eame temps, un troisi\u00e8me d\u00e9part de feu a \u00e9t\u00e9 signal\u00e9 <strong>dans les quartiers Sud de Marseille<\/strong>, dans le secteur tr\u00e8s bois\u00e9 du <strong>Roy d&rsquo;Espagne<\/strong>, o\u00f9 d&rsquo;importants moyens ont aussit\u00f4t \u00e9t\u00e9 engag\u00e9s par les marins-pompiers, qui ont pu compter sur l&rsquo;appui de moyens a\u00e9riens, notamment <strong>un Canadair.<\/strong><\/p>\n<p>Deux largages d&rsquo;eau et de retardant et les moyens au sol <strong>ont suffi a fixer le feu en seulement heure<\/strong>. Toutefois la lutte se poursuivait pour \u00e9teindre compl\u00e8tement l&rsquo;incendie, qui a parcouru environ un hectare, tandis que les conditions m\u00e9t\u00e9o demeureraient d\u00e9favorables.<\/p>\n","protected":false},"excerpt":{"rendered":"Apr\u00e8s un feu d&rsquo;herbes s\u00e8ches qui a parcouru environ deux hectares en d\u00e9but d&rsquo;apr\u00e8s-midi \u00e0 proximit\u00e9 imm\u00e9diate de&hellip;\n","protected":false},"author":2,"featured_media":252651,"comment_status":"","ping_status":"","sticky":false,"template":"","format":"standard","meta":{"footnotes":""},"categories":[4],"tags":[17,11,150,6661,1102,35715,274,17396,1011,27,1310,884,12,25,27659],"class_list":{"0":"post-252650","1":"post","2":"type-post","3":"status-publish","4":"format-standard","5":"has-post-thumbnail","7":"category-france","8":"tag-17","9":"tag-actualites","10":"tag-apres","11":"tag-avoir","12":"tag-breakingnews","13":"tag-despagne","14":"tag-faits-divers-justice","15":"tag-fixe","16":"tag-fr","17":"tag-france","18":"tag-incendie","19":"tag-marseille","20":"tag-news","21":"tag-republique-francaise","22":"tag-roy"},"share_on_mastodon":{"url":"https:\/\/pubeurope.com\/@fr\/114865868971293465","error":""},"_links":{"self":[{"href":"https:\/\/www.europesays.com\/fr\/wp-json\/wp\/v2\/posts\/252650","targetHints":{"allow":["GET"]}}],"collection":[{"href":"https:\/\/www.europesays.com\/fr\/wp-json\/wp\/v2\/posts"}],"about":[{"href":"https:\/\/www.europesays.com\/fr\/wp-json\/wp\/v2\/types\/post"}],"author":[{"embeddable":true,"href":"https:\/\/www.europesays.com\/fr\/wp-json\/wp\/v2\/users\/2"}],"replies":[{"embeddable":true,"href":"https:\/\/www.europesays.com\/fr\/wp-json\/wp\/v2\/comments?post=252650"}],"version-history":[{"count":0,"href":"https:\/\/www.europesays.com\/fr\/wp-json\/wp\/v2\/posts\/252650\/revisions"}],"wp:featuredmedia":[{"embeddable":true,"href":"https:\/\/www.europesays.com\/fr\/wp-json\/wp\/v2\/media\/252651"}],"wp:attachment":[{"href":"https:\/\/www.europesays.com\/fr\/wp-json\/wp\/v2\/media?parent=252650"}],"wp:term":[{"taxonomy":"category","embeddable":true,"href":"https:\/\/www.europesays.com\/fr\/wp-json\/wp\/v2\/categories?post=252650"},{"taxonomy":"post_tag","embeddable":true,"href":"https:\/\/www.europesays.com\/fr\/wp-json\/wp\/v2\/tags?post=252650"}],"curies":[{"name":"wp","href":"https:\/\/api.w.org\/{rel}","templated":true}]}}