{"id":252654,"date":"2025-07-17T01:01:14","date_gmt":"2025-07-17T01:01:14","guid":{"rendered":"https:\/\/www.europesays.com\/fr\/252654\/"},"modified":"2025-07-17T01:01:14","modified_gmt":"2025-07-17T01:01:14","slug":"ce-plan-dactions-est-une-necessite","status":"publish","type":"post","link":"https:\/\/www.europesays.com\/fr\/252654\/","title":{"rendered":"\u00ab\u00a0Ce plan d\u2019actions est une n\u00e9cessit\u00e9\u00a0\u00bb"},"content":{"rendered":"<p>Ce jour-l\u00e0, le Cr\u00eat des six soleils portait bien son nom. D\u00e9but juillet, sous une chaleur \u00e9crasante, la Ville de Saint-\u00c9tienne, a pr\u00e9sent\u00e9 son plan biodiversit\u00e9, au c\u0153ur des 55 hectares de verdure du parc de Montaud. \u00ab\u00a0Les \u00e9pisodes de canicule que l\u2019on traverse montrent que ce plan d\u2019actions est une n\u00e9cessit\u00e9\u00a0\u00bb, a soulign\u00e9 Diarra Kane, adjointe au d\u00e9veloppement durable.<\/p>\n<p>Plus de 3\u00a0000 esp\u00e8ces diff\u00e9rentes dans la commune<\/p>\n<p>Sous les grands arbres du parc, des balises en forme de nichoir ont \u00e9t\u00e9 pos\u00e9es il y a d\u00e9sormais deux ans. Dessus, un QR code permet aux visiteurs de d\u00e9couvrir le chant des oiseaux qui vivent ici. Une initiative men\u00e9e en collaboration avec la LPO, qui est en train de se d\u00e9velopper dans d\u2019autres espaces verts de la ville et notamment au Jardin des plantes.<\/p>\n<p>Avec ses plus de 700 hectares de&#8230;<\/p>\n","protected":false},"excerpt":{"rendered":"Ce jour-l\u00e0, le Cr\u00eat des six soleils portait bien son nom. D\u00e9but juillet, sous une chaleur \u00e9crasante, la&hellip;\n","protected":false},"author":2,"featured_media":252655,"comment_status":"","ping_status":"","sticky":false,"template":"","format":"standard","meta":{"footnotes":""},"categories":[9653],"tags":[1111,11,2430,7539,436,1777,674,1011,27,8423,12,25,4001,7538],"class_list":{"0":"post-252654","1":"post","2":"type-post","3":"status-publish","4":"format-standard","5":"has-post-thumbnail","7":"category-saint-etienne","8":"tag-actu","9":"tag-actualites","10":"tag-auvergne-rhone-alpes","11":"tag-edition-loire-sud","12":"tag-environnement","13":"tag-eu","14":"tag-europe","15":"tag-fr","16":"tag-france","17":"tag-meteorologie-climat","18":"tag-news","19":"tag-republique-francaise","20":"tag-saint-etienne","21":"tag-saint-etienne-ville"},"share_on_mastodon":{"url":"https:\/\/pubeurope.com\/@fr\/114865876870357720","error":""},"_links":{"self":[{"href":"https:\/\/www.europesays.com\/fr\/wp-json\/wp\/v2\/posts\/252654","targetHints":{"allow":["GET"]}}],"collection":[{"href":"https:\/\/www.europesays.com\/fr\/wp-json\/wp\/v2\/posts"}],"about":[{"href":"https:\/\/www.europesays.com\/fr\/wp-json\/wp\/v2\/types\/post"}],"author":[{"embeddable":true,"href":"https:\/\/www.europesays.com\/fr\/wp-json\/wp\/v2\/users\/2"}],"replies":[{"embeddable":true,"href":"https:\/\/www.europesays.com\/fr\/wp-json\/wp\/v2\/comments?post=252654"}],"version-history":[{"count":0,"href":"https:\/\/www.europesays.com\/fr\/wp-json\/wp\/v2\/posts\/252654\/revisions"}],"wp:featuredmedia":[{"embeddable":true,"href":"https:\/\/www.europesays.com\/fr\/wp-json\/wp\/v2\/media\/252655"}],"wp:attachment":[{"href":"https:\/\/www.europesays.com\/fr\/wp-json\/wp\/v2\/media?parent=252654"}],"wp:term":[{"taxonomy":"category","embeddable":true,"href":"https:\/\/www.europesays.com\/fr\/wp-json\/wp\/v2\/categories?post=252654"},{"taxonomy":"post_tag","embeddable":true,"href":"https:\/\/www.europesays.com\/fr\/wp-json\/wp\/v2\/tags?post=252654"}],"curies":[{"name":"wp","href":"https:\/\/api.w.org\/{rel}","templated":true}]}}