{"id":252656,"date":"2025-07-17T01:02:12","date_gmt":"2025-07-17T01:02:12","guid":{"rendered":"https:\/\/www.europesays.com\/fr\/252656\/"},"modified":"2025-07-17T01:02:12","modified_gmt":"2025-07-17T01:02:12","slug":"substitution-en-salles-le-30-juillet-dans-la-loire","status":"publish","type":"post","link":"https:\/\/www.europesays.com\/fr\/252656\/","title":{"rendered":"SUBSTITUTION EN SALLES LE 30 JUILLET DANS LA LOIRE"},"content":{"rendered":"<p>                <a href=\"https:\/\/cadenceradio.fr\" target=\"_blank\" aria-label=\"Banni\u00e8re Cadence 2025\" rel=\"noopener\"><img loading=\"lazy\" decoding=\"async\" src=\"https:\/\/www.europesays.com\/fr\/wp-content\/uploads\/2025\/07\/Banniere-Cadence-2025-scaled.jpg\" alt=\"\"   width=\"2560\" height=\"738\"\/><\/a><\/p>\n<p>Apr\u00e8s avoir terroris\u00e9 les salles avec \u00ab\u00a0La Main\u00a0\u00bb, les jumeaux australiens reviennent hanter les \u00e9crans avec une nouvelle cr\u00e9ation qui promet de red\u00e9finir les codes de l\u2019horreur moderne. Sally Hawkins endosse le r\u00f4le principal de ce thriller psychologique qui sort le 30 juillet.<\/p>\n<p>Le retour d\u2019un duo qui fait fr\u00e9mir<\/p>\n<p>Deux ans apr\u00e8s le ph\u00e9nom\u00e8ne \u00ab\u00a0La Main\u00a0\u00bb qui avait conquis plus d\u2019un demi-million de spectateurs fran\u00e7ais, les fr\u00e8res Philippou signent leur retour avec \u00ab\u00a0Substitution, Bring Her Back\u00a0\u00bb. Cette nouvelle production A24 confirme le talent de ces cin\u00e9astes pour cr\u00e9er des \u0153uvres d\u2019\u00e9pouvante qui marquent durablement les esprits.<\/p>\n<p>Le premier long-m\u00e9trage du duo avait impos\u00e9 sa marque en exploitant les l\u00e9gendes urbaines et les croyances populaires, devenant rapidement viral sur les r\u00e9seaux sociaux, TikTok en t\u00eate. Cette r\u00e9putation de \u00ab\u00a0must-see\u00a0\u00bb s\u2019\u00e9tait construite sur un bouche-\u00e0-oreille enthousiasmant et des critiques s\u00e9duites. <strong><a href=\"https:\/\/cadenceradio.fr\/substitution-en-salles-le-30-juillet\/\" target=\"_blank\" rel=\"noreferrer noopener\">Lire la suite sur Cadence ICI<\/a><\/strong>.<\/p>\n","protected":false},"excerpt":{"rendered":"Apr\u00e8s avoir terroris\u00e9 les salles avec \u00ab\u00a0La Main\u00a0\u00bb, les jumeaux australiens reviennent hanter les \u00e9crans avec une nouvelle&hellip;\n","protected":false},"author":2,"featured_media":252657,"comment_status":"","ping_status":"","sticky":false,"template":"","format":"standard","meta":{"footnotes":""},"categories":[9653],"tags":[1111,11,2430,39297,650,1777,674,2081,1011,27,3367,7357,12,25,9838,9669,4001,24968],"class_list":{"0":"post-252656","1":"post","2":"type-post","3":"status-publish","4":"format-standard","5":"has-post-thumbnail","7":"category-saint-etienne","8":"tag-actu","9":"tag-actualites","10":"tag-auvergne-rhone-alpes","11":"tag-bring-her-back","12":"tag-cinema","13":"tag-eu","14":"tag-europe","15":"tag-film","16":"tag-fr","17":"tag-france","18":"tag-loire","19":"tag-montbrison","20":"tag-news","21":"tag-republique-francaise","22":"tag-roanne","23":"tag-saint-chamond","24":"tag-saint-etienne","25":"tag-substitution"},"share_on_mastodon":{"url":"https:\/\/pubeurope.com\/@fr\/114865880683852326","error":""},"_links":{"self":[{"href":"https:\/\/www.europesays.com\/fr\/wp-json\/wp\/v2\/posts\/252656","targetHints":{"allow":["GET"]}}],"collection":[{"href":"https:\/\/www.europesays.com\/fr\/wp-json\/wp\/v2\/posts"}],"about":[{"href":"https:\/\/www.europesays.com\/fr\/wp-json\/wp\/v2\/types\/post"}],"author":[{"embeddable":true,"href":"https:\/\/www.europesays.com\/fr\/wp-json\/wp\/v2\/users\/2"}],"replies":[{"embeddable":true,"href":"https:\/\/www.europesays.com\/fr\/wp-json\/wp\/v2\/comments?post=252656"}],"version-history":[{"count":0,"href":"https:\/\/www.europesays.com\/fr\/wp-json\/wp\/v2\/posts\/252656\/revisions"}],"wp:featuredmedia":[{"embeddable":true,"href":"https:\/\/www.europesays.com\/fr\/wp-json\/wp\/v2\/media\/252657"}],"wp:attachment":[{"href":"https:\/\/www.europesays.com\/fr\/wp-json\/wp\/v2\/media?parent=252656"}],"wp:term":[{"taxonomy":"category","embeddable":true,"href":"https:\/\/www.europesays.com\/fr\/wp-json\/wp\/v2\/categories?post=252656"},{"taxonomy":"post_tag","embeddable":true,"href":"https:\/\/www.europesays.com\/fr\/wp-json\/wp\/v2\/tags?post=252656"}],"curies":[{"name":"wp","href":"https:\/\/api.w.org\/{rel}","templated":true}]}}