{"id":252679,"date":"2025-07-17T01:17:37","date_gmt":"2025-07-17T01:17:37","guid":{"rendered":"https:\/\/www.europesays.com\/fr\/252679\/"},"modified":"2025-07-17T01:17:37","modified_gmt":"2025-07-17T01:17:37","slug":"le-projet-archipel-2-continue-de-grandir-a-strasbourg","status":"publish","type":"post","link":"https:\/\/www.europesays.com\/fr\/252679\/","title":{"rendered":"le projet Archipel 2 continue de grandir \u00e0 Strasbourg"},"content":{"rendered":"<p class=\"p2\"><b>Grand projet urbain dans le quartier du Wacken, Archipel 2 continue de sortir de terre, immeuble apr\u00e8s immeuble. Repris en main par la municipalit\u00e9 \u00e9cologiste, il comportera \u00e9galement un parc de 4,5 hectares et une passerelle au-dessus de l\u2019Aar reliant Strasbourg \u00e0 Schiltigheim. Petit point d\u2019\u00e9tape sur le chantier.<\/b><\/p>\n<p class=\"p2\">\u00ab\u00a0C\u2019est un nouveau bout de ville qui s\u2019\u00e9l\u00e8ve, une vitrine europ\u00e9enne de la ville de demain.\u00a0\u00bb Jeanne Barseghian n\u2019est pas peu fi\u00e8re de pr\u00e9senter les nouveaut\u00e9s d\u2019Archipel 2, un des grands projets urbains au sein du quartier du Wacken. <b>Il faut dire que la municipalit\u00e9 \u00e9cologiste a repris le chantier en main lors de son arriv\u00e9e au pouvoir, le r\u00e9orientant vers plus de logements plut\u00f4t que des bureaux, pour accueillir 1 500 habitant(e)s dans le futur<\/b>.<\/p>\n<p class=\"p2\">Actuellement en plein am\u00e9nagement, <b>ces diff\u00e9rents immeubles poussent comme des champignons \u00e0 c\u00f4t\u00e9 d\u2019un Rh\u00e9nus qui a d\u00fb enterrer son projet de SIG Arena<\/b>, apr\u00e8s la mise en liquidation de SAS Wacken Immo, la soci\u00e9t\u00e9 porteuse du projet. Et pour accompagner toutes ces constructions, quelques nouveaut\u00e9s vont doucement faire leur apparition.<\/p>\n<p>                <img width=\"667\" height=\"500\" src=\"https:\/\/www.europesays.com\/fr\/wp-content\/uploads\/2025\/07\/img-9992-grande-667x500.jpeg\" class=\"attachment-gallery size-gallery\" alt=\"archipel 2\" data-full-url=\"https:\/\/pokaa.fr\/wp-content\/uploads\/2025\/07\/15\/img-9992-grande.jpeg\" decoding=\"async\" loading=\"lazy\"  \/>            <\/p>\n<p>                <img width=\"667\" height=\"500\" src=\"https:\/\/www.europesays.com\/fr\/wp-content\/uploads\/2025\/07\/img-0010-grande-667x500.jpeg\" class=\"attachment-gallery size-gallery\" alt=\"archipel 2\" data-full-url=\"https:\/\/pokaa.fr\/wp-content\/uploads\/2025\/07\/15\/img-0010-grande.jpeg\" decoding=\"async\" loading=\"lazy\"  \/>            <\/p>\n<p>                <img width=\"676\" height=\"500\" src=\"https:\/\/www.europesays.com\/fr\/wp-content\/uploads\/2025\/07\/capture-decran-2025-07-15-a-141558-676x500.png\" class=\"attachment-gallery size-gallery\" alt=\"archipel 2 sch\u00e9ma\" data-full-url=\"https:\/\/pokaa.fr\/wp-content\/uploads\/2025\/07\/15\/capture-decran-2025-07-15-a-141558.png\" decoding=\"async\" loading=\"lazy\"  \/>            <\/p>\n<p>                    1. 2. \u00a9 Nicolas Kaspar \/ Pokaa ; 3. \u00a9 Ingerop &#8211; DeA &#8211; K&amp;+ &#8211; Acte2 Paysage \/ Document remis<\/p>\n<p>Un grand parc de 4,5 hectares au sein m\u00eame d\u2019Archipel 2<\/p>\n<p class=\"p2\">C\u2019est d\u2019abord le cas d\u2019un tout nouveau parc de 4,5 hectares. <b>Il commencera au niveau du Parlement europ\u00e9en et se d\u00e9ploiera ensuite dans tout le projet urbain Archipel 2, en se connectant au parc de l\u2019Aar, \u00e0 celui du Contades et aux berges du canal de la Marne au Rhin<\/b>. Le long de ce canal, une promenade arbor\u00e9e de 40 m\u00e8tres de large s\u2019ouvrira ensuite sur une future esplanade entre le hall Rh\u00e9nus Sports et le Parlement europ\u00e9en.<\/p>\n<p class=\"p2\">Deux aires de jeux seront \u00e9galement mises en place au sein du parc, <b>ainsi que des espaces de d\u00e9tente et des lieux de rencontres, dont une maison \u00e9clusi\u00e8re en cours d\u2019acquisition, pour cr\u00e9er un lieu type guinguette ou bar d\u2019\u00e9t\u00e9<\/b>. Le projet sera r\u00e9alis\u00e9 entre 2025 et 2029, selon le calendrier des constructions voisines. Un am\u00e9nagement paysager d\u2019ampleur, qui profite \u00e9galement de subventions de la R\u00e9gion Grand Est et de l\u2019Agence de l\u2019Eau Rhin-Meuse, pour un peu plus de 2 millions d\u2019euros.<\/p>\n<p>                <img width=\"667\" height=\"500\" src=\"https:\/\/www.europesays.com\/fr\/wp-content\/uploads\/2025\/07\/img-9999-grande-667x500.jpeg\" class=\"attachment-gallery size-gallery\" alt=\"archipel 2 parc\" data-full-url=\"https:\/\/pokaa.fr\/wp-content\/uploads\/2025\/07\/15\/img-9999-grande.jpeg\" decoding=\"async\" loading=\"lazy\"  \/>            <\/p>\n<p>                <img width=\"667\" height=\"500\" src=\"https:\/\/www.europesays.com\/fr\/wp-content\/uploads\/2025\/07\/img-9997-grande-667x500.jpeg\" class=\"attachment-gallery size-gallery\" alt=\"archipel 2 parc\" data-full-url=\"https:\/\/pokaa.fr\/wp-content\/uploads\/2025\/07\/15\/img-9997-grande.jpeg\" decoding=\"async\" loading=\"lazy\"  \/>            <\/p>\n<p>                <img width=\"1039\" height=\"500\" src=\"https:\/\/www.europesays.com\/fr\/wp-content\/uploads\/2025\/07\/capture-decran-2025-07-15-a-141617-1039x500.png\" class=\"attachment-gallery size-gallery\" alt=\"archipel 2 sch\u00e9ma\" data-full-url=\"https:\/\/pokaa.fr\/wp-content\/uploads\/2025\/07\/15\/capture-decran-2025-07-15-a-141617.png\" decoding=\"async\" loading=\"lazy\"  \/>            <\/p>\n<p>                    1. 2. \u00a9 Nicolas Kaspar \/ Pokaa ; 3. \u00a9 Ingerop &#8211; DeA &#8211; K&amp;+ &#8211; Acte2 Paysage \/ Document remis<\/p>\n<p>Une passerelle pour relier Strasbourg et Schiltigheim<\/p>\n<p class=\"p2\">Au sein de ce parc, on retrouvera \u00e9galement une passerelle pi\u00e9tonne qui reliera Strasbourg et Schiltigheim. Un ouvrage de 4 m\u00e8tres de large, avec des poteaux en bois qui surplomberont la structure. <b>La circulation cycliste sera tol\u00e9r\u00e9e, m\u00eame si les v\u00e9los devront rouler au pas<\/b>. Les travaux d\u00e9buteront au mois d\u2019ao\u00fbt, pour se terminer si tout va bien au premier trimestre 2026.<\/p>\n<blockquote><p>\n        Une passerelle qui va d\u2019une rive \u00e0 l\u2019autre,\u00a0pour relier deux communes qui travaillent main dans la main.    <\/p><\/blockquote>\n<p>            Danielle Dambach, maire de Schiltigheim<\/p>\n<p>D\u2019un budget de 3 millions d\u2019euros, dont 1 million provenant d\u2019une subvention au titre du Contrat triennal, <b>cette future passerelle se nommera Henrietta Leavitt, astronome am\u00e9ricaine qui a d\u00e9couvert la relation entre la luminosit\u00e9 des \u00e9toiles et leur p\u00e9riode de variation<\/b>. Une d\u00e9couverte majeure qui permet de mesurer la distance d\u2019un astre par rapport \u00e0 la Terre.<\/p>\n<p>                <img width=\"1082\" height=\"500\" src=\"https:\/\/www.europesays.com\/fr\/wp-content\/uploads\/2025\/07\/capture-decran-2025-07-15-a-151204-1082x500.png\" class=\"attachment-gallery size-gallery\" alt=\"archipel 2 passerelle\" data-full-url=\"https:\/\/pokaa.fr\/wp-content\/uploads\/2025\/07\/15\/capture-decran-2025-07-15-a-151204.png\" decoding=\"async\" loading=\"lazy\"  \/>            <\/p>\n<p>                <img width=\"1400\" height=\"406\" src=\"https:\/\/www.europesays.com\/fr\/wp-content\/uploads\/2025\/07\/capture-decran-2025-07-15-a-151213.png\" class=\"attachment-gallery size-gallery\" alt=\"archipel 2 passerelle\" data-full-url=\"https:\/\/www.europesays.com\/fr\/wp-content\/uploads\/2025\/07\/capture-decran-2025-07-15-a-151213.png\" decoding=\"async\" loading=\"lazy\"  \/>            <\/p>\n<p>                <img width=\"667\" height=\"500\" src=\"https:\/\/www.europesays.com\/fr\/wp-content\/uploads\/2025\/07\/img-0004-grande-667x500.jpeg\" class=\"attachment-gallery size-gallery\" alt=\"archipel 2 passerelle\" data-full-url=\"https:\/\/pokaa.fr\/wp-content\/uploads\/2025\/07\/15\/img-0004-grande.jpeg\" decoding=\"async\" loading=\"lazy\"  \/>            <\/p>\n<p>                    1. 2. \u00a9\u00a0Ville et Eurom\u00e9tropole de Strasbourg \/ Documents remis ; 3. \u00a9 Nicolas Kaspar \/ Pokaa<\/p>\n<p>Le Rh\u00e9nus en stand-by<\/p>\n<p class=\"p2\">Annonc\u00e9 depuis des lustres, et repouss\u00e9 \u00e0 chaque ann\u00e9e qui passait,<b> le projet de la SIG Arena a finalement \u00e9t\u00e9 enterr\u00e9 \u00e0 la fin du mois de f\u00e9vrier dernier par la mise en liquidation de SAS Wacken Immo, la soci\u00e9t\u00e9 porteuse du projet<\/b>. Et si la SIG devra patienter encore quelque temps avant de jouer dans une salle r\u00e9nov\u00e9e, le projet va progressivement \u00eatre repris en main par les collectivit\u00e9s.<\/p>\n<p class=\"p2\">La Ville et l\u2019Eurom\u00e9tropole, propri\u00e9taires du Rh\u00e9nus Sport, ont en effet act\u00e9 le lancement d\u2019une concertation pour d\u00e9finir le futur de l\u2019\u00e9quipement sportif.<b> Une concertation r\u00e9alis\u00e9e avec les clubs, les organisateurs\/rices d\u2019\u00e9v\u00e9nements, les collectivit\u00e9s, les f\u00e9d\u00e9rations et les acteurs\/rices du quartier<\/b>. Un avenir qui sera li\u00e9 au d\u00e9veloppement d\u2019Archipel 2 et des besoins qui pourraient advenir. <b>On nous promet de grandes orientations d\u00e9finies dans les six prochains mois<\/b>. On pourrait ne pas \u00eatre au bout de nos surprises.<\/p>\n<p>    <img width=\"800\" height=\"600\" src=\"https:\/\/www.europesays.com\/fr\/wp-content\/uploads\/2025\/07\/img-9989-grande-800x600.jpeg\" class=\"attachment-image-size-L size-image-size-L\" alt=\"rhenus\" decoding=\"async\" loading=\"lazy\"  \/>         \u00a9 Nicolas Kaspar \/ Pokaa <\/p>\n<p>Petit rappel des futurs immeubles d\u2019Archipel 2<\/p>\n<p class=\"p2\">En plus des nouveaut\u00e9s, les constructions immobili\u00e8res d\u2019Archipel 2 sortent progressivement de terre. Sur plus de 70 000 m2, <b>le nouveau quartier aura 760 habitations dont 62 % de logements aid\u00e9s sur 48 000 m2, 16 000 m2 de bureaux le long du boulevard de Dresde, 3 000 m2 de commerces et de services, et enfin 2 300 m2 d\u2019h\u00f4tellerie<\/b>.<\/p>\n<p class=\"p2\">Dans le d\u00e9tail, <b>les lots A et A\u2019 sont les plus avanc\u00e9s, avec des bureaux, des commerces et des logements sociaux, pr\u00e9vus pour tr\u00e8s bient\u00f4t<\/b>. Ensuite, le lot B, dit \u00ab La Serre sur le Toit \u00bb, arrivera \u00e0 la fin du premier semestre 2026 avec son h\u00e9bergement h\u00f4telier, ses bureaux et surtout sa halle gourmande de 1 300 m2. <b>De son c\u00f4t\u00e9, le lot H, \u00ab l\u2019Avansc\u00e8ne \u00bb, comportera 127 logements dans 3 b\u00e2timents (deux de 17 \u00e9tages et un de 9 \u00e9tages), un local d\u2019activit\u00e9 et un parking-silo de 250 places sur 4 niveaux<\/b>. Livraison pr\u00e9vue \u00e0 la fin du 1er trimestre 2026. Enfin, \u00ab Les Arbres habit\u00e9s \u00bb du lot J, livreront leurs 107 logements et leur local d\u2019activit\u00e9 courant 2027.<\/p>\n<p>                <a href=\"https:\/\/pokaa.fr\/2023\/09\/04\/archipel-2-4-grands-projets-vont-transformer-le-quartier-wacken-a-strasbourg\/\" rel=\"nofollow noopener\" target=\"_blank\"><br \/>\n                    <img width=\"450\" height=\"270\" src=\"https:\/\/www.europesays.com\/fr\/wp-content\/uploads\/2025\/07\/capture-decran-2023-09-02-a-144928-450x270.png\" class=\"attachment-card-horizontal--same-subject size-card-horizontal--same-subject wp-post-image\" alt=\"immeuble archipel 2\" decoding=\"async\" loading=\"lazy\"\/>                <\/a><\/p>\n<p>                <img width=\"667\" height=\"500\" src=\"https:\/\/www.europesays.com\/fr\/wp-content\/uploads\/2025\/07\/img-9993-grande-667x500.jpeg\" class=\"attachment-gallery size-gallery\" alt=\"archipel 2\" data-full-url=\"https:\/\/pokaa.fr\/wp-content\/uploads\/2025\/07\/15\/img-9993-grande.jpeg\" decoding=\"async\" loading=\"lazy\"  \/>            <\/p>\n<p>                <img width=\"667\" height=\"500\" src=\"https:\/\/www.europesays.com\/fr\/wp-content\/uploads\/2025\/07\/img-9994-grande-667x500.jpeg\" class=\"attachment-gallery size-gallery\" alt=\"archipel 2\" data-full-url=\"https:\/\/pokaa.fr\/wp-content\/uploads\/2025\/07\/15\/img-9994-grande.jpeg\" decoding=\"async\" loading=\"lazy\"  \/>            <\/p>\n<p>                <img width=\"667\" height=\"500\" src=\"https:\/\/www.europesays.com\/fr\/wp-content\/uploads\/2025\/07\/img-0002-grande-667x500.jpeg\" class=\"attachment-gallery size-gallery\" alt=\"archipel 2\" data-full-url=\"https:\/\/pokaa.fr\/wp-content\/uploads\/2025\/07\/15\/img-0002-grande.jpeg\" decoding=\"async\" loading=\"lazy\"  \/>            <\/p>\n<p>                    \u00a9 Nicolas Kaspar \/ Pokaa<\/p>\n<p>Si le reste des constructions sortira de terre \u00e0 partir de 2028, l\u2019autre partie du quartier Archipel 2 continue elle aussi de grandir. <b>R\u00e9sultat d\u2019un AMI (appel \u00e0 manifestation d\u2019int\u00e9r\u00eat) pour 24 000 m2 de logements et d\u2019activit\u00e9s, elle y d\u00e9veloppera un grand nombre de projets<\/b>, comme un tiers-lieu solidaire g\u00e9r\u00e9 par Creative Vintage, la Conciergerie solidaire et Hop\u2019la, un tiers-lieu europ\u00e9en et un caf\u00e9, une r\u00e9sidence \u00e9tudiante, un h\u00f4tel d\u2019insertion r\u00e9serv\u00e9 aux femmes, des h\u00e9bergements d\u00e9di\u00e9s aux femmes en processus d\u2019autonomisation, des r\u00e9sidences d\u2019artistes et m\u00eame 3 logements r\u00e9serv\u00e9s \u00e0 des personnes pr\u00e9sentant des troubles autistiques et \u00e0 des jeunes en situation de rupture familiale. <strong>Archipel 2 n\u2019a pas fini de grandir.<\/strong><\/p>\n<p>                <a href=\"https:\/\/pokaa.fr\/2024\/03\/12\/archipel-2-les-nouveautes-dun-grand-projet-qui-va-transformer-strasbourg\/\" rel=\"nofollow noopener\" target=\"_blank\"><br \/>\n                    <img width=\"450\" height=\"270\" src=\"https:\/\/www.europesays.com\/fr\/wp-content\/uploads\/2025\/07\/architecture-logements-habitat-strasbourg-archipel-lieux-fauves-scaled-1-450x270.jpg\" class=\"attachment-card-horizontal--same-subject size-card-horizontal--same-subject wp-post-image\" alt=\"archipel 2 wacken\" decoding=\"async\" loading=\"lazy\"\/>                <\/a><\/p>\n<p>    <img width=\"800\" height=\"600\" src=\"https:\/\/www.europesays.com\/fr\/wp-content\/uploads\/2025\/07\/img-0013-grande-800x600.jpeg\" class=\"attachment-image-size-L size-image-size-L\" alt=\"archipel 2\" decoding=\"async\" loading=\"lazy\"  \/>         \u00a9 Nicolas Kaspar \/ Pokaa <\/p>\n","protected":false},"excerpt":{"rendered":"Grand projet urbain dans le quartier du Wacken, Archipel 2 continue de sortir de terre, immeuble apr\u00e8s immeuble.&hellip;\n","protected":false},"author":2,"featured_media":252680,"comment_status":"","ping_status":"","sticky":false,"template":"","format":"standard","meta":{"footnotes":""},"categories":[2820],"tags":[1111,11,39300,1777,674,1011,27,775,12,25,640,17404],"class_list":{"0":"post-252679","1":"post","2":"type-post","3":"status-publish","4":"format-standard","5":"has-post-thumbnail","7":"category-strasbourg","8":"tag-actu","9":"tag-actualites","10":"tag-archipel-2","11":"tag-eu","12":"tag-europe","13":"tag-fr","14":"tag-france","15":"tag-grand-est","16":"tag-news","17":"tag-republique-francaise","18":"tag-strasbourg","19":"tag-wacken"},"share_on_mastodon":{"url":"https:\/\/pubeurope.com\/@fr\/114865940407381419","error":""},"_links":{"self":[{"href":"https:\/\/www.europesays.com\/fr\/wp-json\/wp\/v2\/posts\/252679","targetHints":{"allow":["GET"]}}],"collection":[{"href":"https:\/\/www.europesays.com\/fr\/wp-json\/wp\/v2\/posts"}],"about":[{"href":"https:\/\/www.europesays.com\/fr\/wp-json\/wp\/v2\/types\/post"}],"author":[{"embeddable":true,"href":"https:\/\/www.europesays.com\/fr\/wp-json\/wp\/v2\/users\/2"}],"replies":[{"embeddable":true,"href":"https:\/\/www.europesays.com\/fr\/wp-json\/wp\/v2\/comments?post=252679"}],"version-history":[{"count":0,"href":"https:\/\/www.europesays.com\/fr\/wp-json\/wp\/v2\/posts\/252679\/revisions"}],"wp:featuredmedia":[{"embeddable":true,"href":"https:\/\/www.europesays.com\/fr\/wp-json\/wp\/v2\/media\/252680"}],"wp:attachment":[{"href":"https:\/\/www.europesays.com\/fr\/wp-json\/wp\/v2\/media?parent=252679"}],"wp:term":[{"taxonomy":"category","embeddable":true,"href":"https:\/\/www.europesays.com\/fr\/wp-json\/wp\/v2\/categories?post=252679"},{"taxonomy":"post_tag","embeddable":true,"href":"https:\/\/www.europesays.com\/fr\/wp-json\/wp\/v2\/tags?post=252679"}],"curies":[{"name":"wp","href":"https:\/\/api.w.org\/{rel}","templated":true}]}}