{"id":252683,"date":"2025-07-17T01:19:15","date_gmt":"2025-07-17T01:19:15","guid":{"rendered":"https:\/\/www.europesays.com\/fr\/252683\/"},"modified":"2025-07-17T01:19:15","modified_gmt":"2025-07-17T01:19:15","slug":"nice-appel-aux-dons-pour-restaurer-un-joyau-scientifique-et-architectural","status":"publish","type":"post","link":"https:\/\/www.europesays.com\/fr\/252683\/","title":{"rendered":"Nice : appel aux dons pour restaurer un joyau scientifique et architectural"},"content":{"rendered":"<p>                    <img loading=\"lazy\" decoding=\"async\" src=\"https:\/\/www.europesays.com\/fr\/wp-content\/uploads\/2025\/07\/17c460708163423480bf22af1e88d1.png\" class=\"img-responsive post-image\" width=\"680\" height=\"510\" alt=\"Nice : appel aux dons (\u2026)\" title=\"Nice : appel aux dons pour restaurer un joyau scientifique et architectural\"\/><\/p>\n<p class=\"chapo\">L\u2019Observatoire de la C\u00f4te d\u2019Azur et la Fondation du patrimoine lancent officiellement aujourd\u2019hui un appel aux dons pour la restauration du Pavillon Henri Chr\u00e9tien, l\u2019un des b\u00e2timents embl\u00e9matiques du site du Mont-Gros. Cet \u00e9difice historique, construit entre 1883 et 1887 par les c\u00e9l\u00e8bres Charles Garnier et Gustave Eiffel, fait partie du prestigieux patrimoine scientifique et architectural de la ville.<\/p>\n<p><strong>V\u00e9ritable t\u00e9moin de la recherche astronomique fran\u00e7aise, le pavillon abrite encore aujourd\u2019hui des chercheurs et une biblioth\u00e8que scientifique rare<\/strong>. Sa fa\u00e7ade, visible depuis la ville de Nice, est orn\u00e9e d\u2019une frise en mosa\u00efque repr\u00e9sentant les all\u00e9gories du Jour et de la Nuit, encadr\u00e9e des noms des illustres savants Laplace, Arago et Le Verrier. Malheureusement, cette fa\u00e7ade est aujourd\u2019hui gravement endommag\u00e9e\u00a0: plus de 60\u00a0% de la mosa\u00efque est d\u00e9coll\u00e9e et de nombreuses sculptures sont fissur\u00e9es.<\/p>\n<p>Acteur du pr\u00e9sent scientifique<\/p>\n<p><strong>Face \u00e0 l\u2019urgence de la situation, une vaste campagne de m\u00e9c\u00e9nat est engag\u00e9e<\/strong><\/p>\n<p>L\u2019objectif de la collecte s\u2019\u00e9l\u00e8ve \u00e0 25 000 euros pour les particuliers et 300 000 euros pour les entreprises. Les fonds permettront d\u2019entreprendre une restauration compl\u00e8te de la fa\u00e7ade et de la frise, m\u00ealant travaux sur site et interventions en atelier.<br class=\"autobr\"\/><br \/>\n\u00ab\u00a0Ce b\u00e2timent n\u2019est pas seulement un vestige du pass\u00e9, il est un acteur du pr\u00e9sent scientifique\u00a0\u00bb, rappelle l\u2019Observatoire. En plus de ses fonctions de recherche, le Pavillon Henri Chr\u00e9tien joue un r\u00f4le cl\u00e9 dans la m\u00e9diation scientifique aupr\u00e8s des scolaires, du grand public et des publics \u00e9loign\u00e9s de la culture.<\/p>\n<p>Chacun peut contribuer \u00e0 la sauvegarde de ce patrimoine d\u2019exception en effectuant un don en ligne sur\u00a0: <a href=\"http:\/\/www.fondation-patrimoine.org\/61098\" class=\"spip_out\" rel=\"external nofollow noopener\" target=\"_blank\">www.fondation-patrimoine.org\/61098<\/a> ou par ch\u00e8que adress\u00e9 \u00e0 la Fondation du patrimoine.<br class=\"autobr\"\/><\/p>\n<p>Soutenir ce projet, c\u2019est participer \u00e0 la pr\u00e9servation de l\u2019histoire de la science et de l\u2019art pour les g\u00e9n\u00e9rations futures.<\/p>\n<p>Photo de Une\u00a0: Pavillon Henri Chr\u00e9tien\u00a9 Observatoire de la C\u00f4te d\u2019Azur<\/p>\n","protected":false},"excerpt":{"rendered":"L\u2019Observatoire de la C\u00f4te d\u2019Azur et la Fondation du patrimoine lancent officiellement aujourd\u2019hui un appel aux dons pour&hellip;\n","protected":false},"author":2,"featured_media":252684,"comment_status":"","ping_status":"","sticky":false,"template":"","format":"standard","meta":{"footnotes":""},"categories":[2819],"tags":[1111,11,2408,1777,674,1011,27,12,2401,882,25],"class_list":{"0":"post-252683","1":"post","2":"type-post","3":"status-publish","4":"format-standard","5":"has-post-thumbnail","7":"category-nice","8":"tag-actu","9":"tag-actualites","10":"tag-appels-d","11":"tag-eu","12":"tag-europe","13":"tag-fr","14":"tag-france","15":"tag-news","16":"tag-nice","17":"tag-provence-alpes-cote-dazur","18":"tag-republique-francaise"},"share_on_mastodon":{"url":"https:\/\/pubeurope.com\/@fr\/114865947627442748","error":""},"_links":{"self":[{"href":"https:\/\/www.europesays.com\/fr\/wp-json\/wp\/v2\/posts\/252683","targetHints":{"allow":["GET"]}}],"collection":[{"href":"https:\/\/www.europesays.com\/fr\/wp-json\/wp\/v2\/posts"}],"about":[{"href":"https:\/\/www.europesays.com\/fr\/wp-json\/wp\/v2\/types\/post"}],"author":[{"embeddable":true,"href":"https:\/\/www.europesays.com\/fr\/wp-json\/wp\/v2\/users\/2"}],"replies":[{"embeddable":true,"href":"https:\/\/www.europesays.com\/fr\/wp-json\/wp\/v2\/comments?post=252683"}],"version-history":[{"count":0,"href":"https:\/\/www.europesays.com\/fr\/wp-json\/wp\/v2\/posts\/252683\/revisions"}],"wp:featuredmedia":[{"embeddable":true,"href":"https:\/\/www.europesays.com\/fr\/wp-json\/wp\/v2\/media\/252684"}],"wp:attachment":[{"href":"https:\/\/www.europesays.com\/fr\/wp-json\/wp\/v2\/media?parent=252683"}],"wp:term":[{"taxonomy":"category","embeddable":true,"href":"https:\/\/www.europesays.com\/fr\/wp-json\/wp\/v2\/categories?post=252683"},{"taxonomy":"post_tag","embeddable":true,"href":"https:\/\/www.europesays.com\/fr\/wp-json\/wp\/v2\/tags?post=252683"}],"curies":[{"name":"wp","href":"https:\/\/api.w.org\/{rel}","templated":true}]}}