{"id":252703,"date":"2025-07-17T01:30:12","date_gmt":"2025-07-17T01:30:12","guid":{"rendered":"https:\/\/www.europesays.com\/fr\/252703\/"},"modified":"2025-07-17T01:30:12","modified_gmt":"2025-07-17T01:30:12","slug":"des-diners-sous-les-etoiles-entre-vignes-et-paysages-dexception","status":"publish","type":"post","link":"https:\/\/www.europesays.com\/fr\/252703\/","title":{"rendered":"des d\u00eeners sous les \u00e9toiles entre vignes et paysages d\u2019exception"},"content":{"rendered":"\n<p>\u00ab Que c\u2019est beau\u00a0!\u00a0\u00bb est sans doute la phrase la plus entendue, assortie d\u2019un large sourire lors de l\u2019arriv\u00e9e des invit\u00e9s \u00e0 un d\u00eener. Au programme, une longue et \u00e9troite table \u00e9ph\u00e9m\u00e8re pour 120\u00a0convives, dress\u00e9e \u00e0 ciel ouvert, un chef inspir\u00e9, \u00e9toil\u00e9, bistrotier ou aventurier pour un menu imagin\u00e9 pour sublimer le territoire. Alpilles, Sainte-Victoire, Garlaban, Camargue ou terres rouges de Vitrolles, sont quelques-unes <a rel=\"nofollow noopener noreferrer\" href=\"https:\/\/mpgastronomie.fr\/evenements\/les-diners-insolites-2025\/\" target=\"_blank\">des dates de cette ann\u00e9e.<\/a> Deux D\u00eeners restent encore accessibles le 21 et 24\u00a0juillet. Le premier est \u00e0 Arles, au Domaine de Beaujeu qui s\u2019\u00e9tend sur 300\u00a0hectares o\u00f9 vignes, rizi\u00e8res, prairies et bois. La chef Danielle Barbosa est br\u00e9silienne au parcours atypique. Elle remporte l\u2019\u00e9dition br\u00e9silienne de Masterchef en 2020. En 2025, elle tient les r\u00eanes de Bubo \u00e0 Marseille. Le second est au domaine du capitaine d\u2019Anjou \u00e0 Puyloubier. Ce lieu unique, \u00e0 la fois vignoble d\u2019exception, terre d\u2019oliviers mais aussi de c\u00e9r\u00e9ales ou d\u2019aulx, est propri\u00e9t\u00e9 de la L\u00e9gion \u00e9trang\u00e8re depuis 1953. C\u2019est aussi et surtout un lieu de repos et de reconstruction pour les anciens l\u00e9gionnaires. Insolite, on a dit. Le chef C\u00e9dric Aubert, enfant de la Sainte-Victoire, a ouvert en 2016, La Place \u00e0 Puyloubier.<\/p>\n","protected":false},"excerpt":{"rendered":"\u00ab Que c\u2019est beau\u00a0!\u00a0\u00bb est sans doute la phrase la plus entendue, assortie d\u2019un large sourire lors de&hellip;\n","protected":false},"author":2,"featured_media":252704,"comment_status":"","ping_status":"","sticky":false,"template":"","format":"standard","meta":{"footnotes":""},"categories":[2814],"tags":[1111,11,1777,674,1011,27,884,39301,12,882,25],"class_list":{"0":"post-252703","1":"post","2":"type-post","3":"status-publish","4":"format-standard","5":"has-post-thumbnail","7":"category-marseille","8":"tag-actu","9":"tag-actualites","10":"tag-eu","11":"tag-europe","12":"tag-fr","13":"tag-france","14":"tag-marseille","15":"tag-masterchef","16":"tag-news","17":"tag-provence-alpes-cote-dazur","18":"tag-republique-francaise"},"share_on_mastodon":{"url":"https:\/\/pubeurope.com\/@fr\/114865990806522349","error":""},"_links":{"self":[{"href":"https:\/\/www.europesays.com\/fr\/wp-json\/wp\/v2\/posts\/252703","targetHints":{"allow":["GET"]}}],"collection":[{"href":"https:\/\/www.europesays.com\/fr\/wp-json\/wp\/v2\/posts"}],"about":[{"href":"https:\/\/www.europesays.com\/fr\/wp-json\/wp\/v2\/types\/post"}],"author":[{"embeddable":true,"href":"https:\/\/www.europesays.com\/fr\/wp-json\/wp\/v2\/users\/2"}],"replies":[{"embeddable":true,"href":"https:\/\/www.europesays.com\/fr\/wp-json\/wp\/v2\/comments?post=252703"}],"version-history":[{"count":0,"href":"https:\/\/www.europesays.com\/fr\/wp-json\/wp\/v2\/posts\/252703\/revisions"}],"wp:featuredmedia":[{"embeddable":true,"href":"https:\/\/www.europesays.com\/fr\/wp-json\/wp\/v2\/media\/252704"}],"wp:attachment":[{"href":"https:\/\/www.europesays.com\/fr\/wp-json\/wp\/v2\/media?parent=252703"}],"wp:term":[{"taxonomy":"category","embeddable":true,"href":"https:\/\/www.europesays.com\/fr\/wp-json\/wp\/v2\/categories?post=252703"},{"taxonomy":"post_tag","embeddable":true,"href":"https:\/\/www.europesays.com\/fr\/wp-json\/wp\/v2\/tags?post=252703"}],"curies":[{"name":"wp","href":"https:\/\/api.w.org\/{rel}","templated":true}]}}