{"id":252714,"date":"2025-07-17T01:37:34","date_gmt":"2025-07-17T01:37:34","guid":{"rendered":"https:\/\/www.europesays.com\/fr\/252714\/"},"modified":"2025-07-17T01:37:34","modified_gmt":"2025-07-17T01:37:34","slug":"les-spectacles-de-lete-sur-les-scenes-parisiennes","status":"publish","type":"post","link":"https:\/\/www.europesays.com\/fr\/252714\/","title":{"rendered":"Les spectacles de l&rsquo;\u00e9t\u00e9 sur les sc\u00e8nes parisiennes !"},"content":{"rendered":"<p><strong>L\u2019\u00e9t\u00e9 est l\u00e0, vous profitez de la capitale un peu au ralenti, de ses terrasses et parcs, des cin\u00e9s en plein air mais n\u2019oubliez pas les salles qui restent ouvertes pour vous divertir\u2026\u00a0 Aujourd\u2019hui, c\u2019est le spectacle vivant qui nous int\u00e9resse et nous vous avons programm\u00e9 une s\u00e9lection de pi\u00e8ces \u00e0 voir absolument entre amis ou en famille !<\/strong><\/p>\n<p><strong>\u2013 Les Gros Patinent Bien de Olivier Martin-Salvan et Pierre Guillois<\/strong><br \/>La P\u00e9pini\u00e8re Th\u00e9\u00e2tre \u2013 7 rue Louis le Grand, 75002 Paris<br \/>Jusqu\u2019au 31 juillet \u2013 <a style=\"color: #3366ff; text-decoration: underline;\" href=\"https:\/\/indiv.themisweb.fr\/0036\/fChoixSeanceWidget.aspx?idstructure=0036&amp;EventId=237&amp;request=QcE+w0WHSuAU4cpKYUFSGpyAk+9jjn8bjZjQJ8cAL8wsCVkM19rEirQjrsDfM08Y6zcVS5THGAg3pHh586UkVw==\" target=\"_blank\" rel=\"noopener\">R\u00e9servez ici<\/a> \u2013 <a style=\"color: #3366ff; text-decoration: underline;\" href=\"https:\/\/www.youtube.com\/watch?v=KinmrKYZZCQ&amp;t=20s\" target=\"_blank\" rel=\"noopener\">Bande annonce<\/a><\/p>\n<p>Apr\u00e8s\u00a0Bigre, Moli\u00e8re de la Com\u00e9die 2017, Pierre Guillois et Olivier Martin-Salvan vous invitent \u00e0 un voyage imaginaire, fusion des d\u00e9lires d\u2019un cabaret de \u201d cartoons \u201d et d\u2019une \u00e9pop\u00e9e shakespearienne. Cette\u00a0 aventure rocambolesque, d\u00e9ploy\u00e9e \u00e0 force d\u2019astuces et de gags, est une explosion d\u2019id\u00e9es g\u00e9niales et farfelues. Pl\u00e9biscit\u00e9 depuis sa cr\u00e9ation en 2020, le spectacle est r\u00e9compens\u00e9 en 2022 du MOLI\u00c8RE\u00a0 du meilleur spectacle de th\u00e9\u00e2tre public.<\/p>\n<p><img loading=\"lazy\" decoding=\"async\" class=\"wp-image-366425 aligncenter\" src=\"https:\/\/www.europesays.com\/fr\/wp-content\/uploads\/2025\/07\/les_gros_patinent_bien_2_aff_big.png\" alt=\"\" width=\"280\" height=\"416\"  \/><\/p>\n<p><strong>\u2013 Madame Arthur en bikini !<\/strong><br \/>Madame Arthur \u2013 75 rue des Martyrs 75018 Paris<br \/>Jusqu\u2019au 23 ao\u00fbt 2025 \u2013 <a style=\"color: #3366ff; text-decoration: underline;\" href=\"https:\/\/madamearthur.fr\/\" target=\"_blank\" rel=\"noopener\">R\u00e9servez ici<\/a><\/p>\n<p>Cet \u00e9t\u00e9, les cr\u00e9atures enfilent leur plus beau bikini pour vous offrir un show estival par semaine, du jeudi au samedi \u00e0 22h ! Au menu : tours de chant et cocktail des meilleurs titres de nos artistes, le tout saupoudr\u00e9 d\u2019impertinence, rires et extravagance.<\/p>\n<p><img loading=\"lazy\" decoding=\"async\" class=\"aligncenter wp-image-366426\" src=\"https:\/\/www.europesays.com\/fr\/wp-content\/uploads\/2025\/07\/513979145_1286445869758623_8756888696542646084_n.jpg\" alt=\"\" width=\"280\" height=\"350\"  \/><\/p>\n<p><strong>\u2013 ADN de Caroline Ami et Flavie P\u00e9an<\/strong><br \/>Th\u00e9\u00e2tre Michel \u2013 38, rue des Mathurins 75008 Paris<br \/>Jusqu\u2019au 30 ao\u00fbt 2025 \u2013 <a style=\"color: #3366ff; text-decoration: underline;\" href=\"https:\/\/www.theatre-michel.fr\/Spectacles\/adn\/\" target=\"_blank\" rel=\"noopener\">R\u00e9servez ici<\/a> \u2013 <a style=\"color: #3366ff; text-decoration: underline;\" href=\"https:\/\/www.youtube.com\/watch?v=M-Vqf0VY39I\" target=\"_blank\" rel=\"noopener\">Bande annonce<\/a><\/p>\n<p>\u00c0 la suite d\u2019un test ADN, Tomas d\u00e9couvre qu\u2019il n\u2019est pas le p\u00e8re de son b\u00e9b\u00e9 \u2013 mais son oncle. Seulement, \u00e0 sa connaissance, il n\u2019a pas de fr\u00e8re. Le jour o\u00f9 sa m\u00e8re est pr\u00eate \u00e0 lui faire des r\u00e9v\u00e9lations, Tomas la retrouve assassin\u00e9e.<br \/>Un thriller tir\u00e9 de faits r\u00e9els<\/p>\n<p><img loading=\"lazy\" decoding=\"async\" class=\"wp-image-366427 aligncenter\" src=\"https:\/\/www.europesays.com\/fr\/wp-content\/uploads\/2025\/07\/ADN-Michel-2025-40x60-MAI-WEB.jpg\" alt=\"\" width=\"280\" height=\"420\"  \/><\/p>\n<p><strong>\u2013 M\u00e9moire(s) de l\u2019Olympia de Tito Cl\u00e9ment<\/strong><br \/>Le Funambule Montmartre \u2013 53 rue des Saules, 75018 Paris<br \/>Jusqu\u2019au 31 ao\u00fbt 2025 \u2013 <a style=\"color: #3366ff; text-decoration: underline;\" href=\"https:\/\/www.funambule-montmartre.com\/memoires-de-l-olympia\" target=\"_blank\" rel=\"noopener\">R\u00e9servez ici<\/a> \u2013 <a style=\"color: #3366ff; text-decoration: underline;\" href=\"https:\/\/www.youtube.com\/watch?v=HZK7jpGufhg\" target=\"_blank\" rel=\"noopener\">Bande annonce<\/a><\/p>\n<p>Le mythe de l\u2019Olympia d\u00e9voil\u00e9 en anecdotes et en chansons !<br \/>En ce jeudi 13 novembre 1997, on inaugure le \u201cnouvel Olympia\u201d apr\u00e8s 7 mois de travaux. Cependant, la servante a disparu. Cette lumi\u00e8re sur pied qui reste allum\u00e9e et veille sur la salle lorsqu\u2019elle est d\u00e9sert\u00e9e. Depuis son atelier dans le sous-sol, Stanislas, l\u2019agent de maintenance depuis 1954, t\u00e9moin de l\u2019ombre, entreprend d\u2019en fabriquer une nouvelle. Tout en confectionnant l\u2019objet symbolique, il lui transmet l\u2019histoire de l\u2019Olympia en revivant ses grandes heures.<\/p>\n<p><img loading=\"lazy\" decoding=\"async\" class=\"wp-image-366428 aligncenter\" src=\"https:\/\/www.europesays.com\/fr\/wp-content\/uploads\/2025\/07\/0x1200x73350-or.jpg\" alt=\"memoire(s)-olympia-affiche-funambule\" width=\"280\" height=\"396\"  \/><\/p>\n<p><strong>\u2013 Passeport d\u2019Alexis Michalik<br \/><\/strong>Th\u00e9\u00e2tre de la Renaissance \u2013 20, boulevard Saint Martin 75010 Paris<br \/>Jusqu\u2019au 30 ao\u00fbt 2025 \u2013 <a style=\"color: #3366ff; text-decoration: underline;\" href=\"https:\/\/billetterie-theatredelarenaissance.tickandlive.com\/evenement\/passeport\" target=\"_blank\" rel=\"noopener\">R\u00e9servez ici<\/a> \u2013 <a style=\"color: #3366ff; text-decoration: underline;\" href=\"https:\/\/www.youtube.com\/watch?v=RL4818jvp8Y\" target=\"_blank\" rel=\"noopener\">Bande annonce<\/a><strong><br \/><\/strong><\/p>\n<p>Issa, jeune \u00c9rythr\u00e9en laiss\u00e9 pour mort dans la \u00ab jungle \u00bb de Calais, a perdu la m\u00e9moire. Alors que le seul \u00e9l\u00e9ment tangible de son pass\u00e9 est son passeport, il entame une longue qu\u00eate sem\u00e9e d\u2019emb\u00fbches afin d\u2019obtenir un titre de s\u00e9jour, entour\u00e9 de compagnons d\u2019infortune.<\/p>\n<p><img loading=\"lazy\" decoding=\"async\" class=\"wp-image-366430 aligncenter\" src=\"https:\/\/www.europesays.com\/fr\/wp-content\/uploads\/2025\/07\/passeport-michalik-renaissance-affiche.jpg\" alt=\"passeport-michalik-renaissance-affiche\" width=\"280\" height=\"420\"  \/><\/p>\n<p><strong>\u2013 L\u2019affaire Corneille \u2013 Moli\u00e8re de Marc Tourneboeuf<\/strong><br \/>Com\u00e9die Bastille \u2013 5, rue Nicolas Appert 75011 Paris<br \/>Jusqu\u2019au 31 ao\u00fbt 2025 \u2013 <a style=\"color: #3366ff; text-decoration: underline;\" href=\"https:\/\/comedie-bastille-billetterie.tickandlive.com\/evenement\/laffaire-corneille-moliere?idwl=1\" target=\"_blank\" rel=\"noopener\">R\u00e9servez ici<\/a> \u2013 <a style=\"color: #3366ff; text-decoration: underline;\" href=\"https:\/\/www.youtube.com\/watch?v=zhRfORStw9c\" target=\"_blank\" rel=\"noopener\">Bande annonce<\/a><\/p>\n<p>En avril 1968,\u00a0Henry Marais, un professeur de la Sorbonne, \u00e9voque cette th\u00e9orie selon laquelle\u00a0Corneille\u00a0aurait \u00e9crit les pi\u00e8ces de\u00a0Moli\u00e8re\u00a0:\u00a0L\u2019Affaire Corneille \u2013 Moli\u00e8re.<br \/>Intrigu\u00e9s par ce myst\u00e8re non encore \u00e9lucid\u00e9, trois \u00e9tudiants,\u00a0Ala\u00efa, Arthur\u00a0et\u00a0Avrell, d\u00e9cident de d\u00e9couvrir la v\u00e9rit\u00e9. L\u2019enqu\u00eate commence dans un Paris o\u00f9 fr\u00e9mit la r\u00e9volte, mais les trois amis n\u2019avancent pas ! Tous les \u00e9l\u00e9ments trouvent un contre-argument, on tente de les d\u00e9courager, de les dissuader\u2026 jusqu\u2019au moment o\u00f9 une question se pose \u2026<br \/>Et si quelqu\u2019un ne voulait pas que l\u2019on sache ?<\/p>\n<p><img loading=\"lazy\" decoding=\"async\" class=\"wp-image-366429 aligncenter\" src=\"https:\/\/www.europesays.com\/fr\/wp-content\/uploads\/2025\/07\/0x1200x72371-or.jpg\" alt=\"affaire corneille moli\u00e8re-com\u00e9die bastille-affiche\" width=\"280\" height=\"395\"  \/><\/p>\n<p><strong>\u2013 La \u201cSaison\u201d du Th\u00e9\u00e2tre de Verdure<\/strong><br \/>Th\u00e9\u00e2tre de Verdure \u2013 All\u00e9e de la Reine Marguerite, Route de Suresnes Le Pr\u00e9 Catelan \u2013 Bois de Boulogne 75016 Paris<br \/>Jusqu\u2019au 28 septembre 2025 \u2013 <a style=\"color: #3366ff; text-decoration: underline;\" href=\"https:\/\/letheatredeverdure.com\/\" target=\"_blank\" rel=\"noopener\">R\u00e9servez ici<\/a><\/p>\n<p>Pendant tout l\u2019\u00e9t\u00e9, venez d\u00e9couvrir ou red\u00e9couvrir un lieu unique \u00e0 Paris et en \u00cele-de-France\u202f: \u202f: le Th\u00e9\u00e2tre de Verdure du Jardin Shakespeare.<br \/>Au c\u0153ur du Bois de Boulogne, dans un \u00e9crin v\u00e9g\u00e9tal qui allie art et nature, venez \u00e0 la rencontre d\u2019un th\u00e9\u00e2tre en plein air ouvert \u00e0 toutes et \u00e0 tous, m\u00ealant th\u00e9\u00e2tre, musique, danse, lectures, soir\u00e9es, transmission, rencontres\u2026<br \/>Une saison artististique \u00e9co-responsable, joyeuse et conviviale, pour les petits comme pour les grands dans un lieu magique et enchanteur.<\/p>\n<p><img loading=\"lazy\" decoding=\"async\" class=\"wp-image-366433 aligncenter\" src=\"https:\/\/www.europesays.com\/fr\/wp-content\/uploads\/2025\/07\/theatre-verdure-la-saison-ete-2025-affiche.jpg\" alt=\"\" width=\"280\" height=\"421\"  \/><\/p>\n<p><strong>\u2013 Le Point Virgule f\u00eate 50 ans d\u2019humour<\/strong><br \/>Le Point Virgule \u2013 7 Rue Sainte-Croix de la Bretonnerie, 75004 Paris<br \/>Jusqu\u2019au 29 septembre \u2013\u00a0<a style=\"color: #3366ff; text-decoration: underline;\" href=\"https:\/\/www.lepointvirgule.com\/event-pro\/50-ans-dhistoire-ca-se-fete-pleinement\/\" target=\"_blank\" rel=\"noopener\">R\u00e9servez ici<\/a><\/p>\n<p>L\u2019aventure du caf\u00e9-th\u00e9\u00e2tre commence en 1975 avec La Veuve Pichard cr\u00e9\u00e9e par Martin Lamotte, An\u00e9mone, G\u00e9rard Lanvin\u2026 avant d\u2019\u00eatre repris et renomm\u00e9 Le Point Virgule par Christian Varini et Marie Caroline Burnat. En 2005, Jean Marc Dumontet reprend la direction. Une sc\u00e8ne qui s\u2019est impos\u00e9e comme\u00a0incontournable, r\u00e9v\u00e9lant de nombreux talents devenus aujourd\u2019hui des figures majeures de la sc\u00e8ne humoristique. Un lieu que les artistes n\u2019oublient pas, c\u2019est le souvenir de leur d\u00e9but, presque comme un premier amour.<br \/>Au fil du temps, Le Point Virgule est devenu une marque dans toute la France gr\u00e2ce \u00e0 tous les artistes et au public toujours plus nombreux.<br \/>Pour cette ann\u00e9e qui marque son histoire, la plus petite des grandes salles parisiennes vous propose une folle programmation avec les artistes de toutes les g\u00e9n\u00e9rations qui ont marqu\u00e9 son histoire et la nouvelle g\u00e9n\u00e9ration grandissante !<\/p>\n<p><img loading=\"lazy\" decoding=\"async\" class=\"aligncenter wp-image-361043\" src=\"https:\/\/www.europesays.com\/fr\/wp-content\/uploads\/2025\/07\/AFFICHE-40x60-PV50-def-scaled-4154214428.jpg\" alt=\"Le Point Virgule - 50 ans d'humour\" width=\"280\" height=\"420\"  \/><\/p>\n<p><strong>\u2013 Big Mother de M\u00e9lody Mourey<\/strong><br \/>Th\u00e9\u00e2tre des B\u00e9liers Parisiens \u2013 14 bis, rue Sainte Isaure, 75018 Paris<br \/>Jusqu\u2019au 30 septembre \u2013 <a style=\"color: #3366ff; text-decoration: underline;\" href=\"https:\/\/www.vostickets.fr\/Billet\/FR\/catalogue-BELIERS_PARISIENS.wb?REFID=1qkTAAAAAAABAA\" target=\"_blank\" rel=\"noopener\">R\u00e9servez ici<\/a> \u2013 <a style=\"color: #3366ff; text-decoration: underline;\" href=\"https:\/\/www.youtube.com\/watch?v=sD_1MDw5RzE\" target=\"_blank\" rel=\"noopener\">Bande annonce<\/a><\/p>\n<p>Alors qu\u2019un scandale e\u0301clabousse le Pre\u0301sident des \u00c9tats-Unis et agite la re\u0301daction du New York Investigation, la journaliste Julia Robinson voit sa vie vaciller dans la salle d\u2019audience d\u2019un tribunal quand elle croit reconnai\u0302tre sur le banc des accuse\u0301s son compagnon mort quatre ans auparavant. Son enque\u0302te pour e\u0301lucider ce myste\u0300re croise celle de son e\u0301quipe, et la petite cellule du New York Investigation se retrouve confronte\u0301e a\u0300 un programme de manipulation de masse d\u2019une ampleur ine\u0301dite. Ensemble, malgre\u0301 leurs diffe\u0301rends, ils vont devoir mettre a\u0300 jour le plus gros scandale depuis l\u2019affaire du Watergate.<\/p>\n<p><img loading=\"lazy\" decoding=\"async\" class=\"aligncenter wp-image-366434 \" src=\"https:\/\/www.europesays.com\/fr\/wp-content\/uploads\/2025\/07\/telechargement-1-1.jpeg\" alt=\"big mother-b\u00e9liers parisiens-affiche\" width=\"280\" height=\"420\"  \/><\/p>\n<p><strong>\u2013 Oublie-moi, d\u2019apr\u00e8s\u00a0In Other Words\u00a0de Matthew Seager<\/strong><br \/>Mise en sc\u00e8ne et adaptation de Marie-Julie Baup et Thierry Lopez<br \/>Th\u00e9\u00e2tre Actuel La Bruy\u00e8re \u2013 5, rue La Bruy\u00e8re 75009 Paris<br \/>Jusqu\u2019au 30 d\u00e9cembre 2025 \u2013 <a style=\"color: #3366ff; text-decoration: underline;\" href=\"https:\/\/indiv.themisweb.fr\/0008\/fListeManifs.aspx?idstructure=0008\" target=\"_blank\" rel=\"noopener\">R\u00e9servez ici<\/a> \u2013 <a style=\"color: #3366ff; text-decoration: underline;\" href=\"https:\/\/www.youtube.com\/watch?v=RRbOJiZ6A1s\" target=\"_blank\" rel=\"noopener\">Bande annonce<\/a><\/p>\n<p>Une histoire d\u2019amour, il ne faudrait jamais pouvoir l\u2019oublier\u2026<br \/>Il \u00e9tait une fois une histoire d\u2019amour entre Jeanne et Arthur.<br \/>Une histoire parfaite.<br \/>Parfaite jusqu\u2019\u00e0 ce que Jeanne demande \u00e0 Arthur d\u2019aller acheter du lait et un timbre.<br \/>C\u2019\u00e9tait pourtant simple \u00e0 retenir.<br \/>Il \u00e9tait une fois une histoire d\u2019amour qu\u2019Arthur aurait aim\u00e9 ne jamais oublier.<\/p>\n<p><img loading=\"lazy\" decoding=\"async\" class=\"wp-image-366435 aligncenter\" src=\"https:\/\/www.europesays.com\/fr\/wp-content\/uploads\/2025\/07\/oublie-moi-la-bruyere-affiche.jpg\" alt=\"\" width=\"280\" height=\"420\"  \/><\/p>\n<p><strong>Notre s\u00e9lection de spectacles jeune public<\/strong><\/p>\n<p><strong>\u2013 La ma\u00eetresse en maillot de bain de Fabienne Galula<\/strong><br \/>Th\u00e9\u00e2tre Lepic \u2013 1, avenue Junot 75018 Paris<br \/>\u00c0 partir de 8 ans \u2013 Jusqu\u2019au 31 ao\u00fbt 2025 \u2013 <a style=\"color: #3366ff; text-decoration: underline;\" href=\"https:\/\/www.vostickets.fr\/Billet\/FR\/representation-THEATRE_LEPIC-30531-0.wb?REFID=8oIyAAAAAADfAA\" target=\"_blank\" rel=\"noopener\">R\u00e9servez ici<\/a><\/p>\n<p>Bienvenue\u00a0au paradis des gommettes, des doudous et des anti-d\u00e9presseurs\u00a0!\u00a0Mandat\u00e9e par le minist\u00e8re de l\u2019Education Nationale, une jeune psychologue atterrit dans la salle des profs d\u2019une \u00e9cole maternelle. Ce qu\u2019elle va y trouver est loin, tr\u00e8s loin\u00a0de ce qu\u2019elle imaginait\u2026<\/p>\n<p><img loading=\"lazy\" decoding=\"async\" class=\"wp-image-365854 aligncenter\" src=\"https:\/\/www.europesays.com\/fr\/wp-content\/uploads\/2025\/07\/la-maitresse-en-maillot-de-bain.png\" alt=\"\" width=\"280\" height=\"420\"  \/><\/p>\n<p><strong>\u2013 BABEL de Sarah Carr\u00e9<br \/><\/strong>Le Funambule Montmartre \u2013 53 rue des Saules, 75018 Paris<br \/>\u00c0 partir de 4 ans \u2013 Jusqu\u2019au 31 ao\u00fbt 2025 \u2013 <a style=\"color: #3366ff; text-decoration: underline;\" href=\"https:\/\/www.funambule-montmartre.com\/babel\" target=\"_blank\" rel=\"noopener\">R\u00e9servez ici<\/a> \u2013 <a style=\"color: #3366ff; text-decoration: underline;\" href=\"https:\/\/www.youtube.com\/watch?v=CikNA_LuyZ0\" target=\"_blank\" rel=\"noopener\">Bande annonce<\/a><\/p>\n<p dir=\"ltr\">Tohu et Bohu, deux amis, viennent nous raconter l\u2019histoire de la tour de Belba : il y a bien longtemps, des amis d\u00e9cid\u00e8rent de construire une gigantesque tour, o\u00f9 vivre en harmonie.<br \/>Dans la joie, le chantier est lanc\u00e9. Mais il est titanesque et vite, des tensions \u00e9mergent\u2026 Les disputes grandissent et l\u2019\u00e9difice menace de s\u2019effondrer.<br \/>Raconter cette histoire semble aussi compliqu\u00e9 que de b\u00e2tir la tour. Qui aura le dernier mot ? La rivalit\u00e9 pointe\u2026 Tohu et Bobu devront pourtant faire l\u2019un avec l\u2019autre et partager la parole pour raconter la l\u00e9gende de la Tour de Belba.<\/p>\n<p dir=\"ltr\"><img loading=\"lazy\" decoding=\"async\" class=\"aligncenter wp-image-366450 \" src=\"https:\/\/www.europesays.com\/fr\/wp-content\/uploads\/2025\/07\/0x1200x73976-or.jpg\" alt=\"babel-funambule-affiche\" width=\"280\" height=\"396\"  \/><\/p>\n<p><strong>\u2013 Andersen ! de Hans Christian Andersen<br \/><\/strong>Le Lucernaire \u2013 53, rue Notre-Dame des Champs 75006 Paris<br \/>\u00c0 partir de 6 ans \u2013 Jusqu\u2019au 27 juillet 2025 \u2013 <a style=\"color: #3366ff; text-decoration: underline;\" href=\"https:\/\/www.lucernaire.fr\/theatre\/andersen\/\" target=\"_blank\" rel=\"noopener\">R\u00e9servez ici<\/a> \u2013 <a style=\"color: #3366ff; text-decoration: underline;\" href=\"https:\/\/www.youtube.com\/watch?v=E2Ymgv-B5NI\" target=\"_blank\" rel=\"noopener\">Bande annonce<\/a><strong><br \/><\/strong><\/p>\n<p>Aujourd\u2019hui, Hans arrive \u00e0 Copenhague du haut de ses 14 ans, avec une ambition d\u00e9bordante et une lourde histoire familiale pour bagages. Dans sa t\u00eate, son ambition, sa fantaisie et sa raison se battent pour d\u00e9cider des chemins \u00e0 emprunter pour son avenir. Et ces petites voix l\u2019aident, \u00e0 leur mani\u00e8re, avec beaucoup de bonne volont\u00e9, de gaucherie et d\u2019humour, \u00e0 s\u2019\u00e9vader du temps pr\u00e9sent \u00e0 travers de belles histoires. Tant\u00f4t mornes et tristes comme le ciel gris et froid en hiver, tant\u00f4t dr\u00f4les et enfantins comme un petit bonbon sucr\u00e9 pour les petits :\u00a0Andersen !\u00a0raconte le et les contes de sa vie.<\/p>\n<p><img loading=\"lazy\" decoding=\"async\" class=\"wp-image-366449 aligncenter\" src=\"https:\/\/www.europesays.com\/fr\/wp-content\/uploads\/2025\/07\/Capture-decran-2025-02-27-a-15.41.44-640x960-1.png\" alt=\"\" width=\"280\" height=\"420\"  \/><\/p>\n<p><strong>\u2013 Sherlock Holmes et la Myst\u00e9rieuse Association des Hommes roux de Sir Arthur\u00a0Conan Doyle<br \/><\/strong>Th\u00e9\u00e2tre Essa\u00efon \u2013 6, rue Pierre au Lard 75004 Paris<br \/>\u00c0 partir de 6 ans \u2013 Jusqu\u2019au 2 novembre 2025 \u2013 <a style=\"color: #3366ff; text-decoration: underline;\" href=\"https:\/\/www.essaion-theatre.com\/spectacle\/1092_sherlock-holmes-et-la-mysterieuse-association-des-hommes-roux-dapres-conon-doyle.html\" target=\"_blank\" rel=\"noopener\">R\u00e9servez ici<\/a><strong><br \/><\/strong><\/p>\n<p>Le grand d\u00e9tective et sa complice, Jane Watson nous racontent leur enqu\u00eate la plus amusante. Accompagn\u00e9s d\u2019un musicien, ils nous entra\u00eenent dans les recoins de Londres et tentent d\u2019\u00e9lucider cette \u00e9trange \u00e9nigme : quel dangereux criminel se cache derri\u00e8re la myst\u00e9rieuse Association des Hommes roux ?<\/p>\n<p><img loading=\"lazy\" decoding=\"async\" class=\"wp-image-366451 aligncenter\" src=\"https:\/\/www.europesays.com\/fr\/wp-content\/uploads\/2025\/07\/0x1200x71837-or.jpg\" alt=\"\" width=\"280\" height=\"419\"  \/><\/p>\n<p><strong>\u2013 Max et le grand magicien de Maud Delmar<br \/><\/strong>Th\u00e9\u00e2tre La Boussole \u2013 29, rue de Dunkerque 75010 Paris<br \/>\u00c0 partir de 4 ans \u2013 Jusqu\u2019au 31 ao\u00fbt 2025 \u2013 <a style=\"color: #3366ff; text-decoration: underline;\" href=\"https:\/\/www.vostickets.fr\/Billet\/FR\/representation-THEATRE_BOUSSOLE-27001-0.wb?REFID=FNI8AAAAAADLAA\" target=\"_blank\" rel=\"noopener\">R\u00e9servez ici<\/a> \u2013 <a style=\"color: #3366ff; text-decoration: underline;\" href=\"https:\/\/www.youtube.com\/watch?v=iybfoQk60Ss\" target=\"_blank\" rel=\"noopener\">Bande annonce<\/a><\/p>\n<p>Entrez dans le v\u00e9ritable atelier de magie du Professeur Spank ! Le c\u00e9l\u00e8bre inventeur de tours de Magie s\u2019est myst\u00e9rieusement volatilis\u00e9 depuis 1901 dans l\u2019une de ses inventions : la fameuse \u201cMachine \u00e0 disparition\u201d. Toujours pr\u00e9sent dans son atelier tel l\u2019homme invisible, le professeur Spank va partager les secrets de ses tours les plus mythiques avec Max, un jeune aventurier. Max r\u00e9ussira t-il \u00e0 relever le plus \u00e9tonnant des d\u00e9fis ? Une incroyable aventure !<\/p>\n<p><img loading=\"lazy\" decoding=\"async\" class=\"wp-image-366452 size-full aligncenter\" src=\"https:\/\/www.europesays.com\/fr\/wp-content\/uploads\/2025\/07\/0x1200x46195-or.jpg\" alt=\"Max et le grand magicien-la boussole-affiche\" width=\"300\" height=\"443\"  \/><\/p>\n<p><strong><br \/>L\u2019\u00e9quipe Artistik Rezo vous souhaite un tr\u00e8s bel \u00e9t\u00e9 !<\/strong><\/p>\n","protected":false},"excerpt":{"rendered":"L\u2019\u00e9t\u00e9 est l\u00e0, vous profitez de la capitale un peu au ralenti, de ses terrasses et parcs, des&hellip;\n","protected":false},"author":2,"featured_media":252715,"comment_status":"","ping_status":"","sticky":false,"template":"","format":"standard","meta":{"footnotes":""},"categories":[1888],"tags":[1111,11,17545,1777,674,1011,27,12,626,25,1347],"class_list":{"0":"post-252714","1":"post","2":"type-post","3":"status-publish","4":"format-standard","5":"has-post-thumbnail","7":"category-paris","8":"tag-actu","9":"tag-actualites","10":"tag-ete-2025","11":"tag-eu","12":"tag-europe","13":"tag-fr","14":"tag-france","15":"tag-news","16":"tag-paris","17":"tag-republique-francaise","18":"tag-theatre"},"share_on_mastodon":{"url":"https:\/\/pubeurope.com\/@fr\/114866019318140881","error":""},"_links":{"self":[{"href":"https:\/\/www.europesays.com\/fr\/wp-json\/wp\/v2\/posts\/252714","targetHints":{"allow":["GET"]}}],"collection":[{"href":"https:\/\/www.europesays.com\/fr\/wp-json\/wp\/v2\/posts"}],"about":[{"href":"https:\/\/www.europesays.com\/fr\/wp-json\/wp\/v2\/types\/post"}],"author":[{"embeddable":true,"href":"https:\/\/www.europesays.com\/fr\/wp-json\/wp\/v2\/users\/2"}],"replies":[{"embeddable":true,"href":"https:\/\/www.europesays.com\/fr\/wp-json\/wp\/v2\/comments?post=252714"}],"version-history":[{"count":0,"href":"https:\/\/www.europesays.com\/fr\/wp-json\/wp\/v2\/posts\/252714\/revisions"}],"wp:featuredmedia":[{"embeddable":true,"href":"https:\/\/www.europesays.com\/fr\/wp-json\/wp\/v2\/media\/252715"}],"wp:attachment":[{"href":"https:\/\/www.europesays.com\/fr\/wp-json\/wp\/v2\/media?parent=252714"}],"wp:term":[{"taxonomy":"category","embeddable":true,"href":"https:\/\/www.europesays.com\/fr\/wp-json\/wp\/v2\/categories?post=252714"},{"taxonomy":"post_tag","embeddable":true,"href":"https:\/\/www.europesays.com\/fr\/wp-json\/wp\/v2\/tags?post=252714"}],"curies":[{"name":"wp","href":"https:\/\/api.w.org\/{rel}","templated":true}]}}