{"id":252718,"date":"2025-07-17T01:39:12","date_gmt":"2025-07-17T01:39:12","guid":{"rendered":"https:\/\/www.europesays.com\/fr\/252718\/"},"modified":"2025-07-17T01:39:12","modified_gmt":"2025-07-17T01:39:12","slug":"ce-quil-faut-retenir-de-la-situation-du-mardi-15-juillet","status":"publish","type":"post","link":"https:\/\/www.europesays.com\/fr\/252718\/","title":{"rendered":"ce qu\u2019il faut retenir de la situation du mardi 15\u00a0juillet"},"content":{"rendered":"<p>Trump met en garde l\u2019Ukraine<\/p>\n<p>Donald Trump a d\u00e9clar\u00e9 mardi 15\u00a0juillet que l\u2019Ukraine\u00a0ne devrait pas prendre la capitale russe Moscou pour cible, apr\u00e8s des informations du quotidien Financial Times selon lesquelles le pr\u00e9sident am\u00e9ricain aurait encourag\u00e9 son homologue ukrainien Volodymyr Zelensky \u00e0 le faire.<\/p>\n<p>\u00ab\u00a0Non, il ne devrait pas\u00a0\u00bb, a r\u00e9pondu Donald Trump \u00e0 une question de la presse qui lui demandait si Volodymyr Zelensky devait cibler Moscou, ajoutant que Washington ne fournirait pas \u00e0 Kiev de missiles \u00e0 longue port\u00e9e. La Maison-Blanche avait auparavant d\u00e9menti les informations du Financial Times, et pr\u00e9cis\u00e9 que le pr\u00e9sident am\u00e9ricain avait seulement \u00ab\u00a0pos\u00e9 une question\u00a0\u00bb \u00e0 son homologue ukrainien.<\/p>\n<p>Armement\u00a0: Kallas appelle Trump \u00e0 \u00ab\u00a0partager le fardeau\u00a0\u00bb<\/p>\n<p>La cheffe de la diplomatie europ\u00e9enne Kaja Kallas a appel\u00e9 les Etats-Unis \u00e0 \u00ab\u00a0partager le fardeau\u00a0\u00bb du nouveau plan d\u2019armement de l\u2019Ukraine\u00a0annonc\u00e9 lundi par Donald Trump, et dont le financement doit selon lui \u00eatre assur\u00e9 par l\u2019Europe et le Canada.<\/p>\n<p>\u00ab\u00a0Nous saluons l\u2019annonce du pr\u00e9sident Trump d\u2019envoyer davantage d\u2019armes \u00e0 l\u2019Ukraine, bien que nous aimerions voir un partage du fardeau\u00a0\u00bb, a-t-elle d\u00e9clar\u00e9 \u00e0 Bruxelles devant la presse.<\/p>\n<p>Les Pays-Bas et le Danemark pr\u00eats \u00e0 acheter des armes pour l\u2019Ukraine<\/p>\n<p>Le Danemark et les Pays-Bas ont indiqu\u00e9 \u00e0 Bruxelles \u00eatre pr\u00eats \u00e0 participer au plan de Donald Trump pr\u00e9voyant l\u2019achat d\u2019armes pour l\u2019Ukraine\u00a0par l\u2019Europe.<\/p>\n<p>Le Danemark est \u00ab\u00a0absolument pr\u00eat\u00a0\u00bb \u00e0 se joindre au programme et y contribuera financi\u00e8rement, a affirm\u00e9 le ministre danois des affaires \u00e9trang\u00e8res, Lars Lokke Rasmussen, avant une r\u00e9union de ses homologues de l\u2019UE. \u00ab\u00a0Nous devons r\u00e9gler les d\u00e9tails\u00a0\u00bb, a-t-il dit.<\/p>\n<p>Son homologue n\u00e9erlandais, Caspar Veldkamp, a indiqu\u00e9 de son c\u00f4t\u00e9 que les Pays-Bas envisageaient \u00e9galement de participer. \u00ab\u00a0Nous examinerons ce que nous pouvons faire par rapport aux annonces de Donald Trump et partirons de l\u00e0\u00a0\u00bb, a-t-il d\u00e9clar\u00e9.<\/p>\n<p>L\u2019ONU demande que l\u2019invasion russe soit stopp\u00e9e \u00ab\u00a0de toute urgence\u00a0\u00bb<\/p>\n<p>L\u2019ONU a demand\u00e9 que l\u2019invasion russe \u00e0 grande \u00e9chelle en\u00a0Ukraine\u00a0soit stopp\u00e9e \u00ab\u00a0de toute urgence\u00a0\u00bb, alors que le mois de juin a \u00e9t\u00e9 le plus meurtrier pour les civils ukrainiens depuis mai 2022.<\/p>\n<p>\u00ab\u00a0L\u2019attaque arm\u00e9e \u00e0 grande \u00e9chelle de la F\u00e9d\u00e9ration de Russie contre l\u2019Ukraine\u00a0doit \u00eatre stopp\u00e9e de toute urgence et les travaux en vue d\u2019une paix durable, conforme au droit international, doivent s\u2019intensifier \u2013 une paix qui garantisse\u00a0\u00bb que les auteurs des violations des droits humains et du droit international humanitaire \u00ab\u00a0aient \u00e0 r\u00e9pondre de leurs actes\u00a0\u00bb, a d\u00e9clar\u00e9 une porte-parole du Haut-Commissariat de l\u2019ONU aux droits de l\u2019homme, Liz Throssell.<\/p>\n<p>Le Kremlin reste pr\u00eat \u00e0 n\u00e9gocier avec l\u2019Ukraine<\/p>\n<p>Le Kremlin a dit rester pr\u00eat \u00e0 n\u00e9gocier avec l\u2019Ukraine tout en disant avoir besoin de temps pour r\u00e9pondre aux d\u00e9clarations \u00ab\u00a0s\u00e9rieuses\u00a0\u00bb du pr\u00e9sident am\u00e9ricain Donald Trump, qui a donn\u00e9 50 jours \u00e0 la Russie pour mettre fin au conflit et promis des armes \u00e0 Kiev.<\/p>\n<p>\u00ab\u00a0Les d\u00e9clarations du pr\u00e9sident Trump sont tr\u00e8s s\u00e9rieuses. Nous avons bien s\u00fbr besoin de temps pour analyser ce qui a \u00e9t\u00e9 dit \u00e0 Washington et si, ou quand, le pr\u00e9sident Poutine le jugera n\u00e9cessaire, il commentera\u00a0\u00bb, a indiqu\u00e9 le porte-parole du Kremlin, <a href=\"https:\/\/www.la-croix.com\/Monde\/Russie-Dmitri-Peskov-fidele-porte-parole-Kremlin-2023-04-25-1201264884\" data-tracking=\"inpage_click\" data-tracking-action=\"suivre un lien dans l&#039;article\" data-tracking-category=\"engagement\" rel=\"nofollow noopener\" target=\"_blank\">Dmitri Peskov<\/a>, \u00e0 des journalistes. Il a ajout\u00e9 que les responsables russes restaient \u00ab\u00a0pr\u00eats\u00a0\u00bb \u00e0 n\u00e9gocier avec l\u2019Ukraine.<\/p>\n<p>16 bless\u00e9s dans une attaque de drones ukrainienne en Russie<\/p>\n<p>Une attaque de drones ukrainienne contre la ville russe de Voronej \u00e0 l\u2019ouest de la Russie a fait 16 bless\u00e9s, ont indiqu\u00e9 les autorit\u00e9s r\u00e9gionales, le minist\u00e8re de la d\u00e9fense affirmant lui avoir abattu 55 de ces engins pendant la nuit.<\/p>\n<p>L\u2019Ukraine\u00a0a pr\u00e9venu qu\u2019elle intensifierait ses frappes en Russie en r\u00e9ponse \u00e0 la multiplication ces derni\u00e8res semaines des attaques russes contre son territoire, qui ont tu\u00e9 des dizaines de civils.<\/p>\n<p>Kaja Kallas esp\u00e8re un 18e \u00ab\u00a0paquet\u00a0\u00bb de sanctions<\/p>\n<p>La cheffe de la diplomatie de l\u2019UE <a href=\"https:\/\/www.la-croix.com\/Monde\/En-Estonie-Kaja-Kallas-entre-raison-dEtat-memoire-personnelle-2023-03-06-1201257960\" data-tracking=\"inpage_click\" data-tracking-action=\"suivre un lien dans l&#039;article\" data-tracking-category=\"engagement\" rel=\"nofollow noopener\" target=\"_blank\">Kaja\u00a0Kallas<\/a>\u00a0a dit avoir bon espoir que les 27 pays membres s\u2019entendent sur un 18e \u00ab\u00a0paquet\u00a0\u00bb de sanctions contre la Russie en guerre, comprenant un nouveau plafonnement du prix du p\u00e9trole russe.<\/p>\n<p>\u00ab\u00a0Nous sommes tr\u00e8s, tr\u00e8s proches\u00a0\u00bb, d\u2019un accord, a-t-elle d\u00e9clar\u00e9 devant la presse avant une r\u00e9union \u00e0 Bruxelles des ministres des affaires \u00e9trang\u00e8res du bloc europ\u00e9en. \u00ab\u00a0J\u2019esp\u00e8re que cela aura lieu aujourd\u2019hui ou demain\u00a0\u00bb, a-t-elle ajout\u00e9.<\/p>\n<p>La Slovaquie a jusqu\u2019\u00e0 pr\u00e9sent bloqu\u00e9 l\u2019adoption de ce nouveau train de sanctions, le 18e depuis l\u2019invasion russe de l\u2019Ukraine en f\u00e9vrier\u00a02022.<\/p>\n<p>Lavrov s\u2019est entretenu avec Xi en Chine<\/p>\n<p>Le chef de la diplomatie russe Sergue\u00ef Lavrov a particip\u00e9 mardi 15\u00a0juillet \u00e0 une rencontre bilat\u00e9rale \u00e0 P\u00e9kin avec le pr\u00e9sident Xi Jinping, a rapport\u00e9 le minist\u00e8re russe des affaires \u00e9trang\u00e8res.<\/p>\n<p>Cet entretien s\u2019est d\u00e9roul\u00e9 dans le cadre de la participation de Sergue\u00ef Lavrov \u00e0 une r\u00e9union des ministres des affaires \u00e9trang\u00e8res de<a href=\"https:\/\/www.la-croix.com\/Monde\/LOrganisation-cooperation-Shanghai-outil-lutte-russo-chinoise-contre-limperialisme-americain-2022-09-15-1201233394\" data-tracking=\"inpage_click\" data-tracking-action=\"suivre un lien dans l&#039;article\" data-tracking-category=\"engagement\" rel=\"nofollow noopener\" target=\"_blank\"> l\u2019Organisation de coop\u00e9ration de Shangha\u00ef (OCS<\/a>), indique la m\u00eame source. Les deux responsables ont notamment discut\u00e9 de la pr\u00e9paration d\u2019une visite du pr\u00e9sident russe Vladimir Poutine en Chine \u00e0 l\u2019occasion d\u2019un sommet de l\u2019OCS.<\/p>\n<p>Sergue\u00ef Lavrov s\u2019\u00e9tait entretenu la veille avec son homologue chinois Wang Yi, notamment sur le dossier ukrainien et \u00ab\u00a0les relations avec les Etats-Unis\u00a0\u00bb, selon Moscou.<\/p>\n<p>La Chine, un alli\u00e9 diplomatique et \u00e9conomique de la Russie, n\u2019a jamais d\u00e9nonc\u00e9 l\u2019assaut de f\u00e9vrier\u00a02022 en\u00a0Ukraine, ni appel\u00e9 au retrait des troupes russes. Elle par ailleurs fustig\u00e9 ce mardi une \u00ab\u00a0coercition qui ne m\u00e8ne nulle part\u00a0\u00bb, apr\u00e8s la menace du pr\u00e9sident Donald Trump de taxer lourdement les partenaires commerciaux de la Russie sans arr\u00eat de l\u2019offensive en\u00a0Ukraine\u00a0d\u2019ici 50 jours.<\/p>\n<p>L\u2019Allemagne jouera un \u00ab\u00a0r\u00f4le d\u00e9cisif\u00a0\u00bb dans la livraison d\u2019armes am\u00e9ricaines<\/p>\n<p>Le chancelier allemand Friedrich Merz a d\u00e9clar\u00e9 que l\u2019Allemagne jouerait un \u00ab\u00a0r\u00f4le d\u00e9cisif\u00a0\u00bb dans un nouvel accord conclu <a href=\"https:\/\/www.la-croix.com\/suspendue-a-trump-l-otan-lui-deroule-le-tapis-rouge-20250625\" data-tracking=\"inpage_click\" data-tracking-action=\"suivre un lien dans l&#039;article\" data-tracking-category=\"engagement\" rel=\"nofollow noopener\" target=\"_blank\">entre l\u2019Otan et les Etats-Unis<\/a> pour fournir des armes \u00e0 l\u2019Ukraine, afin de contrer l\u2019invasion russe.<\/p>\n<p>Le pr\u00e9sident am\u00e9ricain Donald Trump a \u00ab\u00a0fait un pas important aujourd\u2019hui\u00a0\u00bb en autorisant la livraison d\u2019armes \u00e0 Kiev, a d\u00e9clar\u00e9 Friedrich Merz dans un communiqu\u00e9. \u00ab\u00a0Le pr\u00e9sident Trump et moi avons discut\u00e9 de cela \u00e0 plusieurs reprises au cours des derniers jours. Je lui ai assur\u00e9 que l\u2019Allemagne jouera un r\u00f4le d\u00e9cisif\u00a0\u00bb.<\/p>\n<p>Zelensky reconnaissant envers Trump<\/p>\n<p><a href=\"https:\/\/www.la-croix.com\/international\/trump-zelensky-retour-sur-cinq-rencontres-pour-comprendre-leur-relation-instable-20250625\" data-tracking=\"inpage_click\" data-tracking-action=\"suivre un lien dans l&#039;article\" data-tracking-category=\"engagement\" rel=\"nofollow noopener\" target=\"_blank\">Volodymyr Zelensky<\/a> s\u2019est dit lundi \u00ab\u00a0reconnaissant\u00a0\u00bb apr\u00e8s que son homologue am\u00e9ricain Donald Trump a autoris\u00e9 davantage de livraisons d\u2019armes \u00e0 Kiev, estimant que cette d\u00e9cision contribuerait \u00e0 \u00e9pargner des vies. \u00ab\u00a0Je suis reconnaissant au pr\u00e9sident Trump pour sa volont\u00e9 de soutenir la protection des vies de notre population\u00a0\u00bb, a-t-il d\u00e9clar\u00e9 dans son discours du soir.<\/p>\n<p>Il a par ailleurs indiqu\u00e9 qu\u2019il s\u2019\u00e9tait entretenu avec le pr\u00e9sident am\u00e9ricain pour discuter de \u00ab\u00a0solutions\u00a0\u00bb pour mieux d\u00e9fendre l\u2019Ukraine.<\/p>\n<p>L\u2019ultimatum de Trump \u00e0 la Russie<\/p>\n<p>Donald\u00a0Trump\u00a0a donn\u00e9 lundi \u00e0 la Russie un ultimatum de 50 jours pour mettre fin \u00e0 la guerre en Ukraine sous peine de sanctions s\u00e9v\u00e8res, et a annonc\u00e9 un r\u00e9armement massif de Kiev \u00e0 travers l\u2019Otan.<\/p>\n<p>Donald\u00a0Trump\u00a0s\u2019est dit \u00ab\u00a0d\u00e9\u00e7u\u00a0\u00bb par le pr\u00e9sident russe Vladimir Poutine, \u00e0 l\u2019origine de l\u2019invasion de l\u2019Ukraine en f\u00e9vrier\u00a02022. \u00ab\u00a0Je pensais que nous aurions un accord il y a deux mois, mais \u00e7a ne semble pas se concr\u00e9tiser\u00a0\u00bb, a-t-il dit \u00e0 la Maison-Blanche, au c\u00f4t\u00e9 du <a href=\"https:\/\/www.la-croix.com\/international\/otan-mark-rutte-un-as-du-compromis-a-la-tete-d-une-alliance-militaire-20240621\" data-tracking=\"inpage_click\" data-tracking-action=\"suivre un lien dans l&#039;article\" data-tracking-category=\"engagement\" rel=\"nofollow noopener\" target=\"_blank\">secr\u00e9taire g\u00e9n\u00e9ral de l\u2019Otan, Mark Rutte<\/a>.<\/p>\n","protected":false},"excerpt":{"rendered":"Trump met en garde l\u2019Ukraine Donald Trump a d\u00e9clar\u00e9 mardi 15\u00a0juillet que l\u2019Ukraine\u00a0ne devrait pas prendre la capitale&hellip;\n","protected":false},"author":2,"featured_media":252719,"comment_status":"","ping_status":"","sticky":false,"template":"","format":"standard","meta":{"footnotes":""},"categories":[1591],"tags":[11,1887,12,1885,1886,132],"class_list":{"0":"post-252718","1":"post","2":"type-post","3":"status-publish","4":"format-standard","5":"has-post-thumbnail","7":"category-russie","8":"tag-actualites","9":"tag-federation-de-russie","10":"tag-news","11":"tag-russia","12":"tag-russian-federation","13":"tag-russie"},"share_on_mastodon":{"url":"https:\/\/pubeurope.com\/@fr\/114866026179480768","error":""},"_links":{"self":[{"href":"https:\/\/www.europesays.com\/fr\/wp-json\/wp\/v2\/posts\/252718","targetHints":{"allow":["GET"]}}],"collection":[{"href":"https:\/\/www.europesays.com\/fr\/wp-json\/wp\/v2\/posts"}],"about":[{"href":"https:\/\/www.europesays.com\/fr\/wp-json\/wp\/v2\/types\/post"}],"author":[{"embeddable":true,"href":"https:\/\/www.europesays.com\/fr\/wp-json\/wp\/v2\/users\/2"}],"replies":[{"embeddable":true,"href":"https:\/\/www.europesays.com\/fr\/wp-json\/wp\/v2\/comments?post=252718"}],"version-history":[{"count":0,"href":"https:\/\/www.europesays.com\/fr\/wp-json\/wp\/v2\/posts\/252718\/revisions"}],"wp:featuredmedia":[{"embeddable":true,"href":"https:\/\/www.europesays.com\/fr\/wp-json\/wp\/v2\/media\/252719"}],"wp:attachment":[{"href":"https:\/\/www.europesays.com\/fr\/wp-json\/wp\/v2\/media?parent=252718"}],"wp:term":[{"taxonomy":"category","embeddable":true,"href":"https:\/\/www.europesays.com\/fr\/wp-json\/wp\/v2\/categories?post=252718"},{"taxonomy":"post_tag","embeddable":true,"href":"https:\/\/www.europesays.com\/fr\/wp-json\/wp\/v2\/tags?post=252718"}],"curies":[{"name":"wp","href":"https:\/\/api.w.org\/{rel}","templated":true}]}}