{"id":252722,"date":"2025-07-17T01:41:11","date_gmt":"2025-07-17T01:41:11","guid":{"rendered":"https:\/\/www.europesays.com\/fr\/252722\/"},"modified":"2025-07-17T01:41:11","modified_gmt":"2025-07-17T01:41:11","slug":"les-usa-proches-dun-accord-commercial-avec-linde-un-accord-avec-lue-est-possible-dit-trump-17-07-2025-a-0156","status":"publish","type":"post","link":"https:\/\/www.europesays.com\/fr\/252722\/","title":{"rendered":"Les USA proches d&rsquo;un accord commercial avec l&rsquo;Inde, un accord avec l&rsquo;UE est possible, dit Trump &#8211; 17\/07\/2025 \u00e0 01:56"},"content":{"rendered":"<p>\n par Jasper Ward et Ismail Shakil\n<\/p>\n<p>\n Les Etats-Unis sont<br \/>\ntr\u00e8s proches de conclure un accord commercial avec l&rsquo;Inde, et un<br \/>\naccord pourrait \u00eatre trouv\u00e9 avec l&rsquo;Union europ\u00e9enne, a d\u00e9clar\u00e9<br \/>\nle pr\u00e9sident am\u00e9ricain Donald Trump lors d&rsquo;une interview<br \/>\ndiffus\u00e9e mercredi.\n<\/p>\n<p>\n \u00ab\u00a0Nous sommes tr\u00e8s proches de l&rsquo;Inde et nous pourrions<br \/>\n\u00e9ventuellement conclure un accord avec l&rsquo;Union europ\u00e9enne\u00a0\u00bb, a<br \/>\ndit Donald Trump alors qu&rsquo;il \u00e9tait interrog\u00e9 sur les accords<br \/>\ncommerciaux qui pourraient \u00eatre conclus prochainement.\n<\/p>\n<p>\n Les d\u00e9clarations du locataire de la Maison blanche<br \/>\ninterviennent alors que le commissaire europ\u00e9en au Commerce,<br \/>\nMaros Sefcovic, \u00e9tait en route mercredi pour Washington o\u00f9 il<br \/>\ndoit participer \u00e0 des discussions sur les droits de douane.\n<\/p>\n<p>\n Une d\u00e9l\u00e9gation indienne est arriv\u00e9e lundi \u00e0 Washington pour<br \/>\nde nouvelles discussions commerciales.\n<\/p>\n<p>\n \u00ab\u00a0L&rsquo;Union europ\u00e9enne a \u00e9t\u00e9 brutale, et maintenant elle est<br \/>\ntr\u00e8s gentille. Elle veut conclure un accord, et il sera tr\u00e8s<br \/>\ndiff\u00e9rent de celui que nous avons depuis des ann\u00e9es\u00a0\u00bb, a ajout\u00e9<br \/>\nDonald Trump.\n<\/p>\n<p>\n Interrog\u00e9 sur les perspectives d&rsquo;un accord avec le Canada,<br \/>\nle pr\u00e9sident am\u00e9ricain a r\u00e9pondu qu&rsquo;il \u00e9tait \u00ab\u00a0trop t\u00f4t pour le<br \/>\ndire\u00a0\u00bb.\n<\/p>\n<p>\n (Jasper Ward et Ismail Shakil; version fran\u00e7aise Camille<br \/>\nRaynaud)<\/p>\n","protected":false},"excerpt":{"rendered":"par Jasper Ward et Ismail Shakil Les Etats-Unis sont tr\u00e8s proches de conclure un accord commercial avec l&rsquo;Inde,&hellip;\n","protected":false},"author":2,"featured_media":17400,"comment_status":"","ping_status":"","sticky":false,"template":"","format":"standard","meta":{"footnotes":""},"categories":[1589],"tags":[400,11,398,408,405,73,1866,403,402,399,404,12,401,406,1864,1865,1863,308,407],"class_list":{"0":"post-252722","1":"post","2":"type-post","3":"status-publish","4":"format-standard","5":"has-post-thumbnail","7":"category-etats-unis","8":"tag-action-cac-40","9":"tag-actualites","10":"tag-bourse-de-paris","11":"tag-boursorama","12":"tag-cotations","13":"tag-etats-unis","14":"tag-etats-unis-damerique","15":"tag-indices-devises","16":"tag-investir","17":"tag-investissement","18":"tag-marche-boursier","19":"tag-news","20":"tag-sicav","21":"tag-trackers","22":"tag-united-states","23":"tag-united-states-of-america","24":"tag-us","25":"tag-usa","26":"tag-warrants"},"share_on_mastodon":{"url":"https:\/\/pubeurope.com\/@fr\/114866034065480263","error":""},"_links":{"self":[{"href":"https:\/\/www.europesays.com\/fr\/wp-json\/wp\/v2\/posts\/252722","targetHints":{"allow":["GET"]}}],"collection":[{"href":"https:\/\/www.europesays.com\/fr\/wp-json\/wp\/v2\/posts"}],"about":[{"href":"https:\/\/www.europesays.com\/fr\/wp-json\/wp\/v2\/types\/post"}],"author":[{"embeddable":true,"href":"https:\/\/www.europesays.com\/fr\/wp-json\/wp\/v2\/users\/2"}],"replies":[{"embeddable":true,"href":"https:\/\/www.europesays.com\/fr\/wp-json\/wp\/v2\/comments?post=252722"}],"version-history":[{"count":0,"href":"https:\/\/www.europesays.com\/fr\/wp-json\/wp\/v2\/posts\/252722\/revisions"}],"wp:featuredmedia":[{"embeddable":true,"href":"https:\/\/www.europesays.com\/fr\/wp-json\/wp\/v2\/media\/17400"}],"wp:attachment":[{"href":"https:\/\/www.europesays.com\/fr\/wp-json\/wp\/v2\/media?parent=252722"}],"wp:term":[{"taxonomy":"category","embeddable":true,"href":"https:\/\/www.europesays.com\/fr\/wp-json\/wp\/v2\/categories?post=252722"},{"taxonomy":"post_tag","embeddable":true,"href":"https:\/\/www.europesays.com\/fr\/wp-json\/wp\/v2\/tags?post=252722"}],"curies":[{"name":"wp","href":"https:\/\/api.w.org\/{rel}","templated":true}]}}