{"id":252723,"date":"2025-07-17T01:42:12","date_gmt":"2025-07-17T01:42:12","guid":{"rendered":"https:\/\/www.europesays.com\/fr\/252723\/"},"modified":"2025-07-17T01:42:12","modified_gmt":"2025-07-17T01:42:12","slug":"trois-ans-apres-sa-disparition-le-bonus-ecologique-revient-au-royaume-uni-2","status":"publish","type":"post","link":"https:\/\/www.europesays.com\/fr\/252723\/","title":{"rendered":"Trois ans apr\u00e8s sa disparition, le bonus \u00e9cologique revient au Royaume-Uni"},"content":{"rendered":"<p>\nPartir pour mieux revenir\u00a0? Alors qu\u2019il avait disparu en 2022, le <a href=\"https:\/\/www.auto-infos.fr\/bonus-ecologique\/\" rel=\"nofollow noopener\" target=\"_blank\"><strong>bonus \u00e9cologique <\/strong><\/a>vient d\u2019\u00eatre relanc\u00e9 au <strong>Royaume-Uni<\/strong>. Trois ans plus t\u00f4t, le gouvernement britannique avait en effet proc\u00e9d\u00e9 \u00e0 la suppression des toutes les aides \u00e0 l\u2019achat de <a href=\"https:\/\/www.auto-infos.fr\/vehicules-electriques\/\" rel=\"nofollow noopener\" target=\"_blank\"><strong>v\u00e9hicule \u00e9lectrique <\/strong><\/a>sur le territoire, estimant que le march\u00e9 des BEV \u00e9tait d\u00e9j\u00e0 assez mature pour n\u00e9cessiter de ce coup de pouce. Mais depuis, la demande pour des v\u00e9hicules \u00e9lectriques a contraint le gouvernement \u00e0 revoir ses plans.<\/p>\n<p>&gt;&gt; \u00c0 LIRE AUSSI :\u00a0<a href=\"http:\/\/auto-infos.fr\/article\/le-loueur-alphabet-met-lui-aussi-en-place-les-cee.287934\" rel=\"nofollow noopener\" target=\"_blank\"><strong>Le loueur Alphabet met lui aussi en place les CEE<\/strong><\/a><\/p>\n<p>\n\u00a0<\/p>\n<p><strong>Un bonus revu \u00e0 la hausse<\/strong><\/p>\n<p>\nCe mardi, le premier ministre du Royaume-Uni <strong>Keir Starmer <\/strong>a donc annonc\u00e9 la mise en place d\u2019un <strong>nouveau programme de subventions <\/strong>estim\u00e9 \u00e0 <strong>650 millions de livres, soit environ 750 millions d\u2019euros<\/strong>, d\u2019ici l\u2019ann\u00e9e 2029. Le montant de ce bonus sera au maximum de <strong>3750 livres, soit environ 4330 euros<\/strong>, par v\u00e9hicule. L\u2019une des conditions d\u2019application du bonus est que le mod\u00e8le choisi ne d\u00e9passe pas <strong>37 000 livres (42 735 euros)<\/strong>. L\u2019ancien bonus concernait seulement les v\u00e9hicules dont le prix \u00e9tait de 32 000 livres maximum, et l\u2019aide accord\u00e9e n\u2019\u00e9tait que de 1500 livres, soit environ <strong>1732 euros<\/strong>.<\/p>\n<p><strong>Plus que 5 ans pour le thermique<\/strong><\/p>\n<p>\nLes autres crit\u00e8res, dont les d\u00e9tails n\u2019ont pas encore \u00e9t\u00e9 d\u00e9voil\u00e9s, concerneront les \u00e9missions de CO2 lors de la production des v\u00e9hicules ou encore la m\u00e9thode de fabrication de ces derniers. La liste des v\u00e9hicules \u00e9ligibles au bonus britannique devrait rapidement \u00eatre publi\u00e9e puis mise \u00e0 jour r\u00e9guli\u00e8rement. L\u2019objectif du gouvernement est d\u2019acc\u00e9l\u00e9rer la transition \u00e9nerg\u00e9tique outre-Manche, o\u00f9 <strong>la part de march\u00e9 des BEV d\u00e9passe les 20 %<\/strong> en 2025. Les objectifs fix\u00e9s au Royaume-Uni interdiront la vente de <strong>v\u00e9hicules thermiques<\/strong> <strong>\u00e0 partir de l\u2019ann\u00e9e 2030<\/strong>. La vente de <strong>v\u00e9hicules hybrides <\/strong>est quant \u00e0 elle autoris\u00e9e jusqu\u2019en 2035.<\/p>\n<p>&gt;&gt; \u00c0 LIRE AUSSI :\u00a0<a href=\"https:\/\/www.auto-infos.fr\/article\/le-bonus-ecologique-augmente-a-partir-du-1er-juillet.287811\" rel=\"nofollow noopener\" target=\"_blank\"><strong>Le bonus \u00e9cologique augmente \u00e0 partir du 1er juillet<\/strong><\/a><\/p>\n<p>\n\u00a0<\/p>\n<p><strong>Relancer le VE<\/strong><\/p>\n<p>\nLes demandes de ce nouveau bonus \u00e9cologique sont ouvertes depuis ce <strong>mercredi 16 juillet<\/strong>, leur entr\u00e9e en vigueur dans les concessions se fera de mani\u00e8re progressive \u00e0 partir du mois d\u2019ao\u00fbt. \u00a0Ce dispositif vise \u00e0 <strong>relancer la demande pour des v\u00e9hicules 100 % \u00e9lectriques<\/strong>, notamment aupr\u00e8s des particuliers.<\/p>\n","protected":false},"excerpt":{"rendered":"Partir pour mieux revenir\u00a0? Alors qu\u2019il avait disparu en 2022, le bonus \u00e9cologique vient d\u2019\u00eatre relanc\u00e9 au Royaume-Uni.&hellip;\n","protected":false},"author":2,"featured_media":251946,"comment_status":"","ping_status":"","sticky":false,"template":"","format":"standard","meta":{"footnotes":""},"categories":[1588],"tags":[11,28691,28688,39212,2105,1777,674,12,473,1853,4426,1851,1850,1852,7727,9983],"class_list":{"0":"post-252723","1":"post","2":"type-post","3":"status-publish","4":"format-standard","5":"has-post-thumbnail","7":"category-royaume-uni","8":"tag-actualites","9":"tag-aides-financieres","10":"tag-bonus-ecologique","11":"tag-bonus-ecologique-pour-vehicules-electriques","12":"tag-distribution","13":"tag-eu","14":"tag-europe","15":"tag-news","16":"tag-royaume-uni","17":"tag-royaume-uni-de-grande-bretagne-et-dirlande-du-nord","18":"tag-transition-energetique","19":"tag-uk","20":"tag-united-kingdom","21":"tag-united-kingdom-of-great-britain-and-northern-ireland","22":"tag-vehicules","23":"tag-vehicules-electriques"},"share_on_mastodon":{"url":"https:\/\/pubeurope.com\/@fr\/114866037913325223","error":""},"_links":{"self":[{"href":"https:\/\/www.europesays.com\/fr\/wp-json\/wp\/v2\/posts\/252723","targetHints":{"allow":["GET"]}}],"collection":[{"href":"https:\/\/www.europesays.com\/fr\/wp-json\/wp\/v2\/posts"}],"about":[{"href":"https:\/\/www.europesays.com\/fr\/wp-json\/wp\/v2\/types\/post"}],"author":[{"embeddable":true,"href":"https:\/\/www.europesays.com\/fr\/wp-json\/wp\/v2\/users\/2"}],"replies":[{"embeddable":true,"href":"https:\/\/www.europesays.com\/fr\/wp-json\/wp\/v2\/comments?post=252723"}],"version-history":[{"count":0,"href":"https:\/\/www.europesays.com\/fr\/wp-json\/wp\/v2\/posts\/252723\/revisions"}],"wp:featuredmedia":[{"embeddable":true,"href":"https:\/\/www.europesays.com\/fr\/wp-json\/wp\/v2\/media\/251946"}],"wp:attachment":[{"href":"https:\/\/www.europesays.com\/fr\/wp-json\/wp\/v2\/media?parent=252723"}],"wp:term":[{"taxonomy":"category","embeddable":true,"href":"https:\/\/www.europesays.com\/fr\/wp-json\/wp\/v2\/categories?post=252723"},{"taxonomy":"post_tag","embeddable":true,"href":"https:\/\/www.europesays.com\/fr\/wp-json\/wp\/v2\/tags?post=252723"}],"curies":[{"name":"wp","href":"https:\/\/api.w.org\/{rel}","templated":true}]}}