{"id":252724,"date":"2025-07-17T01:43:11","date_gmt":"2025-07-17T01:43:11","guid":{"rendered":"https:\/\/www.europesays.com\/fr\/252724\/"},"modified":"2025-07-17T01:43:11","modified_gmt":"2025-07-17T01:43:11","slug":"tv-france-allemagne-a-quelle-heure-et-sur-quelle-chaine","status":"publish","type":"post","link":"https:\/\/www.europesays.com\/fr\/252724\/","title":{"rendered":"TV : France &#8211; Allemagne, \u00e0 quelle heure et sur quelle cha\u00eene ?"},"content":{"rendered":"<p><strong>Vainqueur de son groupe D avec trois victoires en trois matchs, l&rsquo;Equipe de France f\u00e9minine poursuit son Euro f\u00e9minin avec un quart de finale tr\u00e8s attendu contre l&rsquo;Allemagne, deuxi\u00e8me du groupe C.<\/strong><\/p>\n<p><strong>Quelle heure pour France &#8211; Allemagne ?<\/strong><\/p>\n<p>Tr\u00e8s convaincante lors du premier tour de cet Euro f\u00e9minin 2025, l&rsquo;Equipe de France d\u00e9marre sa phase \u00e0 \u00e9limination directe contre son bourreau du dernier Euro en 2022 l&rsquo;Allemagne. Les Allemandes avaient vaincu les Bleues 2-1 en demi-finale. L&rsquo;heure de la revanche a sonn\u00e9 et elle est programm\u00e9e pour <strong>samedi 19 juillet \u00e0 21h00<\/strong> au Parc Saint-Jacques de B\u00e2le en Suisse. 2000 supporters fran\u00e7ais seront pr\u00e9sents avec des places acquises en moins de trois heures.<\/p>\n<p><strong>Sur quelle cha\u00eene suivre France &#8211; Allemagne ?<\/strong><\/p>\n<p>Apr\u00e8s \u00eatre pass\u00e9e au second plan dimanche avec la finale de la Coupe du monde des clubs Chelsea-PSG, l&rsquo;Equipe de France f\u00e9minine fait son retour chez le principal diffuseur de l&rsquo;Euro 2025. Ce quart de finale France &#8211; Allemagne sera diffus\u00e9 en clair sur <strong>TF1<\/strong> avec le duo Gr\u00e9goire Margotton-Bixente Lizarazu aux commentaires. De quoi assurer une belle audience aux Bleues, tr\u00e8s int\u00e9ressantes dans le jeu et dans les r\u00e9sultats depuis le d\u00e9but du tournoi.<\/p>\n<p><strong>Les compos probables de France &#8211; Allemagne ?<\/strong><\/p>\n<p>Pour le s\u00e9lectionneur Laurent Bonadei, difficile de changer une \u00e9quipe qui gagne. Le onze fran\u00e7ais devrait \u00eatre identique ou presque \u00e0 celui align\u00e9 contre l&rsquo;Angleterre et les Pays-Bas, les deux chocs victorieux du premier tour. La v\u00e9ritable interrogation sera sur la composition de la d\u00e9fense centrale puisque la capitaine Griedge Mbock est remis de sa blessure au mollet.<\/p>\n<p>Compo probable de la France : Peyraud-Magnin &#8211; Bacha, Mbock, Lakrar, De Almeida &#8211; Karchaoui, Toletti, Jean-Fran\u00e7ois &#8211; Baltimore, Katoto, D.Cascarino<\/p>\n<p>Ecras\u00e9e 4-1 par la Su\u00e8de lors de son dernier match de poules, l&rsquo;Allemagne est dans le doute sur le plan d\u00e9fensif. Le s\u00e9lectionneur Christian W\u00fcck sera tent\u00e9 de changer ses quatre joueuses derri\u00e8re. L&rsquo;arri\u00e8re droite sera forc\u00e9ment une nouvelle joueuse avec la blessure au genou de Giulia Gwinn et la suspension de sa rempla\u00e7ante Carlotta Wamser, exclue contre la Su\u00e8de pour une main volontaire. Ce sera plus calme en attaque.<\/p>\n<p>Compo probable de l&rsquo;Allemagne : Berger &#8211; Linder, Knaak, Minge, Hendrich &#8211; Senss, N\u00fcsken &#8211; B\u00fchl, Dallmann, Brand &#8211; Sch\u00fcller<\/p>\n","protected":false},"excerpt":{"rendered":"Vainqueur de son groupe D avec trois victoires en trois matchs, l&rsquo;Equipe de France f\u00e9minine poursuit son Euro&hellip;\n","protected":false},"author":2,"featured_media":252725,"comment_status":"","ping_status":"","sticky":false,"template":"","format":"standard","meta":{"footnotes":""},"categories":[1587],"tags":[11,672,1804,1805,1803,1777,674,1801,12,1802],"class_list":{"0":"post-252724","1":"post","2":"type-post","3":"status-publish","4":"format-standard","5":"has-post-thumbnail","7":"category-allemagne","8":"tag-actualites","9":"tag-allemagne","10":"tag-bundesrepublik-deutschland","11":"tag-de","12":"tag-deutschland","13":"tag-eu","14":"tag-europe","15":"tag-germany","16":"tag-news","17":"tag-republique-federale-dallemagne"},"share_on_mastodon":{"url":"https:\/\/pubeurope.com\/@fr\/114866041825466445","error":""},"_links":{"self":[{"href":"https:\/\/www.europesays.com\/fr\/wp-json\/wp\/v2\/posts\/252724","targetHints":{"allow":["GET"]}}],"collection":[{"href":"https:\/\/www.europesays.com\/fr\/wp-json\/wp\/v2\/posts"}],"about":[{"href":"https:\/\/www.europesays.com\/fr\/wp-json\/wp\/v2\/types\/post"}],"author":[{"embeddable":true,"href":"https:\/\/www.europesays.com\/fr\/wp-json\/wp\/v2\/users\/2"}],"replies":[{"embeddable":true,"href":"https:\/\/www.europesays.com\/fr\/wp-json\/wp\/v2\/comments?post=252724"}],"version-history":[{"count":0,"href":"https:\/\/www.europesays.com\/fr\/wp-json\/wp\/v2\/posts\/252724\/revisions"}],"wp:featuredmedia":[{"embeddable":true,"href":"https:\/\/www.europesays.com\/fr\/wp-json\/wp\/v2\/media\/252725"}],"wp:attachment":[{"href":"https:\/\/www.europesays.com\/fr\/wp-json\/wp\/v2\/media?parent=252724"}],"wp:term":[{"taxonomy":"category","embeddable":true,"href":"https:\/\/www.europesays.com\/fr\/wp-json\/wp\/v2\/categories?post=252724"},{"taxonomy":"post_tag","embeddable":true,"href":"https:\/\/www.europesays.com\/fr\/wp-json\/wp\/v2\/tags?post=252724"}],"curies":[{"name":"wp","href":"https:\/\/api.w.org\/{rel}","templated":true}]}}